{"id":4737,"date":"2021-02-09T12:37:55","date_gmt":"2021-02-09T12:37:55","guid":{"rendered":"https:\/\/dypall.com\/?p=4737"},"modified":"2021-02-09T12:37:55","modified_gmt":"2021-02-09T12:37:55","slug":"to-the-point-on-youth-e-participation","status":"publish","type":"post","link":"https:\/\/dypall.com\/fi\/activity\/to-the-point-on-youth-e-participation\/","title":{"rendered":"Nuorisoalan verkko-osallistuminen"},"content":{"rendered":"<p><a href=\"https:\/\/dypall.com\/fi\/2021\/02\/11\/to-the-point-on-youth-e-participation\/picture_poster-3_to-the-point\/#main\" rel=\"attachment wp-att-4738\"><img loading=\"lazy\" decoding=\"async\" class=\"aligncenter size-large wp-image-4738\" src=\"https:\/\/dypall.com\/wp-content\/uploads\/2021\/02\/Picture_Poster-3_To-the-Point-1024x576.png\" alt=\"\" width=\"1024\" height=\"576\" \/><\/a><\/p>\n<p>T\u00e4n\u00e4\u00e4n tapasimme verkossa DYPALL-verkoston j\u00e4seni\u00e4 kolmannen painoksen aikana. <strong>POINT sarja hetki\u00e4 nuorten osallistumisesta.\u00a0<\/strong>T\u00e4ll\u00e4 kertaa meill\u00e4 oli lyhyt esittely <strong>nuorten s\u00e4hk\u00f6inen osallistuminen<\/strong> ja saimme mielenkiintoisen kokemuksen s\u00e4hk\u00f6isest\u00e4 osallistumisesta Kobuletin kunnan paikalliseen nuorisoneuvostoon, jonka meille toimitti <strong>David Jinjikhadze<\/strong> alkaen <strong>Nuoriso-Horisontti <\/strong>(Georgia).<\/p>\n<p>Kobuletin kunnan paikallinen verkko-osallistumishanke on osa Erasmus+ -ohjelmaa <a style=\"color: #0000ff;\" href=\"https:\/\/digy-project.eu\/\">DIGY-hanke<\/a>, jonka tavoitteena on tarjota p\u00e4tevyytt\u00e4 ja valmiuksien kehitt\u00e4mist\u00e4 nuorten osallistumista koskevien digitaalisten hankkeiden alullepanijoille. Osana hanketta on OPIN-yhteis\u00f6, joka j\u00e4rjest\u00e4\u00e4 kerran kuukaudessa verkkokokouksia, joissa vaihdetaan ajatuksia, hyvi\u00e4 k\u00e4yt\u00e4nt\u00f6j\u00e4 ja kysymyksi\u00e4 nuorten s\u00e4hk\u00f6isest\u00e4 osallistumisesta. Voit ilmoittautua s\u00e4\u00e4nn\u00f6llisesti kokouksiin t\u00e4\u00e4ll\u00e4: <a style=\"color: #0000ff;\" href=\"https:\/\/digy-project.eu\/eparticipation-on-opin\/community-join\/\" data-saferedirecturl=\"https:\/\/digy-project.eu\/eparticipation-on-opin\/community-join\/\">https:\/\/digy-project.eu\/eparticipation-on-opin\/community-join\/<\/a>.<\/p>\n<p>Lue lis\u00e4\u00e4 nuorten s\u00e4hk\u00f6iseen osallistumiseen liittyvist\u00e4 hyvist\u00e4 k\u00e4yt\u00e4nn\u00f6ist\u00e4, ty\u00f6kaluista ja kokemuksista.\u00a0<a style=\"color: #0000ff;\" href=\"https:\/\/u.pcloud.link\/publink\/show?code=XZ2UMhXZ8kDMuwMEKXRXC54rXJ1IjbO6WQLy\" target=\"_blank\" rel=\"noopener noreferrer\">Raportti\u00a0<span class=\"il\">opiskelu<\/span>\u00a0<span class=\"il\">istunto<\/span>\u00a0\u201dW(e-)<wbr \/>osallistuminen \u2013 Digitaalisen innovoinnin hy\u00f6dynt\u00e4minen nuorten osallistumisessa paikallistasolla.\u201d<\/a><\/p>\n<p><strong>Pisteeseen<\/strong> onko <strong>sarja online-hetki\u00e4<\/strong>, jossa me tai kutsutut asiantuntijat annamme arvokkaan panoksen nuorten osallistumiseen. Tammikuun 12. p\u00e4iv\u00e4st\u00e4 2021 alkaen tapaamme joka toinen viikko, vain tunnin ajan sy\u00f6tteit\u00e4, kysymyksi\u00e4 ja verkostoitumista.<\/p>\n<p>Seuraavia kokouksia varten valmistelimme:<\/p>\n<ul>\n<li>YHTEYSTIEDOT\u00a0<span class=\"il\">Kohta<\/span> k\u00e4yt\u00e4nn\u00f6n v\u00e4lineist\u00e4 nuorten avustamiseksi verkossa \u2013 23.2.2021 (klo 10.00 Keski-Euroopan aikaa) <a style=\"color: #0000ff;\" href=\"https:\/\/us02web.zoom.us\/meeting\/register\/tZUtfuGrpzsvH9wQq-1w_NpfkPGLBZPsL7Lc\">REKISTER\u00d6IDY<\/a><\/li>\n<li><span class=\"il\">TO<\/span>\u00a0<span class=\"il\">TEHT\u00c4V\u00c4N<\/span>\u00a0<span class=\"il\">Kohta<\/span>\u00a0paikallisen nuorisostrategian laatimisesta \u2013 9.3.2021 (klo 10.00 Keski-Euroopan aikaa)<\/li>\n<\/ul>\n<p>\u00c4l\u00e4 missaa sit\u00e4!<\/p>\n<div class=\"o9v6fnle cxmmr5t8 oygrvhab hcukyx3x c1et5uql ii04i59q\">\n<div dir=\"auto\">\n<\/div>\n<div dir=\"auto\"><a href=\"https:\/\/dypall.com\/fi\/2021\/02\/11\/to-the-point-on-youth-e-participation\/3-7\/#main\" rel=\"attachment wp-att-4741\"><img loading=\"lazy\" decoding=\"async\" class=\"aligncenter size-large wp-image-4741\" src=\"https:\/\/dypall.com\/wp-content\/uploads\/2021\/02\/3-1024x576.jpeg\" alt=\"\" width=\"1024\" height=\"576\" \/><\/a><\/div>\n<div dir=\"auto\"><a href=\"https:\/\/dypall.com\/fi\/2021\/02\/11\/to-the-point-on-youth-e-participation\/4-8\/#main\" rel=\"attachment wp-att-4742\"><img loading=\"lazy\" decoding=\"async\" class=\"aligncenter size-large wp-image-4742\" src=\"https:\/\/dypall.com\/wp-content\/uploads\/2021\/02\/4-1024x576.jpeg\" alt=\"\" width=\"1024\" height=\"576\" \/><\/a><\/div>\n<div dir=\"auto\"><a href=\"https:\/\/dypall.com\/fi\/2021\/02\/11\/to-the-point-on-youth-e-participation\/5-11\/#main\" rel=\"attachment wp-att-4743\"><img loading=\"lazy\" decoding=\"async\" class=\"aligncenter size-large wp-image-4743\" src=\"https:\/\/dypall.com\/wp-content\/uploads\/2021\/02\/5-1024x576.jpeg\" alt=\"\" width=\"1024\" height=\"576\" \/><\/a><\/div>\n<div dir=\"auto\"><a href=\"https:\/\/dypall.com\/fi\/2021\/02\/11\/to-the-point-on-youth-e-participation\/7-5\/#main\" rel=\"attachment wp-att-4744\"><img loading=\"lazy\" decoding=\"async\" class=\"aligncenter size-large wp-image-4744\" src=\"https:\/\/dypall.com\/wp-content\/uploads\/2021\/02\/7-1024x576.jpeg\" alt=\"\" width=\"1024\" height=\"576\" \/><\/a><\/div>\n<div dir=\"auto\"><a href=\"https:\/\/dypall.com\/fi\/highlights\/efwf\/attachment\/8\/\" rel=\"attachment wp-att-4745\"><img loading=\"lazy\" decoding=\"async\" class=\"aligncenter size-large wp-image-4745\" src=\"https:\/\/dypall.com\/wp-content\/uploads\/2021\/02\/8-e1613046900513-1024x529.jpeg\" alt=\"\" width=\"1024\" height=\"529\" \/><\/a><\/div>\n<\/div>\n<p>&nbsp;<\/p>","protected":false},"excerpt":{"rendered":"<p>Tapasimme t\u00e4n\u00e4\u00e4n verkossa DYPALL-verkoston j\u00e4seni\u00e4 kolmannen kerran nuorten osallistumista k\u00e4sittelev\u00e4ss\u00e4 TO THE POINT -tapahtumasarjassamme.\u00a0T\u00e4ll\u00e4 kertaa meill\u00e4 oli lyhyt esittely nuorten s\u00e4hk\u00f6isest\u00e4 osallistumisesta ja opimme mielenkiintoisesta kokemuksesta s\u00e4hk\u00f6isest\u00e4 osallistumisesta Kobuletin kunnan paikallisessa nuorisoneuvostossa, jonka David toimitti meille... <a class=\"more-link\" href=\"https:\/\/dypall.com\/fi\/activity\/to-the-point-on-youth-e-participation\/\">Jatka lukemista <span class=\"screen-reader-text\">Nuorisoalan verkko-osallistuminen<\/span><\/a><\/p>","protected":false},"author":2,"featured_media":4739,"comment_status":"closed","ping_status":"open","sticky":false,"template":"","format":"standard","meta":{"_acf_changed":false,"_jetpack_memberships_contains_paid_content":false,"footnotes":""},"categories":[111,128],"tags":[],"class_list":["post-4737","post","type-post","status-publish","format-standard","has-post-thumbnail","hentry","category-activity","category-goodpractice","entry"],"acf":[],"yoast_head":"<!-- This site is optimized with the Yoast SEO plugin v22.8 - https:\/\/yoast.com\/wordpress\/plugins\/seo\/ -->\n<title>TO THE POINT on youth e-participation - DYPALL Network<\/title>\n<meta name=\"robots\" content=\"index, follow, max-snippet:-1, max-image-preview:large, max-video-preview:-1\" \/>\n<link rel=\"canonical\" href=\"https:\/\/dypall.com\/fi\/activity\/to-the-point-on-youth-e-participation\/\" \/>\n<meta property=\"og:locale\" content=\"fi_FI\" \/>\n<meta property=\"og:type\" content=\"article\" \/>\n<meta property=\"og:title\" content=\"TO THE POINT on youth e-participation - DYPALL Network\" \/>\n<meta property=\"og:description\" content=\"Today we met online with members of DYPALL Network for the third edition of our TO THE POINT series of moments on youth participation.\u00a0This time we had a brief introduction to youth e-participation and we learned about an interesting experience with e-participation in a local youth council from Kobuleti Municipality, delivered to us by David&hellip; Jatka lukemista TO THE POINT on youth e-participation\" \/>\n<meta property=\"og:url\" content=\"https:\/\/dypall.com\/fi\/activity\/to-the-point-on-youth-e-participation\/\" \/>\n<meta property=\"og:site_name\" content=\"DYPALL Network\" \/>\n<meta property=\"article:published_time\" content=\"2021-02-09T12:37:55+00:00\" \/>\n<meta name=\"author\" content=\"dypall\" \/>\n<meta name=\"twitter:card\" content=\"summary_large_image\" \/>\n<meta name=\"twitter:label1\" content=\"Written by\" \/>\n\t<meta name=\"twitter:data1\" content=\"dypall\" \/>\n\t<meta name=\"twitter:label2\" content=\"Est. reading time\" \/>\n\t<meta name=\"twitter:data2\" content=\"1 minuutti\" \/>\n<script type=\"application\/ld+json\" class=\"yoast-schema-graph\">{\"@context\":\"https:\/\/schema.org\",\"@graph\":[{\"@type\":\"WebPage\",\"@id\":\"https:\/\/dypall.com\/activity\/to-the-point-on-youth-e-participation\/\",\"url\":\"https:\/\/dypall.com\/activity\/to-the-point-on-youth-e-participation\/\",\"name\":\"TO THE POINT on youth e-participation - DYPALL Network\",\"isPartOf\":{\"@id\":\"https:\/\/dypall.com\/#website\"},\"primaryImageOfPage\":{\"@id\":\"https:\/\/dypall.com\/activity\/to-the-point-on-youth-e-participation\/#primaryimage\"},\"image\":{\"@id\":\"https:\/\/dypall.com\/activity\/to-the-point-on-youth-e-participation\/#primaryimage\"},\"thumbnailUrl\":\"\",\"datePublished\":\"2021-02-09T12:37:55+00:00\",\"dateModified\":\"2021-02-09T12:37:55+00:00\",\"author\":{\"@id\":\"https:\/\/dypall.com\/#\/schema\/person\/206350efe851997fcdedef75d118766b\"},\"breadcrumb\":{\"@id\":\"https:\/\/dypall.com\/activity\/to-the-point-on-youth-e-participation\/#breadcrumb\"},\"inLanguage\":\"fi\",\"potentialAction\":[{\"@type\":\"ReadAction\",\"target\":[\"https:\/\/dypall.com\/activity\/to-the-point-on-youth-e-participation\/\"]}]},{\"@type\":\"ImageObject\",\"inLanguage\":\"fi\",\"@id\":\"https:\/\/dypall.com\/activity\/to-the-point-on-youth-e-participation\/#primaryimage\",\"url\":\"\",\"contentUrl\":\"\"},{\"@type\":\"BreadcrumbList\",\"@id\":\"https:\/\/dypall.com\/activity\/to-the-point-on-youth-e-participation\/#breadcrumb\",\"itemListElement\":[{\"@type\":\"ListItem\",\"position\":1,\"name\":\"Home\",\"item\":\"https:\/\/dypall.com\/\"},{\"@type\":\"ListItem\",\"position\":2,\"name\":\"TO THE POINT on youth e-participation\"}]},{\"@type\":\"WebSite\",\"@id\":\"https:\/\/dypall.com\/#website\",\"url\":\"https:\/\/dypall.com\/\",\"name\":\"DYPALL Network\",\"description\":\"We are a European network of civil society organisations, municipalities and research institutions dedicated to improving democracy through youth participation.\",\"potentialAction\":[{\"@type\":\"SearchAction\",\"target\":{\"@type\":\"EntryPoint\",\"urlTemplate\":\"https:\/\/dypall.com\/?s={search_term_string}\"},\"query-input\":\"required name=search_term_string\"}],\"inLanguage\":\"fi\"},{\"@type\":\"Person\",\"@id\":\"https:\/\/dypall.com\/#\/schema\/person\/206350efe851997fcdedef75d118766b\",\"name\":\"dypall\",\"image\":{\"@type\":\"ImageObject\",\"inLanguage\":\"fi\",\"@id\":\"https:\/\/dypall.com\/#\/schema\/person\/image\/\",\"url\":\"https:\/\/secure.gravatar.com\/avatar\/14e8d3d8841cd0bdf69915120bcf9fcfac1567f1dc7035664907322ac47efe29?s=96&d=mm&r=g\",\"contentUrl\":\"https:\/\/secure.gravatar.com\/avatar\/14e8d3d8841cd0bdf69915120bcf9fcfac1567f1dc7035664907322ac47efe29?s=96&d=mm&r=g\",\"caption\":\"dypall\"},\"url\":\"https:\/\/dypall.com\/fi\/author\/dypall_info\/\"}]}<\/script>\n<!-- \/ Yoast SEO plugin. -->","yoast_head_json":{"title":"TO THE POINT on youth e-participation - DYPALL Network","robots":{"index":"index","follow":"follow","max-snippet":"max-snippet:-1","max-image-preview":"max-image-preview:large","max-video-preview":"max-video-preview:-1"},"canonical":"https:\/\/dypall.com\/fi\/activity\/to-the-point-on-youth-e-participation\/","og_locale":"fi_FI","og_type":"article","og_title":"TO THE POINT on youth e-participation - DYPALL Network","og_description":"Today we met online with members of DYPALL Network for the third edition of our TO THE POINT series of moments on youth participation.\u00a0This time we had a brief introduction to youth e-participation and we learned about an interesting experience with e-participation in a local youth council from Kobuleti Municipality, delivered to us by David&hellip; Jatka lukemista TO THE POINT on youth e-participation","og_url":"https:\/\/dypall.com\/fi\/activity\/to-the-point-on-youth-e-participation\/","og_site_name":"DYPALL Network","article_published_time":"2021-02-09T12:37:55+00:00","author":"dypall","twitter_card":"summary_large_image","twitter_misc":{"Written by":"dypall","Est. reading time":"1 minuutti"},"schema":{"@context":"https:\/\/schema.org","@graph":[{"@type":"WebPage","@id":"https:\/\/dypall.com\/activity\/to-the-point-on-youth-e-participation\/","url":"https:\/\/dypall.com\/activity\/to-the-point-on-youth-e-participation\/","name":"TO THE POINT on youth e-participation - DYPALL Network","isPartOf":{"@id":"https:\/\/dypall.com\/#website"},"primaryImageOfPage":{"@id":"https:\/\/dypall.com\/activity\/to-the-point-on-youth-e-participation\/#primaryimage"},"image":{"@id":"https:\/\/dypall.com\/activity\/to-the-point-on-youth-e-participation\/#primaryimage"},"thumbnailUrl":"","datePublished":"2021-02-09T12:37:55+00:00","dateModified":"2021-02-09T12:37:55+00:00","author":{"@id":"https:\/\/dypall.com\/#\/schema\/person\/206350efe851997fcdedef75d118766b"},"breadcrumb":{"@id":"https:\/\/dypall.com\/activity\/to-the-point-on-youth-e-participation\/#breadcrumb"},"inLanguage":"fi","potentialAction":[{"@type":"ReadAction","target":["https:\/\/dypall.com\/activity\/to-the-point-on-youth-e-participation\/"]}]},{"@type":"ImageObject","inLanguage":"fi","@id":"https:\/\/dypall.com\/activity\/to-the-point-on-youth-e-participation\/#primaryimage","url":"","contentUrl":""},{"@type":"BreadcrumbList","@id":"https:\/\/dypall.com\/activity\/to-the-point-on-youth-e-participation\/#breadcrumb","itemListElement":[{"@type":"ListItem","position":1,"name":"Home","item":"https:\/\/dypall.com\/"},{"@type":"ListItem","position":2,"name":"TO THE POINT on youth e-participation"}]},{"@type":"WebSite","@id":"https:\/\/dypall.com\/#website","url":"https:\/\/dypall.com\/","name":"DYPALL Network","description":"We are a European network of civil society organisations, municipalities and research institutions dedicated to improving democracy through youth participation.","potentialAction":[{"@type":"SearchAction","target":{"@type":"EntryPoint","urlTemplate":"https:\/\/dypall.com\/?s={search_term_string}"},"query-input":"required name=search_term_string"}],"inLanguage":"fi"},{"@type":"Person","@id":"https:\/\/dypall.com\/#\/schema\/person\/206350efe851997fcdedef75d118766b","name":"dypall","image":{"@type":"ImageObject","inLanguage":"fi","@id":"https:\/\/dypall.com\/#\/schema\/person\/image\/","url":"https:\/\/secure.gravatar.com\/avatar\/14e8d3d8841cd0bdf69915120bcf9fcfac1567f1dc7035664907322ac47efe29?s=96&d=mm&r=g","contentUrl":"https:\/\/secure.gravatar.com\/avatar\/14e8d3d8841cd0bdf69915120bcf9fcfac1567f1dc7035664907322ac47efe29?s=96&d=mm&r=g","caption":"dypall"},"url":"https:\/\/dypall.com\/fi\/author\/dypall_info\/"}]}},"jetpack_featured_media_url":"","jetpack_sharing_enabled":true,"_links":{"self":[{"href":"https:\/\/dypall.com\/fi\/wp-json\/wp\/v2\/posts\/4737","targetHints":{"allow":["GET"]}}],"collection":[{"href":"https:\/\/dypall.com\/fi\/wp-json\/wp\/v2\/posts"}],"about":[{"href":"https:\/\/dypall.com\/fi\/wp-json\/wp\/v2\/types\/post"}],"author":[{"embeddable":true,"href":"https:\/\/dypall.com\/fi\/wp-json\/wp\/v2\/users\/2"}],"replies":[{"embeddable":true,"href":"https:\/\/dypall.com\/fi\/wp-json\/wp\/v2\/comments?post=4737"}],"version-history":[{"count":0,"href":"https:\/\/dypall.com\/fi\/wp-json\/wp\/v2\/posts\/4737\/revisions"}],"wp:featuredmedia":[{"embeddable":true,"href":"https:\/\/dypall.com\/fi\/wp-json\/"}],"wp:attachment":[{"href":"https:\/\/dypall.com\/fi\/wp-json\/wp\/v2\/media?parent=4737"}],"wp:term":[{"taxonomy":"category","embeddable":true,"href":"https:\/\/dypall.com\/fi\/wp-json\/wp\/v2\/categories?post=4737"},{"taxonomy":"post_tag","embeddable":true,"href":"https:\/\/dypall.com\/fi\/wp-json\/wp\/v2\/tags?post=4737"}],"curies":[{"name":"wp","href":"https:\/\/api.w.org\/{rel}","templated":true}]}}