{"id":4152,"date":"2019-12-12T15:58:17","date_gmt":"2019-12-12T15:58:17","guid":{"rendered":"http:\/\/dypall.com\/?p=4152"},"modified":"2019-12-12T15:58:17","modified_gmt":"2019-12-12T15:58:17","slug":"youth-democracy-academy-conference","status":"publish","type":"post","link":"https:\/\/dypall.com\/fi\/activity\/youth-democracy-academy-conference\/","title":{"rendered":"Nuorisodemokratia-akatemian konferenssi"},"content":{"rendered":"<div class=\"_1pfm\">\n<div id=\"u_0_15\" class=\"_3d9q fixed_elem\">\n<div class=\"_4-u2 _hoc clearfix _4-u8\">\n<div class=\"clearfix\">\n<div id=\"u_0_16\" class=\"lfloat _ohe\">\n<div>\n<div class=\"_5hgz _51xa\">DYPALL-verkosto j\u00e4rjesti ihmisoikeuksien p\u00e4iv\u00e4n\u00e4 10. joulukuuta 2019 Youth Democracy Academy -konferenssin Euroopan komission Portugalin-edustustossa Lissabonissa.<\/div>\n<\/div>\n<\/div>\n<\/div>\n<\/div>\n<\/div>\n<\/div>\n<div id=\"content_container\">\n<div id=\"js_16\" class=\"_2pie\" role=\"main\">\n<div class=\"_4-u2 _4784 _2y_h _4-u8\">\n<div>\n<div class=\"_3xgc\">\n<p>Konferenssi kokosi yhteen sidosryhmi\u00e4 ja nuorisojohtajia Kreikasta, Slovakiasta, Latviasta, Espanjasta, Unkarista, Bulgariasta, Romaniasta, Ruotsista, Italiasta ja Portugalista keskustelemaan ja pohtimaan strategioita, joilla kehitet\u00e4\u00e4n edelleen ty\u00f6t\u00e4 nuorten \u00e4\u00e4nest\u00e4jien \u00e4\u00e4nestysaktiivisuuden lis\u00e4\u00e4miseksi Euroopan parlamentin vaaleissa ja nuorten demokraattisen osallistumisen lis\u00e4\u00e4miseksi EU:ssa yleens\u00e4.<\/p>\n<p>Lissabonin aluejohtaja Eduarda Marques ja Portugalin nuoriso- ja urheiluinstituutin Tagus-laakso avasivat konferenssin korostaen demokratian, ihmisoikeuksien ja oikeusvaltioperiaatteen merkityst\u00e4 eurooppalaisten yhteiskuntien pilareina. T\u00e4m\u00e4n j\u00e4lkeen puheenvuoron piti DYPALL-verkoston koordinaattori Bruno Ant\u00f3nio, joka korosti nuorten osallistumista p\u00e4\u00e4t\u00f6ksentekoon kaikilla tasoilla demokratian edellytyksen\u00e4.<\/p>\n<p>Aamup\u00e4iv\u00e4n ohjelma oli omistettu kymmenest\u00e4 EU-maasta tuleville nuoriso-ohjaajille, jotka esitteliv\u00e4t \u201dSuuntaviivat tehokkaiden GOTV-kampanjoiden (Get-Out-The-Vote) rakentamiseksi nuorille\u201d, jotka he laativat \u201d<a href=\"http:\/\/euisyou.org\">EU on sin\u00e4<\/a>\u201d kampanja, joka on suunnattu ensimm\u00e4ist\u00e4 kertaa \u00e4\u00e4nest\u00e4ville Euroopan parlamentin vaaleissa.<\/p>\n<p>\u201dIhmiset muuttavat ihmisi\u00e4\u201d huomautti Euroopan parlamentin yhteystoimistojen johtaja Stephen Clark, joka puhui yleis\u00f6lle iltap\u00e4iv\u00e4ll\u00e4 ja kertoi \u201dT\u00e4ll\u00e4 kertaa \u00e4\u00e4nest\u00e4n\u201d -kampanjan vaikutuksista ja sen kehittymisest\u00e4 seuraavasti:<a href=\"https:\/\/europarl.europa.eu\/together\/en\/\">Yhdess\u00e4 EU<\/a>&#8220;.<\/p>\n<p>Puheenvuoroa seurasi Euroopan komission Portugalin-edustuston p\u00e4\u00e4llikk\u00f6 Sofia Colares Alves, joka puhui Euroopan vihre\u00e4n kehityksen ohjelmasta ja muista uuden komission painopisteist\u00e4.<\/p>\n<p>Ohjelmaa t\u00e4ydennettiin Euroopan nuorisofoorumin puheenjohtajan Carina Autengruberin puheenvuorolla ja esittelem\u00e4ll\u00e4<a href=\"https:\/\/id-europa.eu\/\">ID Europa<\/a>\u201d Francisco Ramos, Portugalin nuorisoneuvoston johtokunnan j\u00e4sen.<\/p>\n<p>Konferenssin viimeisess\u00e4 osassa keskusteltiin \u00e4\u00e4nioikeudesta ja oikeudesta tulla valituksi ihmisoikeutena. nuorten osallistumisen yhteys paikallisella ja Euroopan tasolla; nuorten \u00e4\u00e4ni valeuutisissa ja populismissa ja Euroopassa ja siirtyminen kohti vuoden 2024 EU-vaaleja analysoimalla GOTV-kampanjoiden mahdollisuuksia ja haasteita.<\/p>\n<p><em>Konferenssi oli Nuorisodemokratia-akatemia-hankkeen lopputapahtuman toinen osa.\u00a0 Tapahtuman ensimm\u00e4inen osa j\u00e4rjestettiin 9. joulukuuta Lissabonin nuorisokeskuksessa, ja sen tarkoituksena oli jakaa EU is YOU -kampanjan tuloksia ja vaikutuksia kymmenen hankkeeseen osallistuneen EU-maan nuorisojohtajien ja hankekoordinaattoreiden kesken.<\/em><\/p>\n<p>Nuorisodemokratia-akatemiakonferenssin j\u00e4rjesti DYPALL-verkosto yhteisty\u00f6ss\u00e4 Euroopan komission Portugalin-edustuston, Euroopan parlamentin Portugalin-toimiston, Portugalin nuorisoneuvoston, Portugalin nuoriso- ja urheiluinstituutin ja kymmenen nuorisodemokratia-akatemiahankkeen kansainv\u00e4lisen kumppanin kanssa Erasmus+ -ohjelman tuella.<\/p>\n<\/div>\n<\/div>\n<p><img loading=\"lazy\" decoding=\"async\" class=\"aligncenter size-large wp-image-4153\" src=\"http:\/\/dypall.com\/wp-content\/uploads\/2019\/12\/78845135_10157288021927034_323152020796080128_o-1-1024x768.jpg\" alt=\"\" width=\"1024\" height=\"768\" \/><\/p>\n<p data-wp-editing=\"1\"><img loading=\"lazy\" decoding=\"async\" class=\"aligncenter size-large wp-image-4155\" src=\"http:\/\/dypall.com\/wp-content\/uploads\/2019\/12\/DSCN7303-1024x470.jpeg\" alt=\"\" width=\"1024\" height=\"470\" \/><\/p>\n<p data-wp-editing=\"1\"><img loading=\"lazy\" decoding=\"async\" class=\"aligncenter size-large wp-image-4156\" src=\"http:\/\/dypall.com\/wp-content\/uploads\/2019\/12\/DSCN7398-1024x683.jpeg\" alt=\"\" width=\"1024\" height=\"683\" \/><\/p>\n<\/div>\n<div class=\"_4-u2 _4784 _2y_h _4-u8\">\n<p data-wp-editing=\"1\"><img loading=\"lazy\" decoding=\"async\" class=\"aligncenter size-large wp-image-4164\" src=\"http:\/\/dypall.com\/wp-content\/uploads\/2019\/12\/DSCN7385-1-1024x596.jpeg\" alt=\"\" width=\"1024\" height=\"596\" \/><\/p>\n<\/div>\n<\/div>\n<p data-wp-editing=\"1\"><img loading=\"lazy\" decoding=\"async\" class=\"aligncenter size-large wp-image-4157\" src=\"http:\/\/dypall.com\/wp-content\/uploads\/2019\/12\/DSCN7424-1024x768.jpeg\" alt=\"\" width=\"1024\" height=\"768\" \/><\/p>\n<div id=\"js_16\" class=\"_2pie\" role=\"main\">\n<div class=\"_4-u2 _4784 _2y_h _4-u8\">\n<p data-wp-editing=\"1\"><img loading=\"lazy\" decoding=\"async\" class=\"aligncenter size-large wp-image-4158\" src=\"http:\/\/dypall.com\/wp-content\/uploads\/2019\/12\/DSCN7440-1024x524.jpeg\" alt=\"\" width=\"1024\" height=\"524\" \/><\/p>\n<p data-wp-editing=\"1\"><img loading=\"lazy\" decoding=\"async\" class=\"aligncenter size-large wp-image-4159\" src=\"http:\/\/dypall.com\/wp-content\/uploads\/2019\/12\/DSCN7444-1024x662.jpeg\" alt=\"\" width=\"1024\" height=\"662\" \/><\/p>\n<p data-wp-editing=\"1\"><img loading=\"lazy\" decoding=\"async\" class=\"aligncenter size-large wp-image-4160\" src=\"http:\/\/dypall.com\/wp-content\/uploads\/2019\/12\/DSCN7453-1024x673.jpeg\" alt=\"\" width=\"1024\" height=\"673\" \/><\/p>\n<p data-wp-editing=\"1\"><img loading=\"lazy\" decoding=\"async\" class=\"aligncenter size-large wp-image-4161\" src=\"http:\/\/dypall.com\/wp-content\/uploads\/2019\/12\/DSCN7461-1024x946.jpeg\" alt=\"\" width=\"1024\" height=\"946\" \/><\/p>\n<p><img loading=\"lazy\" decoding=\"async\" class=\"aligncenter size-large wp-image-4162\" src=\"http:\/\/dypall.com\/wp-content\/uploads\/2019\/12\/DSCN7465-1024x768.jpeg\" alt=\"\" width=\"1024\" height=\"768\" \/><\/p>\n<\/div>\n<\/div>\n<\/div>","protected":false},"excerpt":{"rendered":"<p>DYPALL-verkosto j\u00e4rjesti ihmisoikeuksien p\u00e4iv\u00e4n\u00e4 10. joulukuuta 2019 Youth Democracy Academy -konferenssin Euroopan komission Portugalin-edustustossa Lissabonissa. Konferenssi kokosi yhteen sidosryhmi\u00e4 ja nuorisojohtajia Kreikasta, Slovakiasta, Latviasta, Espanjasta, Unkarista, Bulgariasta, Romaniasta, Ruotsista, Italiasta ja Portugalista keskustelemaan ja pohtimaan strategioita, joilla... <a class=\"more-link\" href=\"https:\/\/dypall.com\/fi\/activity\/youth-democracy-academy-conference\/\">Jatka lukemista <span class=\"screen-reader-text\">Nuorisodemokratia-akatemian konferenssi<\/span><\/a><\/p>","protected":false},"author":1,"featured_media":4162,"comment_status":"closed","ping_status":"open","sticky":false,"template":"","format":"standard","meta":{"_acf_changed":false,"_jetpack_memberships_contains_paid_content":false,"footnotes":""},"categories":[111,112],"tags":[],"class_list":["post-4152","post","type-post","status-publish","format-standard","has-post-thumbnail","hentry","category-activity","category-conference","entry"],"acf":[],"yoast_head":"<!-- This site is optimized with the Yoast SEO plugin v22.8 - https:\/\/yoast.com\/wordpress\/plugins\/seo\/ -->\n<title>Youth Democracy Academy Conference - DYPALL Network<\/title>\n<meta name=\"robots\" content=\"index, follow, max-snippet:-1, max-image-preview:large, max-video-preview:-1\" \/>\n<link rel=\"canonical\" href=\"https:\/\/dypall.com\/fi\/activity\/youth-democracy-academy-conference\/\" \/>\n<meta property=\"og:locale\" content=\"fi_FI\" \/>\n<meta property=\"og:type\" content=\"article\" \/>\n<meta property=\"og:title\" content=\"Youth Democracy Academy Conference - DYPALL Network\" \/>\n<meta property=\"og:description\" content=\"DYPALL Network organised Youth Democracy Academy Conference on 10th December 2019, on the occasion of Human Rights Day, at the Representation of European Commission in Portugal, in Lisbon. The conference brought together stakeholders and youth leaders from Greece, Slovakia, Latvia, Spain, Hungary, Bulgaria, Romania, Sweden, Italy and Portugal to discuss and reflect on strategies to&hellip; Jatka lukemista Youth Democracy Academy Conference\" \/>\n<meta property=\"og:url\" content=\"https:\/\/dypall.com\/fi\/activity\/youth-democracy-academy-conference\/\" \/>\n<meta property=\"og:site_name\" content=\"DYPALL Network\" \/>\n<meta property=\"article:published_time\" content=\"2019-12-12T15:58:17+00:00\" \/>\n<meta name=\"author\" content=\"DYPALL Network\" \/>\n<meta name=\"twitter:card\" content=\"summary_large_image\" \/>\n<meta name=\"twitter:label1\" content=\"Written by\" \/>\n\t<meta name=\"twitter:data1\" content=\"DYPALL Network\" \/>\n\t<meta name=\"twitter:label2\" content=\"Est. reading time\" \/>\n\t<meta name=\"twitter:data2\" content=\"2 minuuttia\" \/>\n<script type=\"application\/ld+json\" class=\"yoast-schema-graph\">{\"@context\":\"https:\/\/schema.org\",\"@graph\":[{\"@type\":\"WebPage\",\"@id\":\"https:\/\/dypall.com\/activity\/youth-democracy-academy-conference\/\",\"url\":\"https:\/\/dypall.com\/activity\/youth-democracy-academy-conference\/\",\"name\":\"Youth Democracy Academy Conference - DYPALL Network\",\"isPartOf\":{\"@id\":\"https:\/\/dypall.com\/#website\"},\"primaryImageOfPage\":{\"@id\":\"https:\/\/dypall.com\/activity\/youth-democracy-academy-conference\/#primaryimage\"},\"image\":{\"@id\":\"https:\/\/dypall.com\/activity\/youth-democracy-academy-conference\/#primaryimage\"},\"thumbnailUrl\":\"\",\"datePublished\":\"2019-12-12T15:58:17+00:00\",\"dateModified\":\"2019-12-12T15:58:17+00:00\",\"author\":{\"@id\":\"https:\/\/dypall.com\/#\/schema\/person\/f92e08aa15c8ba711a9d153129f03377\"},\"breadcrumb\":{\"@id\":\"https:\/\/dypall.com\/activity\/youth-democracy-academy-conference\/#breadcrumb\"},\"inLanguage\":\"fi\",\"potentialAction\":[{\"@type\":\"ReadAction\",\"target\":[\"https:\/\/dypall.com\/activity\/youth-democracy-academy-conference\/\"]}]},{\"@type\":\"ImageObject\",\"inLanguage\":\"fi\",\"@id\":\"https:\/\/dypall.com\/activity\/youth-democracy-academy-conference\/#primaryimage\",\"url\":\"\",\"contentUrl\":\"\"},{\"@type\":\"BreadcrumbList\",\"@id\":\"https:\/\/dypall.com\/activity\/youth-democracy-academy-conference\/#breadcrumb\",\"itemListElement\":[{\"@type\":\"ListItem\",\"position\":1,\"name\":\"Home\",\"item\":\"https:\/\/dypall.com\/\"},{\"@type\":\"ListItem\",\"position\":2,\"name\":\"Youth Democracy Academy Conference\"}]},{\"@type\":\"WebSite\",\"@id\":\"https:\/\/dypall.com\/#website\",\"url\":\"https:\/\/dypall.com\/\",\"name\":\"DYPALL Network\",\"description\":\"We are a European network of civil society organisations, municipalities and research institutions dedicated to improving democracy through youth participation.\",\"potentialAction\":[{\"@type\":\"SearchAction\",\"target\":{\"@type\":\"EntryPoint\",\"urlTemplate\":\"https:\/\/dypall.com\/?s={search_term_string}\"},\"query-input\":\"required name=search_term_string\"}],\"inLanguage\":\"fi\"},{\"@type\":\"Person\",\"@id\":\"https:\/\/dypall.com\/#\/schema\/person\/f92e08aa15c8ba711a9d153129f03377\",\"name\":\"DYPALL Network\",\"image\":{\"@type\":\"ImageObject\",\"inLanguage\":\"fi\",\"@id\":\"https:\/\/dypall.com\/#\/schema\/person\/image\/\",\"url\":\"https:\/\/secure.gravatar.com\/avatar\/9c39e299279800c6d69c5e02cf613e7bab060889f373052a03d7ac399e8f0d3c?s=96&d=mm&r=g\",\"contentUrl\":\"https:\/\/secure.gravatar.com\/avatar\/9c39e299279800c6d69c5e02cf613e7bab060889f373052a03d7ac399e8f0d3c?s=96&d=mm&r=g\",\"caption\":\"DYPALL Network\"},\"sameAs\":[\"https:\/\/dypall.com\"],\"url\":\"https:\/\/dypall.com\/fi\/author\/dypall\/\"}]}<\/script>\n<!-- \/ Yoast SEO plugin. -->","yoast_head_json":{"title":"Youth Democracy Academy Conference - DYPALL Network","robots":{"index":"index","follow":"follow","max-snippet":"max-snippet:-1","max-image-preview":"max-image-preview:large","max-video-preview":"max-video-preview:-1"},"canonical":"https:\/\/dypall.com\/fi\/activity\/youth-democracy-academy-conference\/","og_locale":"fi_FI","og_type":"article","og_title":"Youth Democracy Academy Conference - DYPALL Network","og_description":"DYPALL Network organised Youth Democracy Academy Conference on 10th December 2019, on the occasion of Human Rights Day, at the Representation of European Commission in Portugal, in Lisbon. The conference brought together stakeholders and youth leaders from Greece, Slovakia, Latvia, Spain, Hungary, Bulgaria, Romania, Sweden, Italy and Portugal to discuss and reflect on strategies to&hellip; Jatka lukemista Youth Democracy Academy Conference","og_url":"https:\/\/dypall.com\/fi\/activity\/youth-democracy-academy-conference\/","og_site_name":"DYPALL Network","article_published_time":"2019-12-12T15:58:17+00:00","author":"DYPALL Network","twitter_card":"summary_large_image","twitter_misc":{"Written by":"DYPALL Network","Est. reading time":"2 minuuttia"},"schema":{"@context":"https:\/\/schema.org","@graph":[{"@type":"WebPage","@id":"https:\/\/dypall.com\/activity\/youth-democracy-academy-conference\/","url":"https:\/\/dypall.com\/activity\/youth-democracy-academy-conference\/","name":"Youth Democracy Academy Conference - DYPALL Network","isPartOf":{"@id":"https:\/\/dypall.com\/#website"},"primaryImageOfPage":{"@id":"https:\/\/dypall.com\/activity\/youth-democracy-academy-conference\/#primaryimage"},"image":{"@id":"https:\/\/dypall.com\/activity\/youth-democracy-academy-conference\/#primaryimage"},"thumbnailUrl":"","datePublished":"2019-12-12T15:58:17+00:00","dateModified":"2019-12-12T15:58:17+00:00","author":{"@id":"https:\/\/dypall.com\/#\/schema\/person\/f92e08aa15c8ba711a9d153129f03377"},"breadcrumb":{"@id":"https:\/\/dypall.com\/activity\/youth-democracy-academy-conference\/#breadcrumb"},"inLanguage":"fi","potentialAction":[{"@type":"ReadAction","target":["https:\/\/dypall.com\/activity\/youth-democracy-academy-conference\/"]}]},{"@type":"ImageObject","inLanguage":"fi","@id":"https:\/\/dypall.com\/activity\/youth-democracy-academy-conference\/#primaryimage","url":"","contentUrl":""},{"@type":"BreadcrumbList","@id":"https:\/\/dypall.com\/activity\/youth-democracy-academy-conference\/#breadcrumb","itemListElement":[{"@type":"ListItem","position":1,"name":"Home","item":"https:\/\/dypall.com\/"},{"@type":"ListItem","position":2,"name":"Youth Democracy Academy Conference"}]},{"@type":"WebSite","@id":"https:\/\/dypall.com\/#website","url":"https:\/\/dypall.com\/","name":"DYPALL Network","description":"We are a European network of civil society organisations, municipalities and research institutions dedicated to improving democracy through youth participation.","potentialAction":[{"@type":"SearchAction","target":{"@type":"EntryPoint","urlTemplate":"https:\/\/dypall.com\/?s={search_term_string}"},"query-input":"required name=search_term_string"}],"inLanguage":"fi"},{"@type":"Person","@id":"https:\/\/dypall.com\/#\/schema\/person\/f92e08aa15c8ba711a9d153129f03377","name":"DYPALL Network","image":{"@type":"ImageObject","inLanguage":"fi","@id":"https:\/\/dypall.com\/#\/schema\/person\/image\/","url":"https:\/\/secure.gravatar.com\/avatar\/9c39e299279800c6d69c5e02cf613e7bab060889f373052a03d7ac399e8f0d3c?s=96&d=mm&r=g","contentUrl":"https:\/\/secure.gravatar.com\/avatar\/9c39e299279800c6d69c5e02cf613e7bab060889f373052a03d7ac399e8f0d3c?s=96&d=mm&r=g","caption":"DYPALL Network"},"sameAs":["https:\/\/dypall.com"],"url":"https:\/\/dypall.com\/fi\/author\/dypall\/"}]}},"jetpack_featured_media_url":"","jetpack_sharing_enabled":true,"_links":{"self":[{"href":"https:\/\/dypall.com\/fi\/wp-json\/wp\/v2\/posts\/4152","targetHints":{"allow":["GET"]}}],"collection":[{"href":"https:\/\/dypall.com\/fi\/wp-json\/wp\/v2\/posts"}],"about":[{"href":"https:\/\/dypall.com\/fi\/wp-json\/wp\/v2\/types\/post"}],"author":[{"embeddable":true,"href":"https:\/\/dypall.com\/fi\/wp-json\/wp\/v2\/users\/1"}],"replies":[{"embeddable":true,"href":"https:\/\/dypall.com\/fi\/wp-json\/wp\/v2\/comments?post=4152"}],"version-history":[{"count":0,"href":"https:\/\/dypall.com\/fi\/wp-json\/wp\/v2\/posts\/4152\/revisions"}],"wp:featuredmedia":[{"embeddable":true,"href":"https:\/\/dypall.com\/fi\/wp-json\/"}],"wp:attachment":[{"href":"https:\/\/dypall.com\/fi\/wp-json\/wp\/v2\/media?parent=4152"}],"wp:term":[{"taxonomy":"category","embeddable":true,"href":"https:\/\/dypall.com\/fi\/wp-json\/wp\/v2\/categories?post=4152"},{"taxonomy":"post_tag","embeddable":true,"href":"https:\/\/dypall.com\/fi\/wp-json\/wp\/v2\/tags?post=4152"}],"curies":[{"name":"wp","href":"https:\/\/api.w.org\/{rel}","templated":true}]}}