{"id":3130,"date":"2018-11-08T17:56:37","date_gmt":"2018-11-08T16:56:37","guid":{"rendered":"http:\/\/dypall.com\/?p=3130"},"modified":"2018-11-08T17:56:37","modified_gmt":"2018-11-08T16:56:37","slug":"training-course-youth-takes-the-floor","status":"publish","type":"post","link":"https:\/\/dypall.com\/fi\/activity\/training-course-youth-takes-the-floor\/","title":{"rendered":"Youth Takes the Floor \u2013 Koulutus"},"content":{"rendered":"<p><span style=\"font-weight: 400;\"><img loading=\"lazy\" decoding=\"async\" class=\"alignnone size-thumbnail wp-image-3137\" src=\"http:\/\/dypall.com\/wp-content\/uploads\/2018\/11\/IMG_7693.jpg\" alt=\"\" width=\"1\" height=\"1\" \/>DYPALL-verkoston j\u00e4rjest\u00e4m\u00e4 Youth Takes the Floor -kurssi j\u00e4rjestettiin 28. lokakuuta \u2013 4. marraskuuta Fund\u00e3ossa ja Lissabonissa (Portugali).<\/span><\/p>\n<p><span style=\"font-weight: 400;\">Koulutus on tarkoitettu kunnan virkamiehille, nuorisoty\u00f6ntekij\u00f6ille ja nuorisovaltuustojen tai muiden kunnan sis\u00e4isten osallistumismekanismien j\u00e4senille (paikallishallinto). Koulutukseen osallistui 23 osallistujaa Tanskasta, Portugalista, Italiasta, Makedoniasta, Puolasta, Sloveniasta, Slovakiasta, Liettuasta ja Unkarista. He tutustuivat nuorten osallistumista Euroopassa koskeviin rakenteisiin, v\u00e4lineisiin ja mekanismeihin. Tekninen toimikunta toi my\u00f6s n\u00e4kemyksi\u00e4 ja kokemuksia siit\u00e4, miten voidaan kehitt\u00e4\u00e4 nuorten kest\u00e4v\u00e4\u00e4 ja osallistavaa osallistumista p\u00e4\u00e4t\u00f6ksentekoprosesseihin ottamalla eri sidosryhm\u00e4t mukaan. <\/span><\/p>\n<p><span style=\"font-weight: 400;\">Teknisen toimikunnan yleistavoitteena on kehitt\u00e4\u00e4 nuorten osallistumisrakenteita ja -v\u00e4lineit\u00e4, joiden avulla nuoret voivat osallistua aktiivisina toimijoina ratkaisujen suunnitteluun paikallisyhteis\u00f6jens\u00e4 haasteisiin ja joiden avulla paikallis- ja alueviranomaiset voivat samalla vastata tiiviimmin nuorten tarpeisiin ja etuihin. Teknisen toimikunnan osallistujat voisivat kehitt\u00e4\u00e4 paikallisia toimintasuunnitelmia ja strategioita, joilla vahvistetaan nuorten osallistumista heid\u00e4n eri yhteyksiss\u00e4\u00e4n ja yhteis\u00f6iss\u00e4\u00e4n, sek\u00e4 perusteellista tietoa siit\u00e4, miten luodaan ja yll\u00e4pidet\u00e4\u00e4n kest\u00e4v\u00e4ll\u00e4 tavalla rakenteita nuorten osallistumista varten. \u00a0<\/span><\/p>\n<p><span style=\"font-weight: 400;\">Kurssin aikana osallistujilla oli mahdollisuus vierailla Fund\u00e3on kunnassa ja osallistua mielenkiintoisiin keskusteluihin siit\u00e4, milt\u00e4 ihanteellinen paikallinen nuorisoneuvosto n\u00e4ytt\u00e4\u00e4. He vierailivat my\u00f6s Cascaisissa (Euroopan nuorisop\u00e4\u00e4kaupunki) ja kansalaisuus- ja osallistumisosastolla ja saivat tietoa vaikuttavista k\u00e4yt\u00e4nn\u00f6ist\u00e4, joilla nuoret osallistuvat p\u00e4\u00e4t\u00f6ksentekoon paikallistasolla, kuten osallistavasta talousarviosta.<\/span><\/p>\n<p>Toiminta oli<span style=\"font-weight: 400;\"> j\u00e4rjest\u00e4j\u00e4t DYPALL, Ung Egedal ja Fund\u00e3on kunta Erasmus+ -ohjelman tuella.<\/span><\/p>\n<p><img loading=\"lazy\" decoding=\"async\" class=\"aligncenter wp-image-3154 size-large\" src=\"http:\/\/dypall.com\/wp-content\/uploads\/2018\/11\/WhatsApp-Image-2018-11-02-at-21.56.43-768x1024.jpeg\" alt=\"\" width=\"768\" height=\"1024\" \/><\/p>\n<p><img loading=\"lazy\" decoding=\"async\" class=\"aligncenter wp-image-3144 size-large\" src=\"http:\/\/dypall.com\/wp-content\/uploads\/2018\/11\/45395822_2514222365259833_5258861921200766976_o-1024x683.jpg\" alt=\"\" width=\"960\" height=\"640\" \/><\/p>\n<p><img loading=\"lazy\" decoding=\"async\" class=\"aligncenter wp-image-3147 size-large\" src=\"http:\/\/dypall.com\/wp-content\/uploads\/2018\/11\/45430378_2514221685259901_5565674275790127104_o-1024x683.jpg\" alt=\"\" width=\"960\" height=\"640\" \/><\/p>\n<p><img loading=\"lazy\" decoding=\"async\" class=\"aligncenter wp-image-3148 size-large\" src=\"http:\/\/dypall.com\/wp-content\/uploads\/2018\/11\/45443432_2514221268593276_177746070493724672_o-1024x683.jpg\" alt=\"\" width=\"960\" height=\"640\" \/><\/p>\n<p><img loading=\"lazy\" decoding=\"async\" class=\"aligncenter wp-image-3149 size-large\" src=\"http:\/\/dypall.com\/wp-content\/uploads\/2018\/11\/45482591_2514221938593209_4858428913170251776_o-1024x683.jpg\" alt=\"\" width=\"960\" height=\"640\" \/><\/p>\n<p><img loading=\"lazy\" decoding=\"async\" class=\"aligncenter wp-image-3153 size-large\" src=\"http:\/\/dypall.com\/wp-content\/uploads\/2018\/11\/45657486_2514221511926585_6251022379011538944_o-1024x683.jpg\" alt=\"\" width=\"960\" height=\"640\" \/><\/p>\n<p><img loading=\"lazy\" decoding=\"async\" class=\"aligncenter wp-image-3151 size-large\" src=\"http:\/\/dypall.com\/wp-content\/uploads\/2018\/11\/45490526_2514222191926517_8379173588938260480_o-1024x683.jpg\" alt=\"\" width=\"960\" height=\"640\" \/><\/p>\n<p><img loading=\"lazy\" decoding=\"async\" class=\"aligncenter wp-image-3150 size-large\" src=\"http:\/\/dypall.com\/wp-content\/uploads\/2018\/11\/45487241_2514221615259908_3388640956440903680_o-1024x683.jpg\" alt=\"\" width=\"960\" height=\"640\" \/><\/p>\n<p><img loading=\"lazy\" decoding=\"async\" class=\"aligncenter wp-image-3146 size-large\" src=\"http:\/\/dypall.com\/wp-content\/uploads\/2018\/11\/45414766_2514220948593308_3188803987948175360_o-1024x683.jpg\" alt=\"\" width=\"960\" height=\"640\" \/><\/p>\n<p><img loading=\"lazy\" decoding=\"async\" class=\"aligncenter wp-image-3152 size-large\" src=\"http:\/\/dypall.com\/wp-content\/uploads\/2018\/11\/45493682_2514222051926531_3426761655936090112_o-1024x683.jpg\" alt=\"\" width=\"960\" height=\"640\" \/><\/p>\n<p>&nbsp;<\/p>\n<p>&nbsp;<\/p>","protected":false},"excerpt":{"rendered":"<p>DYPALL-verkoston j\u00e4rjest\u00e4m\u00e4 Youth Takes the Floor -kurssi j\u00e4rjestettiin 28. lokakuuta \u2013 4. marraskuuta Fund\u00e3ossa ja Lissabonissa (Portugali). Koulutus on tarkoitettu kunnan virkamiehille, nuorisoty\u00f6ntekij\u00f6ille ja nuorisovaltuustojen tai muiden kunnan sis\u00e4isten osallistumismekanismien j\u00e4senille (paikallishallinto). Koulutus ker\u00e4si 23 osallistujaa Tanskasta,... <a class=\"more-link\" href=\"https:\/\/dypall.com\/fi\/activity\/training-course-youth-takes-the-floor\/\">Jatka lukemista <span class=\"screen-reader-text\">Youth Takes the Floor \u2013 Koulutus<\/span><\/a><\/p>","protected":false},"author":2,"featured_media":3144,"comment_status":"closed","ping_status":"open","sticky":false,"template":"","format":"standard","meta":{"_acf_changed":false,"_jetpack_memberships_contains_paid_content":false,"footnotes":""},"categories":[111,141],"tags":[136],"class_list":["post-3130","post","type-post","status-publish","format-standard","has-post-thumbnail","hentry","category-activity","category-training-course","tag-training-course","entry"],"acf":[],"yoast_head":"<!-- This site is optimized with the Yoast SEO plugin v22.8 - https:\/\/yoast.com\/wordpress\/plugins\/seo\/ -->\n<title>Youth Takes the Floor - Training Course - DYPALL Network<\/title>\n<meta name=\"robots\" content=\"index, follow, max-snippet:-1, max-image-preview:large, max-video-preview:-1\" \/>\n<link rel=\"canonical\" href=\"https:\/\/dypall.com\/fi\/activity\/training-course-youth-takes-the-floor\/\" \/>\n<meta property=\"og:locale\" content=\"fi_FI\" \/>\n<meta property=\"og:type\" content=\"article\" \/>\n<meta property=\"og:title\" content=\"Youth Takes the Floor - Training Course - DYPALL Network\" \/>\n<meta property=\"og:description\" content=\"The Youth Takes the Floor Training Course, organized by DYPALL Network, took place from 28th October &#8211; 4th November in Fund\u00e3o and Lisbon (Portugal). The Training Course was designed for municipality officers, youth workers and members of youth councils or other participation mechanisms within the municipality (local governance). The training gathered 23 participants from Denmark,&hellip; Jatka lukemista Youth Takes the Floor &#8211; Training Course\" \/>\n<meta property=\"og:url\" content=\"https:\/\/dypall.com\/fi\/activity\/training-course-youth-takes-the-floor\/\" \/>\n<meta property=\"og:site_name\" content=\"DYPALL Network\" \/>\n<meta property=\"article:published_time\" content=\"2018-11-08T16:56:37+00:00\" \/>\n<meta name=\"author\" content=\"dypall\" \/>\n<meta name=\"twitter:card\" content=\"summary_large_image\" \/>\n<meta name=\"twitter:label1\" content=\"Written by\" \/>\n\t<meta name=\"twitter:data1\" content=\"dypall\" \/>\n\t<meta name=\"twitter:label2\" content=\"Est. reading time\" \/>\n\t<meta name=\"twitter:data2\" content=\"1 minuutti\" \/>\n<script type=\"application\/ld+json\" class=\"yoast-schema-graph\">{\"@context\":\"https:\/\/schema.org\",\"@graph\":[{\"@type\":\"WebPage\",\"@id\":\"https:\/\/dypall.com\/activity\/training-course-youth-takes-the-floor\/\",\"url\":\"https:\/\/dypall.com\/activity\/training-course-youth-takes-the-floor\/\",\"name\":\"Youth Takes the Floor - Training Course - DYPALL Network\",\"isPartOf\":{\"@id\":\"https:\/\/dypall.com\/#website\"},\"primaryImageOfPage\":{\"@id\":\"https:\/\/dypall.com\/activity\/training-course-youth-takes-the-floor\/#primaryimage\"},\"image\":{\"@id\":\"https:\/\/dypall.com\/activity\/training-course-youth-takes-the-floor\/#primaryimage\"},\"thumbnailUrl\":\"\",\"datePublished\":\"2018-11-08T16:56:37+00:00\",\"dateModified\":\"2018-11-08T16:56:37+00:00\",\"author\":{\"@id\":\"https:\/\/dypall.com\/#\/schema\/person\/206350efe851997fcdedef75d118766b\"},\"breadcrumb\":{\"@id\":\"https:\/\/dypall.com\/activity\/training-course-youth-takes-the-floor\/#breadcrumb\"},\"inLanguage\":\"fi\",\"potentialAction\":[{\"@type\":\"ReadAction\",\"target\":[\"https:\/\/dypall.com\/activity\/training-course-youth-takes-the-floor\/\"]}]},{\"@type\":\"ImageObject\",\"inLanguage\":\"fi\",\"@id\":\"https:\/\/dypall.com\/activity\/training-course-youth-takes-the-floor\/#primaryimage\",\"url\":\"\",\"contentUrl\":\"\"},{\"@type\":\"BreadcrumbList\",\"@id\":\"https:\/\/dypall.com\/activity\/training-course-youth-takes-the-floor\/#breadcrumb\",\"itemListElement\":[{\"@type\":\"ListItem\",\"position\":1,\"name\":\"Home\",\"item\":\"https:\/\/dypall.com\/\"},{\"@type\":\"ListItem\",\"position\":2,\"name\":\"Youth Takes the Floor &#8211; Training Course\"}]},{\"@type\":\"WebSite\",\"@id\":\"https:\/\/dypall.com\/#website\",\"url\":\"https:\/\/dypall.com\/\",\"name\":\"DYPALL Network\",\"description\":\"We are a European network of civil society organisations, municipalities and research institutions dedicated to improving democracy through youth participation.\",\"potentialAction\":[{\"@type\":\"SearchAction\",\"target\":{\"@type\":\"EntryPoint\",\"urlTemplate\":\"https:\/\/dypall.com\/?s={search_term_string}\"},\"query-input\":\"required name=search_term_string\"}],\"inLanguage\":\"fi\"},{\"@type\":\"Person\",\"@id\":\"https:\/\/dypall.com\/#\/schema\/person\/206350efe851997fcdedef75d118766b\",\"name\":\"dypall\",\"image\":{\"@type\":\"ImageObject\",\"inLanguage\":\"fi\",\"@id\":\"https:\/\/dypall.com\/#\/schema\/person\/image\/\",\"url\":\"https:\/\/secure.gravatar.com\/avatar\/14e8d3d8841cd0bdf69915120bcf9fcfac1567f1dc7035664907322ac47efe29?s=96&d=mm&r=g\",\"contentUrl\":\"https:\/\/secure.gravatar.com\/avatar\/14e8d3d8841cd0bdf69915120bcf9fcfac1567f1dc7035664907322ac47efe29?s=96&d=mm&r=g\",\"caption\":\"dypall\"},\"url\":\"https:\/\/dypall.com\/fi\/author\/dypall_info\/\"}]}<\/script>\n<!-- \/ Yoast SEO plugin. -->","yoast_head_json":{"title":"Youth Takes the Floor - Training Course - DYPALL Network","robots":{"index":"index","follow":"follow","max-snippet":"max-snippet:-1","max-image-preview":"max-image-preview:large","max-video-preview":"max-video-preview:-1"},"canonical":"https:\/\/dypall.com\/fi\/activity\/training-course-youth-takes-the-floor\/","og_locale":"fi_FI","og_type":"article","og_title":"Youth Takes the Floor - Training Course - DYPALL Network","og_description":"The Youth Takes the Floor Training Course, organized by DYPALL Network, took place from 28th October &#8211; 4th November in Fund\u00e3o and Lisbon (Portugal). The Training Course was designed for municipality officers, youth workers and members of youth councils or other participation mechanisms within the municipality (local governance). The training gathered 23 participants from Denmark,&hellip; Jatka lukemista Youth Takes the Floor &#8211; Training Course","og_url":"https:\/\/dypall.com\/fi\/activity\/training-course-youth-takes-the-floor\/","og_site_name":"DYPALL Network","article_published_time":"2018-11-08T16:56:37+00:00","author":"dypall","twitter_card":"summary_large_image","twitter_misc":{"Written by":"dypall","Est. reading time":"1 minuutti"},"schema":{"@context":"https:\/\/schema.org","@graph":[{"@type":"WebPage","@id":"https:\/\/dypall.com\/activity\/training-course-youth-takes-the-floor\/","url":"https:\/\/dypall.com\/activity\/training-course-youth-takes-the-floor\/","name":"Youth Takes the Floor - Training Course - DYPALL Network","isPartOf":{"@id":"https:\/\/dypall.com\/#website"},"primaryImageOfPage":{"@id":"https:\/\/dypall.com\/activity\/training-course-youth-takes-the-floor\/#primaryimage"},"image":{"@id":"https:\/\/dypall.com\/activity\/training-course-youth-takes-the-floor\/#primaryimage"},"thumbnailUrl":"","datePublished":"2018-11-08T16:56:37+00:00","dateModified":"2018-11-08T16:56:37+00:00","author":{"@id":"https:\/\/dypall.com\/#\/schema\/person\/206350efe851997fcdedef75d118766b"},"breadcrumb":{"@id":"https:\/\/dypall.com\/activity\/training-course-youth-takes-the-floor\/#breadcrumb"},"inLanguage":"fi","potentialAction":[{"@type":"ReadAction","target":["https:\/\/dypall.com\/activity\/training-course-youth-takes-the-floor\/"]}]},{"@type":"ImageObject","inLanguage":"fi","@id":"https:\/\/dypall.com\/activity\/training-course-youth-takes-the-floor\/#primaryimage","url":"","contentUrl":""},{"@type":"BreadcrumbList","@id":"https:\/\/dypall.com\/activity\/training-course-youth-takes-the-floor\/#breadcrumb","itemListElement":[{"@type":"ListItem","position":1,"name":"Home","item":"https:\/\/dypall.com\/"},{"@type":"ListItem","position":2,"name":"Youth Takes the Floor &#8211; Training Course"}]},{"@type":"WebSite","@id":"https:\/\/dypall.com\/#website","url":"https:\/\/dypall.com\/","name":"DYPALL Network","description":"We are a European network of civil society organisations, municipalities and research institutions dedicated to improving democracy through youth participation.","potentialAction":[{"@type":"SearchAction","target":{"@type":"EntryPoint","urlTemplate":"https:\/\/dypall.com\/?s={search_term_string}"},"query-input":"required name=search_term_string"}],"inLanguage":"fi"},{"@type":"Person","@id":"https:\/\/dypall.com\/#\/schema\/person\/206350efe851997fcdedef75d118766b","name":"dypall","image":{"@type":"ImageObject","inLanguage":"fi","@id":"https:\/\/dypall.com\/#\/schema\/person\/image\/","url":"https:\/\/secure.gravatar.com\/avatar\/14e8d3d8841cd0bdf69915120bcf9fcfac1567f1dc7035664907322ac47efe29?s=96&d=mm&r=g","contentUrl":"https:\/\/secure.gravatar.com\/avatar\/14e8d3d8841cd0bdf69915120bcf9fcfac1567f1dc7035664907322ac47efe29?s=96&d=mm&r=g","caption":"dypall"},"url":"https:\/\/dypall.com\/fi\/author\/dypall_info\/"}]}},"jetpack_featured_media_url":"","jetpack_sharing_enabled":true,"_links":{"self":[{"href":"https:\/\/dypall.com\/fi\/wp-json\/wp\/v2\/posts\/3130","targetHints":{"allow":["GET"]}}],"collection":[{"href":"https:\/\/dypall.com\/fi\/wp-json\/wp\/v2\/posts"}],"about":[{"href":"https:\/\/dypall.com\/fi\/wp-json\/wp\/v2\/types\/post"}],"author":[{"embeddable":true,"href":"https:\/\/dypall.com\/fi\/wp-json\/wp\/v2\/users\/2"}],"replies":[{"embeddable":true,"href":"https:\/\/dypall.com\/fi\/wp-json\/wp\/v2\/comments?post=3130"}],"version-history":[{"count":0,"href":"https:\/\/dypall.com\/fi\/wp-json\/wp\/v2\/posts\/3130\/revisions"}],"wp:featuredmedia":[{"embeddable":true,"href":"https:\/\/dypall.com\/fi\/wp-json\/"}],"wp:attachment":[{"href":"https:\/\/dypall.com\/fi\/wp-json\/wp\/v2\/media?parent=3130"}],"wp:term":[{"taxonomy":"category","embeddable":true,"href":"https:\/\/dypall.com\/fi\/wp-json\/wp\/v2\/categories?post=3130"},{"taxonomy":"post_tag","embeddable":true,"href":"https:\/\/dypall.com\/fi\/wp-json\/wp\/v2\/tags?post=3130"}],"curies":[{"name":"wp","href":"https:\/\/api.w.org\/{rel}","templated":true}]}}