{"id":2706,"date":"2017-11-27T19:06:49","date_gmt":"2017-11-27T18:06:49","guid":{"rendered":"http:\/\/dypall.com\/?p=2706"},"modified":"2017-11-27T19:06:49","modified_gmt":"2017-11-27T18:06:49","slug":"an-overview-of-the-first-study-visit-of-the-project-boosting-youth-participation-at-local-level-november-2017-south-of-portugal","status":"publish","type":"post","link":"https:\/\/dypall.com\/fi\/activity\/an-overview-of-the-first-study-visit-of-the-project-boosting-youth-participation-at-local-level-november-2017-south-of-portugal\/","title":{"rendered":"Nuorten osallistumisen edist\u00e4minen paikallistasolla \u2013 tutustumisvierailu Portim\u00e3oon"},"content":{"rendered":"<p>13\u201318 p\u00e4iv\u00e4n\u00e4 marraskuuta 2017, <strong>DYPALL-verkko<\/strong> yhteisty\u00f6ss\u00e4 <strong>Puntland Diaspora Forum<\/strong> ja <strong>Portim\u00e3on kunta<\/strong> vastaanotti 26 edustajan ryhm\u00e4n nuorison kannalta merkityksellisten kysymysten parissa ty\u00f6skentelevist\u00e4 j\u00e4rjest\u00f6ist\u00e4 ja kunnista tutustumisvierailulle Portim\u00e3oon (Portugali) \u201dBoosting Youth Participation at Local Level\u201d (Boosting YP). N\u00e4m\u00e4 osallistujat olivat Portugalista, Ruotsista, Turkista, Slovakiasta, Romaniasta, Unkarista, Maltasta, Alankomaista ja Italiasta, ja vierailu Etel\u00e4-Portugaliin oli hankkeen ensimm\u00e4inen t\u00e4yt\u00e4nt\u00f6\u00f6npanovaihe.<\/p>\n<p>Nuorisotoimintaohjelman edist\u00e4mist\u00e4 yhteisrahoitettiin Erasmus+ -ohjelmasta Ruotsin nuoriso- ja kansalaisyhteiskuntaviraston kautta, ja sen tavoitteena on vahvistaa nykyisi\u00e4 ohjelmia, jotka koskevat nuorten osallistumista maantieteellisesti eristyneill\u00e4 alueilla, k\u00e4yt\u00e4nt\u00f6jen jakamista ja kansalaisyhteiskunnan organisaatioiden l\u00e4hent\u00e4mist\u00e4 viranomaisiin ja instituutioihin.<\/p>\n<p>Hanke l\u00e4hensi osallistujia paikallis- ja aluetason p\u00e4\u00e4t\u00f6ksentekoprosesseihin sek\u00e4 paransi heid\u00e4n k\u00e4sityst\u00e4\u00e4n edustuksellisesta ja osallistavasta demokratiasta ja sitoutumistaan siihen. \u00a0Toinen tulos oli, ett\u00e4 osallistujat ty\u00f6skenteliv\u00e4t my\u00f6s yhdess\u00e4 ja strukturoivat pitk\u00e4n aikav\u00e4lin vaikutuksen takaisin omiin realiteetteihinsa.<\/p>\n<p>Konkreettisemmin, sanoi Violeta Ciuciuc, projektip\u00e4\u00e4llikk\u00f6 <strong>Dabulenin kunta<\/strong> \u0218tefan Zaria (Romania), joka ilmaisi sek\u00e4 mielipiteens\u00e4 ett\u00e4 kunnan apulaiskaupunginjohtajan:<\/p>\n<p><em>\u201dSe oli intensiivinen ty\u00f6viikko, jonka aikana opimme nuorten osallistumisesta ja n\u00e4imme paljon siit\u00e4, miten joitakin asioita tehd\u00e4\u00e4n. Se oli mielenkiintoista minulle, mutta se, mik\u00e4 oli yll\u00e4tt\u00e4v\u00e4\u00e4 varapormestarille, oli se, ett\u00e4 muut ihmiset olivat eriasteisesti mukana poliittisessa ty\u00f6ss\u00e4. H\u00e4nell\u00e4 oli muutosmielipide nuorten osallistumisesta ja (ei vain t\u00e4st\u00e4 n\u00e4k\u00f6kulmasta), miten se on ja voi olla poikkeuksellinen asia Dabulenin nuorille.<\/em><\/p>\n<p><em>Toivottavasti osa siell\u00e4 esitetyist\u00e4 ideoista toteutuu ja seuraavaa kokousta varten asiat paranevat.\u201d<a href=\"http:\/\/dypall.com\/fi\/2017\/11\/27\/an-overview-of-the-first-study-visit-of-the-project-boosting-youth-participation-at-local-level-november-2017-south-of-portugal\/img_9492\/#main\" rel=\"attachment wp-att-2707\"><img loading=\"lazy\" decoding=\"async\" class=\"aligncenter wp-image-2707\" src=\"http:\/\/dypall.com\/wp-content\/uploads\/2017\/11\/IMG_9492.jpg\" alt=\"\" width=\"1920\" height=\"1280\" \/><\/a><\/em><\/p>\n<p><em> <a href=\"http:\/\/dypall.com\/fi\/2017\/11\/27\/an-overview-of-the-first-study-visit-of-the-project-boosting-youth-participation-at-local-level-november-2017-south-of-portugal\/img_8986\/#main\" rel=\"attachment wp-att-2708\"><img loading=\"lazy\" decoding=\"async\" class=\"aligncenter size-full wp-image-2708\" src=\"http:\/\/dypall.com\/wp-content\/uploads\/2017\/11\/IMG_8986.jpg\" alt=\"\" width=\"1920\" height=\"1280\" \/><\/a><\/em><\/p>\n<p><em> <a href=\"http:\/\/dypall.com\/fi\/2017\/11\/27\/an-overview-of-the-first-study-visit-of-the-project-boosting-youth-participation-at-local-level-november-2017-south-of-portugal\/23559668_2004203559595052_8086517710705140950_n\/#main\" rel=\"attachment wp-att-2709\"><img loading=\"lazy\" decoding=\"async\" class=\"aligncenter size-full wp-image-2709\" src=\"http:\/\/dypall.com\/wp-content\/uploads\/2017\/11\/23559668_2004203559595052_8086517710705140950_n.jpg\" alt=\"\" width=\"960\" height=\"717\" \/><\/a><\/em><\/p>\n<p><em> <a href=\"http:\/\/dypall.com\/fi\/2017\/11\/27\/an-overview-of-the-first-study-visit-of-the-project-boosting-youth-participation-at-local-level-november-2017-south-of-portugal\/23621662_2004204279594980_588875645577009014_n\/#main\" rel=\"attachment wp-att-2710\"><img loading=\"lazy\" decoding=\"async\" class=\"aligncenter size-full wp-image-2710\" src=\"http:\/\/dypall.com\/wp-content\/uploads\/2017\/11\/23621662_2004204279594980_588875645577009014_n.jpg\" alt=\"\" width=\"960\" height=\"717\" \/><\/a><\/em><\/p>\n<p><em> <a href=\"http:\/\/dypall.com\/fi\/2017\/11\/27\/an-overview-of-the-first-study-visit-of-the-project-boosting-youth-participation-at-local-level-november-2017-south-of-portugal\/23559809_2004203552928386_4188660648908589012_n\/#main\" rel=\"attachment wp-att-2712\"><img loading=\"lazy\" decoding=\"async\" class=\"aligncenter size-full wp-image-2712\" src=\"http:\/\/dypall.com\/wp-content\/uploads\/2017\/11\/23559809_2004203552928386_4188660648908589012_n.jpg\" alt=\"\" width=\"960\" height=\"717\" \/><\/a><\/em><\/p>\n<p><em><a href=\"http:\/\/dypall.com\/fi\/2017\/11\/27\/an-overview-of-the-first-study-visit-of-the-project-boosting-youth-participation-at-local-level-november-2017-south-of-portugal\/img_9221\/#main\" rel=\"attachment wp-att-2711\"><img loading=\"lazy\" decoding=\"async\" class=\"aligncenter size-full wp-image-2711\" src=\"http:\/\/dypall.com\/wp-content\/uploads\/2017\/11\/IMG_9221.jpg\" alt=\"\" width=\"1920\" height=\"1280\" \/><\/a><\/em><\/p>\n<p>&nbsp;<\/p>","protected":false},"excerpt":{"rendered":"<p>DYPALL-verkosto vastaanotti 13.\u201318. marraskuuta 2017 yhteisty\u00f6ss\u00e4 Puntland Diaspora Forumin ja Portim\u00e3on kunnan kanssa 26 edustajaa nuorisoon liittyvien kysymysten parissa ty\u00f6skentelevist\u00e4 j\u00e4rjest\u00f6ist\u00e4 ja kunnista tutustumisvierailulle Portim\u00e3oon (Portugali) \u201dBoosting Youth Participation at Local Level\u201d (Boosting YP). N\u00e4m\u00e4 osallistujat olivat Portugalista, Ruotsista, Turkista, Slovakiasta,... <a class=\"more-link\" href=\"https:\/\/dypall.com\/fi\/activity\/an-overview-of-the-first-study-visit-of-the-project-boosting-youth-participation-at-local-level-november-2017-south-of-portugal\/\">Jatka lukemista <span class=\"screen-reader-text\">Nuorten osallistumisen edist\u00e4minen paikallistasolla \u2013 tutustumisvierailu Portim\u00e3oon<\/span><\/a><\/p>","protected":false},"author":1,"featured_media":2714,"comment_status":"closed","ping_status":"open","sticky":false,"template":"","format":"standard","meta":{"_acf_changed":false,"_jetpack_memberships_contains_paid_content":false,"footnotes":""},"categories":[111,152],"tags":[129],"class_list":["post-2706","post","type-post","status-publish","format-standard","has-post-thumbnail","hentry","category-activity","category-study-visits","tag-study-visit","entry"],"acf":[],"yoast_head":"<!-- This site is optimized with the Yoast SEO plugin v22.8 - https:\/\/yoast.com\/wordpress\/plugins\/seo\/ -->\n<title>\u201cBoosting Youth Participation at Local Level\u201d Study visit to Portim\u00e3o - DYPALL Network<\/title>\n<meta name=\"robots\" content=\"index, follow, max-snippet:-1, max-image-preview:large, max-video-preview:-1\" \/>\n<link rel=\"canonical\" href=\"https:\/\/dypall.com\/fi\/activity\/an-overview-of-the-first-study-visit-of-the-project-boosting-youth-participation-at-local-level-november-2017-south-of-portugal\/\" \/>\n<meta property=\"og:locale\" content=\"fi_FI\" \/>\n<meta property=\"og:type\" content=\"article\" \/>\n<meta property=\"og:title\" content=\"\u201cBoosting Youth Participation at Local Level\u201d Study visit to Portim\u00e3o - DYPALL Network\" \/>\n<meta property=\"og:description\" content=\"From 13 to 18 November 2017, DYPALL Network in cooperation with Puntland Diaspora Forum and Portim\u00e3o Municipality received a group of 26 representatives from organizations working with youth relevant issues and municipalities, for the study visit \u201cBoosting Youth Participation at Local Level\u201d (Boosting YP) in Portim\u00e3o (Portugal). These participants were from Portugal, Sweden, Turkey, Slovakia,&hellip; Jatka lukemista \u201cBoosting Youth Participation at Local Level\u201d Study visit to Portim\u00e3o\" \/>\n<meta property=\"og:url\" content=\"https:\/\/dypall.com\/fi\/activity\/an-overview-of-the-first-study-visit-of-the-project-boosting-youth-participation-at-local-level-november-2017-south-of-portugal\/\" \/>\n<meta property=\"og:site_name\" content=\"DYPALL Network\" \/>\n<meta property=\"article:published_time\" content=\"2017-11-27T18:06:49+00:00\" \/>\n<meta name=\"author\" content=\"DYPALL Network\" \/>\n<meta name=\"twitter:card\" content=\"summary_large_image\" \/>\n<meta name=\"twitter:label1\" content=\"Written by\" \/>\n\t<meta name=\"twitter:data1\" content=\"DYPALL Network\" \/>\n\t<meta name=\"twitter:label2\" content=\"Est. reading time\" \/>\n\t<meta name=\"twitter:data2\" content=\"1 minuutti\" \/>\n<script type=\"application\/ld+json\" class=\"yoast-schema-graph\">{\"@context\":\"https:\/\/schema.org\",\"@graph\":[{\"@type\":\"WebPage\",\"@id\":\"https:\/\/dypall.com\/activity\/an-overview-of-the-first-study-visit-of-the-project-boosting-youth-participation-at-local-level-november-2017-south-of-portugal\/\",\"url\":\"https:\/\/dypall.com\/activity\/an-overview-of-the-first-study-visit-of-the-project-boosting-youth-participation-at-local-level-november-2017-south-of-portugal\/\",\"name\":\"\u201cBoosting Youth Participation at Local Level\u201d Study visit to Portim\u00e3o - DYPALL Network\",\"isPartOf\":{\"@id\":\"https:\/\/dypall.com\/#website\"},\"primaryImageOfPage\":{\"@id\":\"https:\/\/dypall.com\/activity\/an-overview-of-the-first-study-visit-of-the-project-boosting-youth-participation-at-local-level-november-2017-south-of-portugal\/#primaryimage\"},\"image\":{\"@id\":\"https:\/\/dypall.com\/activity\/an-overview-of-the-first-study-visit-of-the-project-boosting-youth-participation-at-local-level-november-2017-south-of-portugal\/#primaryimage\"},\"thumbnailUrl\":\"\",\"datePublished\":\"2017-11-27T18:06:49+00:00\",\"dateModified\":\"2017-11-27T18:06:49+00:00\",\"author\":{\"@id\":\"https:\/\/dypall.com\/#\/schema\/person\/f92e08aa15c8ba711a9d153129f03377\"},\"breadcrumb\":{\"@id\":\"https:\/\/dypall.com\/activity\/an-overview-of-the-first-study-visit-of-the-project-boosting-youth-participation-at-local-level-november-2017-south-of-portugal\/#breadcrumb\"},\"inLanguage\":\"fi\",\"potentialAction\":[{\"@type\":\"ReadAction\",\"target\":[\"https:\/\/dypall.com\/activity\/an-overview-of-the-first-study-visit-of-the-project-boosting-youth-participation-at-local-level-november-2017-south-of-portugal\/\"]}]},{\"@type\":\"ImageObject\",\"inLanguage\":\"fi\",\"@id\":\"https:\/\/dypall.com\/activity\/an-overview-of-the-first-study-visit-of-the-project-boosting-youth-participation-at-local-level-november-2017-south-of-portugal\/#primaryimage\",\"url\":\"\",\"contentUrl\":\"\"},{\"@type\":\"BreadcrumbList\",\"@id\":\"https:\/\/dypall.com\/activity\/an-overview-of-the-first-study-visit-of-the-project-boosting-youth-participation-at-local-level-november-2017-south-of-portugal\/#breadcrumb\",\"itemListElement\":[{\"@type\":\"ListItem\",\"position\":1,\"name\":\"Home\",\"item\":\"https:\/\/dypall.com\/\"},{\"@type\":\"ListItem\",\"position\":2,\"name\":\"\u201cBoosting Youth Participation at Local Level\u201d Study visit to Portim\u00e3o\"}]},{\"@type\":\"WebSite\",\"@id\":\"https:\/\/dypall.com\/#website\",\"url\":\"https:\/\/dypall.com\/\",\"name\":\"DYPALL Network\",\"description\":\"We are a European network of civil society organisations, municipalities and research institutions dedicated to improving democracy through youth participation.\",\"potentialAction\":[{\"@type\":\"SearchAction\",\"target\":{\"@type\":\"EntryPoint\",\"urlTemplate\":\"https:\/\/dypall.com\/?s={search_term_string}\"},\"query-input\":\"required name=search_term_string\"}],\"inLanguage\":\"fi\"},{\"@type\":\"Person\",\"@id\":\"https:\/\/dypall.com\/#\/schema\/person\/f92e08aa15c8ba711a9d153129f03377\",\"name\":\"DYPALL Network\",\"image\":{\"@type\":\"ImageObject\",\"inLanguage\":\"fi\",\"@id\":\"https:\/\/dypall.com\/#\/schema\/person\/image\/\",\"url\":\"https:\/\/secure.gravatar.com\/avatar\/9c39e299279800c6d69c5e02cf613e7bab060889f373052a03d7ac399e8f0d3c?s=96&d=mm&r=g\",\"contentUrl\":\"https:\/\/secure.gravatar.com\/avatar\/9c39e299279800c6d69c5e02cf613e7bab060889f373052a03d7ac399e8f0d3c?s=96&d=mm&r=g\",\"caption\":\"DYPALL Network\"},\"sameAs\":[\"https:\/\/dypall.com\"],\"url\":\"https:\/\/dypall.com\/fi\/author\/dypall\/\"}]}<\/script>\n<!-- \/ Yoast SEO plugin. -->","yoast_head_json":{"title":"\u201cBoosting Youth Participation at Local Level\u201d Study visit to Portim\u00e3o - DYPALL Network","robots":{"index":"index","follow":"follow","max-snippet":"max-snippet:-1","max-image-preview":"max-image-preview:large","max-video-preview":"max-video-preview:-1"},"canonical":"https:\/\/dypall.com\/fi\/activity\/an-overview-of-the-first-study-visit-of-the-project-boosting-youth-participation-at-local-level-november-2017-south-of-portugal\/","og_locale":"fi_FI","og_type":"article","og_title":"\u201cBoosting Youth Participation at Local Level\u201d Study visit to Portim\u00e3o - DYPALL Network","og_description":"From 13 to 18 November 2017, DYPALL Network in cooperation with Puntland Diaspora Forum and Portim\u00e3o Municipality received a group of 26 representatives from organizations working with youth relevant issues and municipalities, for the study visit \u201cBoosting Youth Participation at Local Level\u201d (Boosting YP) in Portim\u00e3o (Portugal). These participants were from Portugal, Sweden, Turkey, Slovakia,&hellip; Jatka lukemista \u201cBoosting Youth Participation at Local Level\u201d Study visit to Portim\u00e3o","og_url":"https:\/\/dypall.com\/fi\/activity\/an-overview-of-the-first-study-visit-of-the-project-boosting-youth-participation-at-local-level-november-2017-south-of-portugal\/","og_site_name":"DYPALL Network","article_published_time":"2017-11-27T18:06:49+00:00","author":"DYPALL Network","twitter_card":"summary_large_image","twitter_misc":{"Written by":"DYPALL Network","Est. reading time":"1 minuutti"},"schema":{"@context":"https:\/\/schema.org","@graph":[{"@type":"WebPage","@id":"https:\/\/dypall.com\/activity\/an-overview-of-the-first-study-visit-of-the-project-boosting-youth-participation-at-local-level-november-2017-south-of-portugal\/","url":"https:\/\/dypall.com\/activity\/an-overview-of-the-first-study-visit-of-the-project-boosting-youth-participation-at-local-level-november-2017-south-of-portugal\/","name":"\u201cBoosting Youth Participation at Local Level\u201d Study visit to Portim\u00e3o - DYPALL Network","isPartOf":{"@id":"https:\/\/dypall.com\/#website"},"primaryImageOfPage":{"@id":"https:\/\/dypall.com\/activity\/an-overview-of-the-first-study-visit-of-the-project-boosting-youth-participation-at-local-level-november-2017-south-of-portugal\/#primaryimage"},"image":{"@id":"https:\/\/dypall.com\/activity\/an-overview-of-the-first-study-visit-of-the-project-boosting-youth-participation-at-local-level-november-2017-south-of-portugal\/#primaryimage"},"thumbnailUrl":"","datePublished":"2017-11-27T18:06:49+00:00","dateModified":"2017-11-27T18:06:49+00:00","author":{"@id":"https:\/\/dypall.com\/#\/schema\/person\/f92e08aa15c8ba711a9d153129f03377"},"breadcrumb":{"@id":"https:\/\/dypall.com\/activity\/an-overview-of-the-first-study-visit-of-the-project-boosting-youth-participation-at-local-level-november-2017-south-of-portugal\/#breadcrumb"},"inLanguage":"fi","potentialAction":[{"@type":"ReadAction","target":["https:\/\/dypall.com\/activity\/an-overview-of-the-first-study-visit-of-the-project-boosting-youth-participation-at-local-level-november-2017-south-of-portugal\/"]}]},{"@type":"ImageObject","inLanguage":"fi","@id":"https:\/\/dypall.com\/activity\/an-overview-of-the-first-study-visit-of-the-project-boosting-youth-participation-at-local-level-november-2017-south-of-portugal\/#primaryimage","url":"","contentUrl":""},{"@type":"BreadcrumbList","@id":"https:\/\/dypall.com\/activity\/an-overview-of-the-first-study-visit-of-the-project-boosting-youth-participation-at-local-level-november-2017-south-of-portugal\/#breadcrumb","itemListElement":[{"@type":"ListItem","position":1,"name":"Home","item":"https:\/\/dypall.com\/"},{"@type":"ListItem","position":2,"name":"\u201cBoosting Youth Participation at Local Level\u201d Study visit to Portim\u00e3o"}]},{"@type":"WebSite","@id":"https:\/\/dypall.com\/#website","url":"https:\/\/dypall.com\/","name":"DYPALL Network","description":"We are a European network of civil society organisations, municipalities and research institutions dedicated to improving democracy through youth participation.","potentialAction":[{"@type":"SearchAction","target":{"@type":"EntryPoint","urlTemplate":"https:\/\/dypall.com\/?s={search_term_string}"},"query-input":"required name=search_term_string"}],"inLanguage":"fi"},{"@type":"Person","@id":"https:\/\/dypall.com\/#\/schema\/person\/f92e08aa15c8ba711a9d153129f03377","name":"DYPALL Network","image":{"@type":"ImageObject","inLanguage":"fi","@id":"https:\/\/dypall.com\/#\/schema\/person\/image\/","url":"https:\/\/secure.gravatar.com\/avatar\/9c39e299279800c6d69c5e02cf613e7bab060889f373052a03d7ac399e8f0d3c?s=96&d=mm&r=g","contentUrl":"https:\/\/secure.gravatar.com\/avatar\/9c39e299279800c6d69c5e02cf613e7bab060889f373052a03d7ac399e8f0d3c?s=96&d=mm&r=g","caption":"DYPALL Network"},"sameAs":["https:\/\/dypall.com"],"url":"https:\/\/dypall.com\/fi\/author\/dypall\/"}]}},"jetpack_featured_media_url":"","jetpack_sharing_enabled":true,"_links":{"self":[{"href":"https:\/\/dypall.com\/fi\/wp-json\/wp\/v2\/posts\/2706","targetHints":{"allow":["GET"]}}],"collection":[{"href":"https:\/\/dypall.com\/fi\/wp-json\/wp\/v2\/posts"}],"about":[{"href":"https:\/\/dypall.com\/fi\/wp-json\/wp\/v2\/types\/post"}],"author":[{"embeddable":true,"href":"https:\/\/dypall.com\/fi\/wp-json\/wp\/v2\/users\/1"}],"replies":[{"embeddable":true,"href":"https:\/\/dypall.com\/fi\/wp-json\/wp\/v2\/comments?post=2706"}],"version-history":[{"count":0,"href":"https:\/\/dypall.com\/fi\/wp-json\/wp\/v2\/posts\/2706\/revisions"}],"wp:featuredmedia":[{"embeddable":true,"href":"https:\/\/dypall.com\/fi\/wp-json\/"}],"wp:attachment":[{"href":"https:\/\/dypall.com\/fi\/wp-json\/wp\/v2\/media?parent=2706"}],"wp:term":[{"taxonomy":"category","embeddable":true,"href":"https:\/\/dypall.com\/fi\/wp-json\/wp\/v2\/categories?post=2706"},{"taxonomy":"post_tag","embeddable":true,"href":"https:\/\/dypall.com\/fi\/wp-json\/wp\/v2\/tags?post=2706"}],"curies":[{"name":"wp","href":"https:\/\/api.w.org\/{rel}","templated":true}]}}