{"id":2149,"date":"2017-06-22T20:18:43","date_gmt":"2017-06-22T18:18:43","guid":{"rendered":"http:\/\/dypall.com\/?p=2149"},"modified":"2017-06-22T20:18:43","modified_gmt":"2017-06-22T18:18:43","slug":"conclusions-from-the-symposium-youth-policy-responses-to-the-contemporary-challenges-faced-by-young-people-12-14-june-prague","status":"publish","type":"post","link":"https:\/\/dypall.com\/fi\/activity\/conclusions-from-the-symposium-youth-policy-responses-to-the-contemporary-challenges-faced-by-young-people-12-14-june-prague\/","title":{"rendered":"P\u00e4\u00e4telm\u00e4t symposiumista \u201dYouth Policy Responses to the Contemporary Challenges Faced by Young People\u201d (12.\u201314. kes\u00e4kuuta, Praha)"},"content":{"rendered":"<p>Elena Ceban, Makedonian kulttuurienv\u00e4lisen vuoropuhelun keskuksesta, ja DYPALL-verkoston j\u00e4sen kertoivat <strong>Sy<img loading=\"lazy\" decoding=\"async\" class=\"size-medium wp-image-2152 alignright\" src=\"http:\/\/dypall.com\/wp-content\/uploads\/2017\/06\/19059304_1811740415508035_4880887241793676795_n-300x225.jpg\" alt=\"\" width=\"300\" height=\"225\" \/> mposium \u201dYouth Policy Responses to the Contemporary Challenges Faced by Young People\u201d (Nuorisopoliittiset vastaukset nuorten kohtaamiin nykyajan haasteisiin)<\/strong> Prahassa 12.\u201314. kes\u00e4kuuta 2017:<\/p>\n<p><em>Euroopan neuvoston ministerikomitean T\u0161ekin puheenjohtajakaudella 12.\u201314. kes\u00e4kuuta pidettyyn symposiumiin osallistui 110 hallitusten, valtiosta riippumattomien ja kansainv\u00e4listen j\u00e4rjest\u00f6jen, yliopistojen ja tutkimuslaitosten jne. edustajaa. Tarkoituksena oli kartoittaa nuorten eri puolilla Eurooppaa kohtaamia haasteita ja keskustella niist\u00e4 sek\u00e4 tehd\u00e4 yhteisty\u00f6t\u00e4 mahdollisten poliittisten ratkaisujen l\u00f6yt\u00e4miseksi n\u00e4ihin haasteisiin.<\/em><\/p>\n<p><em>Symposiumissa yhdistettiin t\u00e4ysistuntoja, temaattisia ryhmi\u00e4 ja ep\u00e4virallista verkostoitumista k\u00e4yt\u00e4nt\u00f6jen ja ajatusten vaihdon helpottamiseksi. Kuusi temaattista ryhm\u00e4\u00e4 m\u00e4\u00e4ritteli haasteita ja niihin liittyvi\u00e4 poliittisia ratkaisuja tarkastelemalla seuraavia aiheita: \u201dkuuluminen\u201d, \u201dvirasto ja vaikutusmahdollisuuksien lis\u00e4\u00e4minen\u201d, \u201dosallistuminen ja ilmaisu\u201d, \u201dvapaaehtoisuus\u201d, \u201doppiminen ja koulutus\u201d ja \u201dty\u00f6skentely ja luominen\u201d.<\/em><\/p>\n<p><em><img loading=\"lazy\" decoding=\"async\" class=\"size-medium wp-image-2154 alignleft\" src=\"http:\/\/dypall.com\/wp-content\/uploads\/2017\/06\/board-300x224.jpg\" alt=\"\" width=\"300\" height=\"224\" \/><\/em><\/p>\n<p><em>Tarinankerronnan t\u00e4ysistunnossa Bruno Antonio (DYPALL) jakoi henkil\u00f6kohtaisen tarinansa mahdollisena nuorisopoliittisena vastauksena ja vahvisti, ett\u00e4 nuorisopolitiikka ei ole toive \u2013 se on v\u00e4ltt\u00e4m\u00e4t\u00f6nt\u00e4 paitsi nuorille my\u00f6s paikallisyhteis\u00f6lle. H\u00e4n esitteli DYPALL-verkoston k\u00e4sitteen osana nuorisoon liittyvien kysymysten parissa ty\u00f6skentelevien paikallistason toimijoiden valmiuksien vahvistamista nuorten kohtaamiin haasteisiin vastaamiseksi.<\/em><\/p>\n<p><em>Keskeiset viestit, jotka osallistujat ovat koonneet temaattisissa ryhmiss\u00e4 j\u00e4rjestetyn ideoinnin j\u00e4lkeen, julkaistaan pian Euroopan neuvoston virallisella verkkosivustolla. Osa ty\u00f6ryhmien p\u00e4\u00e4telmist\u00e4 on t\u00e4ll\u00e4 v\u00e4lin luettavissa alla:<\/em><\/p>\n<ul>\n<li><em>Nuorisopolitiikka on olemassa poliittisessa kontekstissa, joten ep\u00e4tasa-arvo on tunnustettava.<img loading=\"lazy\" decoding=\"async\" class=\"size-medium wp-image-2151 alignright\" src=\"http:\/\/dypall.com\/wp-content\/uploads\/2017\/06\/speaker-300x224.jpg\" alt=\"\" width=\"300\" height=\"224\" \/>ja k\u00e4sitell\u00e4\u00e4n toimintapoliittisesta n\u00e4k\u00f6kulmasta;<\/em><\/li>\n<li><em>Vapaaehtoistoiminnan puitteita on tarkistettava ja p\u00e4ivitett\u00e4v\u00e4 ottaen huomioon nykyiset realiteetit ja erilaiset kansalliset kehykset.<\/em><\/li>\n<li><em>Solidaarisuudella on keskeinen rooli yhteenkuuluvuuden tunteen ja erilaisten identiteettien hyv\u00e4ksymisen lis\u00e4\u00e4misess\u00e4.<\/em><\/li>\n<li><em>J\u00e4sennelty\u00e4 vuoropuhelua olisi edistett\u00e4v\u00e4 k\u00e4yt\u00e4nt\u00f6n\u00e4, jota toteutetaan kansallisella ja paikallisella tasolla, jotta p\u00e4\u00e4tt\u00e4jien ja nuorten v\u00e4lille saadaan aikaan todellinen vuoropuhelu.<\/em><\/li>\n<li><em>Nuorisoty\u00f6n tunnustaminen l\u00e4hestymistavaksi koulutukseen ja ep\u00e4virallisen koulutuksen tunnustaminen menetelm\u00e4ksi edist\u00e4isi osallistavamman ja tarvel\u00e4ht\u00f6isemm\u00e4n nuorisopolitiikan luomista.<\/em><\/li>\n<li><em>Olisi kiinnitett\u00e4v\u00e4 enemm\u00e4n huomiota monialaiseen yhteisty\u00f6h\u00f6n ja sukupolvien v\u00e4liseen l\u00e4hestymistapaan, jotta voidaan yhdist\u00e4\u00e4 kokeneita ja testattuja menetelmi\u00e4 uusiin ja innovatiivisiin ideoihin.<\/em><\/li>\n<\/ul>\n<p><em>Euroopan komission koulutuksen ja kulttuurin p\u00e4\u00e4osaston virkamies Jacob Kornbeck p\u00e4\u00e4tti symposiumin toteamalla, ett\u00e4 nuorten olisi oltava kaikkien p\u00e4\u00e4t\u00f6ksentekoprosessien ytimess\u00e4, koska \u201djos et ole p\u00f6yd\u00e4ss\u00e4, olet valikossa\u201d.<\/em><\/p>\n<p><em>Kaikki symposiumiin liittyv\u00e4t asiakirjat ovat saatavilla <a href=\"http:\/\/pjp-eu.coe.int\/en\/web\/youth-partnership\/symposium\">t\u00e4ss\u00e4<\/a>.<\/em><\/p>","protected":false},"excerpt":{"rendered":"<p>Elena Ceban Makedonian kulttuurienv\u00e4lisen vuoropuhelun keskuksesta ja DYPALL-verkoston j\u00e4sen kertoivat Prahassa 12.\u201314. kes\u00e4kuuta 2017 pidetyn symposiumin \u201dYouth Policy Responses to the Contemporary Challenges Faced by Young People\u201d p\u00e4\u00e4telmist\u00e4: Symposium, joka pidettiin 12.-14. kes\u00e4kuuta puitteissa... <a class=\"more-link\" href=\"https:\/\/dypall.com\/fi\/activity\/conclusions-from-the-symposium-youth-policy-responses-to-the-contemporary-challenges-faced-by-young-people-12-14-june-prague\/\">Jatka lukemista <span class=\"screen-reader-text\">P\u00e4\u00e4telm\u00e4t symposiumista \u201dYouth Policy Responses to the Contemporary Challenges Faced by Young People\u201d (12.\u201314. kes\u00e4kuuta, Praha)<\/span><\/a><\/p>","protected":false},"author":1,"featured_media":2150,"comment_status":"closed","ping_status":"open","sticky":false,"template":"","format":"standard","meta":{"_acf_changed":false,"_jetpack_memberships_contains_paid_content":false,"footnotes":""},"categories":[111,112],"tags":[113,115],"class_list":["post-2149","post","type-post","status-publish","format-standard","has-post-thumbnail","hentry","category-activity","category-conference","tag-conference","tag-seminar","entry"],"acf":[],"yoast_head":"<!-- This site is optimized with the Yoast SEO plugin v22.8 - https:\/\/yoast.com\/wordpress\/plugins\/seo\/ -->\n<title>Conclusions from the Symposium &#039;Youth Policy Responses to the Contemporary Challenges Faced by Young People\u2019 (12-14 June, Prague) - DYPALL Network<\/title>\n<meta name=\"robots\" content=\"index, follow, max-snippet:-1, max-image-preview:large, max-video-preview:-1\" \/>\n<link rel=\"canonical\" href=\"https:\/\/dypall.com\/fi\/activity\/conclusions-from-the-symposium-youth-policy-responses-to-the-contemporary-challenges-faced-by-young-people-12-14-june-prague\/\" \/>\n<meta property=\"og:locale\" content=\"fi_FI\" \/>\n<meta property=\"og:type\" content=\"article\" \/>\n<meta property=\"og:title\" content=\"Conclusions from the Symposium &#039;Youth Policy Responses to the Contemporary Challenges Faced by Young People\u2019 (12-14 June, Prague) - DYPALL Network\" \/>\n<meta property=\"og:description\" content=\"Elena Ceban, from the Center for Intercultural Dialogue in Macedonia, and a member of DYPALL Network shared the conclusions from the Sy mposium &#8216;Youth Policy Responses to the Contemporary Challenges Faced by Young People\u2019 held in Prague, from 12 to 14 June 2017: The Symposium that was held between 12-14 of June in the framework&hellip; Jatka lukemista Conclusions from the Symposium &#8216;Youth Policy Responses to the Contemporary Challenges Faced by Young People\u2019 (12-14 June, Prague)\" \/>\n<meta property=\"og:url\" content=\"https:\/\/dypall.com\/fi\/activity\/conclusions-from-the-symposium-youth-policy-responses-to-the-contemporary-challenges-faced-by-young-people-12-14-june-prague\/\" \/>\n<meta property=\"og:site_name\" content=\"DYPALL Network\" \/>\n<meta property=\"article:published_time\" content=\"2017-06-22T18:18:43+00:00\" \/>\n<meta name=\"author\" content=\"DYPALL Network\" \/>\n<meta name=\"twitter:card\" content=\"summary_large_image\" \/>\n<meta name=\"twitter:label1\" content=\"Written by\" \/>\n\t<meta name=\"twitter:data1\" content=\"DYPALL Network\" \/>\n\t<meta name=\"twitter:label2\" content=\"Est. reading time\" \/>\n\t<meta name=\"twitter:data2\" content=\"2 minuuttia\" \/>\n<script type=\"application\/ld+json\" class=\"yoast-schema-graph\">{\"@context\":\"https:\/\/schema.org\",\"@graph\":[{\"@type\":\"WebPage\",\"@id\":\"https:\/\/dypall.com\/activity\/conclusions-from-the-symposium-youth-policy-responses-to-the-contemporary-challenges-faced-by-young-people-12-14-june-prague\/\",\"url\":\"https:\/\/dypall.com\/activity\/conclusions-from-the-symposium-youth-policy-responses-to-the-contemporary-challenges-faced-by-young-people-12-14-june-prague\/\",\"name\":\"Conclusions from the Symposium 'Youth Policy Responses to the Contemporary Challenges Faced by Young People\u2019 (12-14 June, Prague) - DYPALL Network\",\"isPartOf\":{\"@id\":\"https:\/\/dypall.com\/#website\"},\"primaryImageOfPage\":{\"@id\":\"https:\/\/dypall.com\/activity\/conclusions-from-the-symposium-youth-policy-responses-to-the-contemporary-challenges-faced-by-young-people-12-14-june-prague\/#primaryimage\"},\"image\":{\"@id\":\"https:\/\/dypall.com\/activity\/conclusions-from-the-symposium-youth-policy-responses-to-the-contemporary-challenges-faced-by-young-people-12-14-june-prague\/#primaryimage\"},\"thumbnailUrl\":\"\",\"datePublished\":\"2017-06-22T18:18:43+00:00\",\"dateModified\":\"2017-06-22T18:18:43+00:00\",\"author\":{\"@id\":\"https:\/\/dypall.com\/#\/schema\/person\/f92e08aa15c8ba711a9d153129f03377\"},\"breadcrumb\":{\"@id\":\"https:\/\/dypall.com\/activity\/conclusions-from-the-symposium-youth-policy-responses-to-the-contemporary-challenges-faced-by-young-people-12-14-june-prague\/#breadcrumb\"},\"inLanguage\":\"fi\",\"potentialAction\":[{\"@type\":\"ReadAction\",\"target\":[\"https:\/\/dypall.com\/activity\/conclusions-from-the-symposium-youth-policy-responses-to-the-contemporary-challenges-faced-by-young-people-12-14-june-prague\/\"]}]},{\"@type\":\"ImageObject\",\"inLanguage\":\"fi\",\"@id\":\"https:\/\/dypall.com\/activity\/conclusions-from-the-symposium-youth-policy-responses-to-the-contemporary-challenges-faced-by-young-people-12-14-june-prague\/#primaryimage\",\"url\":\"\",\"contentUrl\":\"\"},{\"@type\":\"BreadcrumbList\",\"@id\":\"https:\/\/dypall.com\/activity\/conclusions-from-the-symposium-youth-policy-responses-to-the-contemporary-challenges-faced-by-young-people-12-14-june-prague\/#breadcrumb\",\"itemListElement\":[{\"@type\":\"ListItem\",\"position\":1,\"name\":\"Home\",\"item\":\"https:\/\/dypall.com\/\"},{\"@type\":\"ListItem\",\"position\":2,\"name\":\"Conclusions from the Symposium &#8216;Youth Policy Responses to the Contemporary Challenges Faced by Young People\u2019 (12-14 June, Prague)\"}]},{\"@type\":\"WebSite\",\"@id\":\"https:\/\/dypall.com\/#website\",\"url\":\"https:\/\/dypall.com\/\",\"name\":\"DYPALL Network\",\"description\":\"We are a European network of civil society organisations, municipalities and research institutions dedicated to improving democracy through youth participation.\",\"potentialAction\":[{\"@type\":\"SearchAction\",\"target\":{\"@type\":\"EntryPoint\",\"urlTemplate\":\"https:\/\/dypall.com\/?s={search_term_string}\"},\"query-input\":\"required name=search_term_string\"}],\"inLanguage\":\"fi\"},{\"@type\":\"Person\",\"@id\":\"https:\/\/dypall.com\/#\/schema\/person\/f92e08aa15c8ba711a9d153129f03377\",\"name\":\"DYPALL Network\",\"image\":{\"@type\":\"ImageObject\",\"inLanguage\":\"fi\",\"@id\":\"https:\/\/dypall.com\/#\/schema\/person\/image\/\",\"url\":\"https:\/\/secure.gravatar.com\/avatar\/9c39e299279800c6d69c5e02cf613e7bab060889f373052a03d7ac399e8f0d3c?s=96&d=mm&r=g\",\"contentUrl\":\"https:\/\/secure.gravatar.com\/avatar\/9c39e299279800c6d69c5e02cf613e7bab060889f373052a03d7ac399e8f0d3c?s=96&d=mm&r=g\",\"caption\":\"DYPALL Network\"},\"sameAs\":[\"https:\/\/dypall.com\"],\"url\":\"https:\/\/dypall.com\/fi\/author\/dypall\/\"}]}<\/script>\n<!-- \/ Yoast SEO plugin. -->","yoast_head_json":{"title":"Conclusions from the Symposium 'Youth Policy Responses to the Contemporary Challenges Faced by Young People\u2019 (12-14 June, Prague) - DYPALL Network","robots":{"index":"index","follow":"follow","max-snippet":"max-snippet:-1","max-image-preview":"max-image-preview:large","max-video-preview":"max-video-preview:-1"},"canonical":"https:\/\/dypall.com\/fi\/activity\/conclusions-from-the-symposium-youth-policy-responses-to-the-contemporary-challenges-faced-by-young-people-12-14-june-prague\/","og_locale":"fi_FI","og_type":"article","og_title":"Conclusions from the Symposium 'Youth Policy Responses to the Contemporary Challenges Faced by Young People\u2019 (12-14 June, Prague) - DYPALL Network","og_description":"Elena Ceban, from the Center for Intercultural Dialogue in Macedonia, and a member of DYPALL Network shared the conclusions from the Sy mposium &#8216;Youth Policy Responses to the Contemporary Challenges Faced by Young People\u2019 held in Prague, from 12 to 14 June 2017: The Symposium that was held between 12-14 of June in the framework&hellip; Jatka lukemista Conclusions from the Symposium &#8216;Youth Policy Responses to the Contemporary Challenges Faced by Young People\u2019 (12-14 June, Prague)","og_url":"https:\/\/dypall.com\/fi\/activity\/conclusions-from-the-symposium-youth-policy-responses-to-the-contemporary-challenges-faced-by-young-people-12-14-june-prague\/","og_site_name":"DYPALL Network","article_published_time":"2017-06-22T18:18:43+00:00","author":"DYPALL Network","twitter_card":"summary_large_image","twitter_misc":{"Written by":"DYPALL Network","Est. reading time":"2 minuuttia"},"schema":{"@context":"https:\/\/schema.org","@graph":[{"@type":"WebPage","@id":"https:\/\/dypall.com\/activity\/conclusions-from-the-symposium-youth-policy-responses-to-the-contemporary-challenges-faced-by-young-people-12-14-june-prague\/","url":"https:\/\/dypall.com\/activity\/conclusions-from-the-symposium-youth-policy-responses-to-the-contemporary-challenges-faced-by-young-people-12-14-june-prague\/","name":"Conclusions from the Symposium 'Youth Policy Responses to the Contemporary Challenges Faced by Young People\u2019 (12-14 June, Prague) - DYPALL Network","isPartOf":{"@id":"https:\/\/dypall.com\/#website"},"primaryImageOfPage":{"@id":"https:\/\/dypall.com\/activity\/conclusions-from-the-symposium-youth-policy-responses-to-the-contemporary-challenges-faced-by-young-people-12-14-june-prague\/#primaryimage"},"image":{"@id":"https:\/\/dypall.com\/activity\/conclusions-from-the-symposium-youth-policy-responses-to-the-contemporary-challenges-faced-by-young-people-12-14-june-prague\/#primaryimage"},"thumbnailUrl":"","datePublished":"2017-06-22T18:18:43+00:00","dateModified":"2017-06-22T18:18:43+00:00","author":{"@id":"https:\/\/dypall.com\/#\/schema\/person\/f92e08aa15c8ba711a9d153129f03377"},"breadcrumb":{"@id":"https:\/\/dypall.com\/activity\/conclusions-from-the-symposium-youth-policy-responses-to-the-contemporary-challenges-faced-by-young-people-12-14-june-prague\/#breadcrumb"},"inLanguage":"fi","potentialAction":[{"@type":"ReadAction","target":["https:\/\/dypall.com\/activity\/conclusions-from-the-symposium-youth-policy-responses-to-the-contemporary-challenges-faced-by-young-people-12-14-june-prague\/"]}]},{"@type":"ImageObject","inLanguage":"fi","@id":"https:\/\/dypall.com\/activity\/conclusions-from-the-symposium-youth-policy-responses-to-the-contemporary-challenges-faced-by-young-people-12-14-june-prague\/#primaryimage","url":"","contentUrl":""},{"@type":"BreadcrumbList","@id":"https:\/\/dypall.com\/activity\/conclusions-from-the-symposium-youth-policy-responses-to-the-contemporary-challenges-faced-by-young-people-12-14-june-prague\/#breadcrumb","itemListElement":[{"@type":"ListItem","position":1,"name":"Home","item":"https:\/\/dypall.com\/"},{"@type":"ListItem","position":2,"name":"Conclusions from the Symposium &#8216;Youth Policy Responses to the Contemporary Challenges Faced by Young People\u2019 (12-14 June, Prague)"}]},{"@type":"WebSite","@id":"https:\/\/dypall.com\/#website","url":"https:\/\/dypall.com\/","name":"DYPALL Network","description":"We are a European network of civil society organisations, municipalities and research institutions dedicated to improving democracy through youth participation.","potentialAction":[{"@type":"SearchAction","target":{"@type":"EntryPoint","urlTemplate":"https:\/\/dypall.com\/?s={search_term_string}"},"query-input":"required name=search_term_string"}],"inLanguage":"fi"},{"@type":"Person","@id":"https:\/\/dypall.com\/#\/schema\/person\/f92e08aa15c8ba711a9d153129f03377","name":"DYPALL Network","image":{"@type":"ImageObject","inLanguage":"fi","@id":"https:\/\/dypall.com\/#\/schema\/person\/image\/","url":"https:\/\/secure.gravatar.com\/avatar\/9c39e299279800c6d69c5e02cf613e7bab060889f373052a03d7ac399e8f0d3c?s=96&d=mm&r=g","contentUrl":"https:\/\/secure.gravatar.com\/avatar\/9c39e299279800c6d69c5e02cf613e7bab060889f373052a03d7ac399e8f0d3c?s=96&d=mm&r=g","caption":"DYPALL Network"},"sameAs":["https:\/\/dypall.com"],"url":"https:\/\/dypall.com\/fi\/author\/dypall\/"}]}},"jetpack_featured_media_url":"","jetpack_sharing_enabled":true,"_links":{"self":[{"href":"https:\/\/dypall.com\/fi\/wp-json\/wp\/v2\/posts\/2149","targetHints":{"allow":["GET"]}}],"collection":[{"href":"https:\/\/dypall.com\/fi\/wp-json\/wp\/v2\/posts"}],"about":[{"href":"https:\/\/dypall.com\/fi\/wp-json\/wp\/v2\/types\/post"}],"author":[{"embeddable":true,"href":"https:\/\/dypall.com\/fi\/wp-json\/wp\/v2\/users\/1"}],"replies":[{"embeddable":true,"href":"https:\/\/dypall.com\/fi\/wp-json\/wp\/v2\/comments?post=2149"}],"version-history":[{"count":0,"href":"https:\/\/dypall.com\/fi\/wp-json\/wp\/v2\/posts\/2149\/revisions"}],"wp:featuredmedia":[{"embeddable":true,"href":"https:\/\/dypall.com\/fi\/wp-json\/"}],"wp:attachment":[{"href":"https:\/\/dypall.com\/fi\/wp-json\/wp\/v2\/media?parent=2149"}],"wp:term":[{"taxonomy":"category","embeddable":true,"href":"https:\/\/dypall.com\/fi\/wp-json\/wp\/v2\/categories?post=2149"},{"taxonomy":"post_tag","embeddable":true,"href":"https:\/\/dypall.com\/fi\/wp-json\/wp\/v2\/tags?post=2149"}],"curies":[{"name":"wp","href":"https:\/\/api.w.org\/{rel}","templated":true}]}}