{"id":1486,"date":"2016-04-13T09:20:07","date_gmt":"2016-04-13T07:20:07","guid":{"rendered":"http:\/\/dypall.com\/?p=1486"},"modified":"2016-04-13T09:20:07","modified_gmt":"2016-04-13T07:20:07","slug":"hearyourvoices-2","status":"publish","type":"post","link":"https:\/\/dypall.com\/fi\/activity\/hearyourvoices-2\/","title":{"rendered":"#hearyourvoices : Katsaus konferenssiin"},"content":{"rendered":"<p><em><a href=\"http:\/\/dypall.com\/fi\/2016\/04\/13\/hearyourvoices-2\/armend\/#main\" rel=\"attachment wp-att-1490\"><img loading=\"lazy\" decoding=\"async\" class=\"size-medium wp-image-1490 alignleft\" src=\"http:\/\/dypall.com\/wp-content\/uploads\/2016\/11\/Armend-300x213.png\" alt=\"armend\" width=\"300\" height=\"213\" \/><\/a>\u201dOlen kotoisin Kumanovon kunnasta (Makedonia), eurointegraatiosta ja kansainv\u00e4lisest\u00e4 yhteisty\u00f6st\u00e4 vastaavasta osastosta. Tulin t\u00e4nne konferenssiin. <\/em><em>\u201dPaikallis- ja aluetason nuorisopolitiikka\u201d kokemusten jakamiseksi kuntani, Portim\u00e3on kunnan ja muiden paikalla olevien paikallisviranomaisten kesken, tiet\u00e4myksen vaihtamiseksi, yhteyksien luomiseksi ja verkoston luomiseksi.<br \/>\nOdotan lis\u00e4\u00e4v\u00e4ni tiet\u00e4myst\u00e4mme nuorten osallistumisen eri mekanismeista.<\/em><\/p>\n<p>Nuorten osallistuminen merkitsee minulle paljon, koska olen kunnan virkamies ja ty\u00f6skentelen erilaisissa hankkeissa paikallisten nuorisoliikkeiden kanssa, joten on hyv\u00e4 n\u00e4hd\u00e4 samanlaisia kokemuksia ja verrata niit\u00e4 siihen, miten toteutamme niit\u00e4 maassamme. DYPALL-verkoston ja t\u00e4m\u00e4n konferenssin tarjoama mahdollisuus saada kansalaisyhteiskunta ja nuorisoj\u00e4rjest\u00f6t yhteen kuntien kanssa on eritt\u00e4in t\u00e4rke\u00e4, koska kaikki n\u00e4m\u00e4 kansalaisj\u00e4rjest\u00f6jen hankkeet integroivat ja ruokkivat paikallis- ja alueviranomaisten ohjelmaa.<\/p>\n<p>Nuoriso on nykyhetki ja tulevaisuus, joten nuorten tarpeet ovat todella t\u00e4rkeit\u00e4, ja jokaisella maalla ja jokaisella alueella olisi oltava strateginen suunnitelma nuorten ja heid\u00e4n hyvinvointinsa kehitt\u00e4miseksi, koska he ovat sukupolvi, joka johtaa tulevaisuutta.\u201d<\/p>\n<p><strong>Armend Mehmeti, Kumanovon kunta, (Makedonia)<\/strong><\/p>\n<p>&nbsp;<\/p>\n<p>Lue lis\u00e4\u00e4 kansainv\u00e4lisest\u00e4 konferenssista <a href=\"https:\/\/dypall.com\/fi\/activity\/international-conference-developing-our-territories-through-youth-participation-in-decision-making\/\">\u201dNuorisopolitiikka paikallis- ja aluetasolla \u2013 alueiden kehitt\u00e4minen nuorten p\u00e4\u00e4t\u00f6ksentekoon osallistumisen avulla\u201d<\/a> Portim\u00e3o (Portugali) 12.\u201315. huhtikuuta 2016<\/p>","protected":false},"excerpt":{"rendered":"<p>\u201dOlen kotoisin Kumanovon kunnasta (Makedonia), eurointegraatiosta ja kansainv\u00e4lisest\u00e4 yhteisty\u00f6st\u00e4 vastaavasta osastosta. Tulin t\u00e4nne paikallis- ja aluetason nuorisopolitiikkaa k\u00e4sittelev\u00e4\u00e4n konferenssiin jakamaan kokemuksia kuntani, Portim\u00e3on kunnan ja muiden paikalla olevien paikallisviranomaisten kesken, vaihtamaan tietoja, luomaan yhteyksi\u00e4 ja luomaan verkostoa. Odotukseni on... <a class=\"more-link\" href=\"https:\/\/dypall.com\/fi\/activity\/hearyourvoices-2\/\">Jatka lukemista <span class=\"screen-reader-text\">#hearyourvoices : Katsaus konferenssiin<\/span><\/a><\/p>","protected":false},"author":2,"featured_media":1490,"comment_status":"closed","ping_status":"open","sticky":false,"template":"","format":"standard","meta":{"_acf_changed":false,"_jetpack_memberships_contains_paid_content":false,"footnotes":""},"categories":[111,112],"tags":[113,115,121],"class_list":["post-1486","post","type-post","status-publish","format-standard","has-post-thumbnail","hentry","category-activity","category-conference","tag-conference","tag-seminar","tag-testimony","entry"],"acf":[],"yoast_head":"<!-- This site is optimized with the Yoast SEO plugin v22.8 - https:\/\/yoast.com\/wordpress\/plugins\/seo\/ -->\n<title>#hearyourvoices : glimpses of the Conference - DYPALL Network<\/title>\n<meta name=\"robots\" content=\"index, follow, max-snippet:-1, max-image-preview:large, max-video-preview:-1\" \/>\n<link rel=\"canonical\" href=\"https:\/\/dypall.com\/fi\/activity\/hearyourvoices-2\/\" \/>\n<meta property=\"og:locale\" content=\"fi_FI\" \/>\n<meta property=\"og:type\" content=\"article\" \/>\n<meta property=\"og:title\" content=\"#hearyourvoices : glimpses of the Conference - DYPALL Network\" \/>\n<meta property=\"og:description\" content=\"&#8220;I am from the Municipality of Kumanovo (Macedonia), Department for Euro-integration and international cooperation. I came here to the Conference \u201cYouth Policy at Local and Regional level\u201d to share experiences among my municipality, the municipality of Portim\u00e3o and the other local authorities here present, to exchange knowledge, contacts and create a network. My expectation is&hellip; Jatka lukemista #hearyourvoices : glimpses of the Conference\" \/>\n<meta property=\"og:url\" content=\"https:\/\/dypall.com\/fi\/activity\/hearyourvoices-2\/\" \/>\n<meta property=\"og:site_name\" content=\"DYPALL Network\" \/>\n<meta property=\"article:published_time\" content=\"2016-04-13T07:20:07+00:00\" \/>\n<meta name=\"author\" content=\"dypall\" \/>\n<meta name=\"twitter:card\" content=\"summary_large_image\" \/>\n<meta name=\"twitter:label1\" content=\"Written by\" \/>\n\t<meta name=\"twitter:data1\" content=\"dypall\" \/>\n\t<meta name=\"twitter:label2\" content=\"Est. reading time\" \/>\n\t<meta name=\"twitter:data2\" content=\"1 minuutti\" \/>\n<script type=\"application\/ld+json\" class=\"yoast-schema-graph\">{\"@context\":\"https:\/\/schema.org\",\"@graph\":[{\"@type\":\"WebPage\",\"@id\":\"https:\/\/dypall.com\/activity\/hearyourvoices-2\/\",\"url\":\"https:\/\/dypall.com\/activity\/hearyourvoices-2\/\",\"name\":\"#hearyourvoices : glimpses of the Conference - DYPALL Network\",\"isPartOf\":{\"@id\":\"https:\/\/dypall.com\/#website\"},\"primaryImageOfPage\":{\"@id\":\"https:\/\/dypall.com\/activity\/hearyourvoices-2\/#primaryimage\"},\"image\":{\"@id\":\"https:\/\/dypall.com\/activity\/hearyourvoices-2\/#primaryimage\"},\"thumbnailUrl\":\"\",\"datePublished\":\"2016-04-13T07:20:07+00:00\",\"dateModified\":\"2016-04-13T07:20:07+00:00\",\"author\":{\"@id\":\"https:\/\/dypall.com\/#\/schema\/person\/206350efe851997fcdedef75d118766b\"},\"breadcrumb\":{\"@id\":\"https:\/\/dypall.com\/activity\/hearyourvoices-2\/#breadcrumb\"},\"inLanguage\":\"fi\",\"potentialAction\":[{\"@type\":\"ReadAction\",\"target\":[\"https:\/\/dypall.com\/activity\/hearyourvoices-2\/\"]}]},{\"@type\":\"ImageObject\",\"inLanguage\":\"fi\",\"@id\":\"https:\/\/dypall.com\/activity\/hearyourvoices-2\/#primaryimage\",\"url\":\"\",\"contentUrl\":\"\"},{\"@type\":\"BreadcrumbList\",\"@id\":\"https:\/\/dypall.com\/activity\/hearyourvoices-2\/#breadcrumb\",\"itemListElement\":[{\"@type\":\"ListItem\",\"position\":1,\"name\":\"Home\",\"item\":\"https:\/\/dypall.com\/\"},{\"@type\":\"ListItem\",\"position\":2,\"name\":\"#hearyourvoices : glimpses of the Conference\"}]},{\"@type\":\"WebSite\",\"@id\":\"https:\/\/dypall.com\/#website\",\"url\":\"https:\/\/dypall.com\/\",\"name\":\"DYPALL Network\",\"description\":\"We are a European network of civil society organisations, municipalities and research institutions dedicated to improving democracy through youth participation.\",\"potentialAction\":[{\"@type\":\"SearchAction\",\"target\":{\"@type\":\"EntryPoint\",\"urlTemplate\":\"https:\/\/dypall.com\/?s={search_term_string}\"},\"query-input\":\"required name=search_term_string\"}],\"inLanguage\":\"fi\"},{\"@type\":\"Person\",\"@id\":\"https:\/\/dypall.com\/#\/schema\/person\/206350efe851997fcdedef75d118766b\",\"name\":\"dypall\",\"image\":{\"@type\":\"ImageObject\",\"inLanguage\":\"fi\",\"@id\":\"https:\/\/dypall.com\/#\/schema\/person\/image\/\",\"url\":\"https:\/\/secure.gravatar.com\/avatar\/14e8d3d8841cd0bdf69915120bcf9fcfac1567f1dc7035664907322ac47efe29?s=96&d=mm&r=g\",\"contentUrl\":\"https:\/\/secure.gravatar.com\/avatar\/14e8d3d8841cd0bdf69915120bcf9fcfac1567f1dc7035664907322ac47efe29?s=96&d=mm&r=g\",\"caption\":\"dypall\"},\"url\":\"https:\/\/dypall.com\/fi\/author\/dypall_info\/\"}]}<\/script>\n<!-- \/ Yoast SEO plugin. -->","yoast_head_json":{"title":"#hearyourvoices : glimpses of the Conference - DYPALL Network","robots":{"index":"index","follow":"follow","max-snippet":"max-snippet:-1","max-image-preview":"max-image-preview:large","max-video-preview":"max-video-preview:-1"},"canonical":"https:\/\/dypall.com\/fi\/activity\/hearyourvoices-2\/","og_locale":"fi_FI","og_type":"article","og_title":"#hearyourvoices : glimpses of the Conference - DYPALL Network","og_description":"&#8220;I am from the Municipality of Kumanovo (Macedonia), Department for Euro-integration and international cooperation. I came here to the Conference \u201cYouth Policy at Local and Regional level\u201d to share experiences among my municipality, the municipality of Portim\u00e3o and the other local authorities here present, to exchange knowledge, contacts and create a network. My expectation is&hellip; Jatka lukemista #hearyourvoices : glimpses of the Conference","og_url":"https:\/\/dypall.com\/fi\/activity\/hearyourvoices-2\/","og_site_name":"DYPALL Network","article_published_time":"2016-04-13T07:20:07+00:00","author":"dypall","twitter_card":"summary_large_image","twitter_misc":{"Written by":"dypall","Est. reading time":"1 minuutti"},"schema":{"@context":"https:\/\/schema.org","@graph":[{"@type":"WebPage","@id":"https:\/\/dypall.com\/activity\/hearyourvoices-2\/","url":"https:\/\/dypall.com\/activity\/hearyourvoices-2\/","name":"#hearyourvoices : glimpses of the Conference - DYPALL Network","isPartOf":{"@id":"https:\/\/dypall.com\/#website"},"primaryImageOfPage":{"@id":"https:\/\/dypall.com\/activity\/hearyourvoices-2\/#primaryimage"},"image":{"@id":"https:\/\/dypall.com\/activity\/hearyourvoices-2\/#primaryimage"},"thumbnailUrl":"","datePublished":"2016-04-13T07:20:07+00:00","dateModified":"2016-04-13T07:20:07+00:00","author":{"@id":"https:\/\/dypall.com\/#\/schema\/person\/206350efe851997fcdedef75d118766b"},"breadcrumb":{"@id":"https:\/\/dypall.com\/activity\/hearyourvoices-2\/#breadcrumb"},"inLanguage":"fi","potentialAction":[{"@type":"ReadAction","target":["https:\/\/dypall.com\/activity\/hearyourvoices-2\/"]}]},{"@type":"ImageObject","inLanguage":"fi","@id":"https:\/\/dypall.com\/activity\/hearyourvoices-2\/#primaryimage","url":"","contentUrl":""},{"@type":"BreadcrumbList","@id":"https:\/\/dypall.com\/activity\/hearyourvoices-2\/#breadcrumb","itemListElement":[{"@type":"ListItem","position":1,"name":"Home","item":"https:\/\/dypall.com\/"},{"@type":"ListItem","position":2,"name":"#hearyourvoices : glimpses of the Conference"}]},{"@type":"WebSite","@id":"https:\/\/dypall.com\/#website","url":"https:\/\/dypall.com\/","name":"DYPALL Network","description":"We are a European network of civil society organisations, municipalities and research institutions dedicated to improving democracy through youth participation.","potentialAction":[{"@type":"SearchAction","target":{"@type":"EntryPoint","urlTemplate":"https:\/\/dypall.com\/?s={search_term_string}"},"query-input":"required name=search_term_string"}],"inLanguage":"fi"},{"@type":"Person","@id":"https:\/\/dypall.com\/#\/schema\/person\/206350efe851997fcdedef75d118766b","name":"dypall","image":{"@type":"ImageObject","inLanguage":"fi","@id":"https:\/\/dypall.com\/#\/schema\/person\/image\/","url":"https:\/\/secure.gravatar.com\/avatar\/14e8d3d8841cd0bdf69915120bcf9fcfac1567f1dc7035664907322ac47efe29?s=96&d=mm&r=g","contentUrl":"https:\/\/secure.gravatar.com\/avatar\/14e8d3d8841cd0bdf69915120bcf9fcfac1567f1dc7035664907322ac47efe29?s=96&d=mm&r=g","caption":"dypall"},"url":"https:\/\/dypall.com\/fi\/author\/dypall_info\/"}]}},"jetpack_featured_media_url":"","jetpack_sharing_enabled":true,"_links":{"self":[{"href":"https:\/\/dypall.com\/fi\/wp-json\/wp\/v2\/posts\/1486","targetHints":{"allow":["GET"]}}],"collection":[{"href":"https:\/\/dypall.com\/fi\/wp-json\/wp\/v2\/posts"}],"about":[{"href":"https:\/\/dypall.com\/fi\/wp-json\/wp\/v2\/types\/post"}],"author":[{"embeddable":true,"href":"https:\/\/dypall.com\/fi\/wp-json\/wp\/v2\/users\/2"}],"replies":[{"embeddable":true,"href":"https:\/\/dypall.com\/fi\/wp-json\/wp\/v2\/comments?post=1486"}],"version-history":[{"count":0,"href":"https:\/\/dypall.com\/fi\/wp-json\/wp\/v2\/posts\/1486\/revisions"}],"wp:featuredmedia":[{"embeddable":true,"href":"https:\/\/dypall.com\/fi\/wp-json\/"}],"wp:attachment":[{"href":"https:\/\/dypall.com\/fi\/wp-json\/wp\/v2\/media?parent=1486"}],"wp:term":[{"taxonomy":"category","embeddable":true,"href":"https:\/\/dypall.com\/fi\/wp-json\/wp\/v2\/categories?post=1486"},{"taxonomy":"post_tag","embeddable":true,"href":"https:\/\/dypall.com\/fi\/wp-json\/wp\/v2\/tags?post=1486"}],"curies":[{"name":"wp","href":"https:\/\/api.w.org\/{rel}","templated":true}]}}