{"id":6504,"date":"2023-06-23T10:50:48","date_gmt":"2023-06-23T09:50:48","guid":{"rendered":"https:\/\/dypall.com\/?p=6504"},"modified":"2023-06-23T10:50:48","modified_gmt":"2023-06-23T09:50:48","slug":"dypall-network-steering-group-meeting","status":"publish","type":"post","link":"https:\/\/dypall.com\/et\/activity\/dypall-network-steering-group-meeting\/","title":{"rendered":"V\u00f5rgustiku DYPALL juhtr\u00fchma koosolek"},"content":{"rendered":"<p><span style=\"font-weight: 400;\">DYPALL Network oli <strong>Juhtr\u00fchma koosolek<\/strong> 14.\u201317. juunil 2023 Portugalis Sintras.<\/span><\/p>\n<p><span style=\"font-weight: 400;\">Juhtr\u00fchma liikmed jagasid ajakohastatud teavet oma organisatsiooni praeguse t\u00f6\u00f6 ja poliitiliste prioriteetide kohta. Jagamise tulemusena avastati teemad, mis on praegu noorte osaluse jaoks \u00fcliolulised, n\u00e4iteks Euroopa Liidu piiridel elavate noorte suurem kaasatus ja osalemine, kuna nad seisavad silmitsi \u00e4\u00e4rmiselt keeruliste perioodidega, sest neil aladel on tugev v\u00e4lism\u00f5ju ning nad puutuvad kokku v\u00e4\u00e4rinfo, propaganda ja valeuudistega. Sellest tulenevalt t\u00f5i arutelu kaasa tulevaste koost\u00f6\u00f6v\u00f5imaluste v\u00e4ljaselgitamise.\u00a0<\/span><\/p>\n<p><span style=\"font-weight: 400;\">Juhtr\u00fchma liikmed andsid oma panuse DYPALLi v\u00f5rgustiku olemasoleva t\u00e4iustamiseks <strong>kommunikatsioonistrateegia<\/strong> ning m\u00e4\u00e4ras kindlaks v\u00f5rgustiku DYPALL eesm\u00e4rgid <strong>Liikmete kogu<\/strong> kogunemine, mis toimub 2023. aasta detsembris.\u00a0<\/span><\/p>\n<p><span style=\"font-weight: 400;\">Kohtumise \u00fcks peamisi eesm\u00e4rke oli t\u00f6\u00f6tada v\u00e4lja <strong>kontseptsioonikirjeldused keskkonnas\u00e4\u00e4stlikkuse t\u00f6\u00f6r\u00fchma liikmete konkursi kohta<\/strong>. Kogu 2023. aasta jooksul on ette n\u00e4htud, et t\u00f6\u00f6r\u00fchm tuleb kokku, et hinnata praegust keskkonnapoliitikat ja koostada soovitused v\u00f5rgustikule, et parandada selle kestlikkust ja muutuda 2026. aastaks CO2-neutraalseks.\u00a0<\/span><\/p>\n<p><span style=\"font-weight: 400;\">Koosolekul oli liikmetel ka v\u00f5imalus tutvuda paremini v\u00f5rgustiku DYPALL t\u00f6\u00f6ga kohalikul tasandil, peamiselt Sintra ja Cascais\u2019 omavalitsustega. Meil oli v\u00f5imalus k\u00fclastada Sintra noortekeskust, kus noorsoot\u00f6\u00f6taja selgitas, kuidas noortesektor ja Sintra noortekeskus on aastate jooksul arenenud ning kuidas DYPALL Network aitas kaasa selle suutlikkuse suurendamisele ja toetas kohaliku omavalitsuse noortekohtade strateegilise kava koostamist. Cascais\u2019s tutvustasid kohaliku omavalitsuse ametnikud oma h\u00e4id tavasid \u2013 noorte osaluseelarvet, mille raames DYPALLi v\u00f5rgustik toetab meetmete rakendamist, pakkudes konkreetselt koolitusprotsessi 15 \u00f5pilasklassile rohkem kui 100 \u00f5pikojas, kus k\u00e4sitletakse selliseid teemasid nagu esindusdemokraatia, sooline v\u00f5rd\u00f5iguslikkus, finantskirjaoskus jne.<\/span><\/p>\n<p>\u00dcrituse korraldas v\u00f5rgustik DYPALL Sintra ja Cascais\u2019 omavalitsuse toetusel ning seda rahastati programmi \u201eErasmus+\u201c kodaniku\u00fchiskonna koost\u00f6\u00f6programmist noorte, hariduse ja koolituse valdkonnas.<\/p>\n<p><a href=\"https:\/\/dypall.com\/et\/2023\/06\/23\/dypall-network-steering-group-meeting\/sg-meeting_1\/#main\" rel=\"attachment wp-att-6507\"><img loading=\"lazy\" decoding=\"async\" class=\"wp-image-6507 aligncenter\" src=\"https:\/\/dypall.com\/wp-content\/uploads\/2023\/06\/SG-meeting_1.jpg\" alt=\"\" width=\"1663\" height=\"936\" \/><\/a><\/p>\n<p><a href=\"https:\/\/dypall.com\/et\/2023\/06\/23\/dypall-network-steering-group-meeting\/sg-meeting_2\/#main\" rel=\"attachment wp-att-6509\"><img loading=\"lazy\" decoding=\"async\" class=\"wp-image-6509 aligncenter\" src=\"https:\/\/dypall.com\/wp-content\/uploads\/2023\/06\/SG-meeting_2.jpg\" alt=\"\" width=\"1659\" height=\"1244\" \/><\/a><\/p>\n<p><a href=\"https:\/\/dypall.com\/et\/2023\/06\/23\/dypall-network-steering-group-meeting\/sg-meeting_3\/#main\" rel=\"attachment wp-att-6510\"><img loading=\"lazy\" decoding=\"async\" class=\"wp-image-6510 aligncenter\" src=\"https:\/\/dypall.com\/wp-content\/uploads\/2023\/06\/SG-meeting_3.jpg\" alt=\"\" width=\"1652\" height=\"1239\" \/><\/a><\/p>\n<p><a href=\"https:\/\/dypall.com\/et\/2023\/06\/23\/dypall-network-steering-group-meeting\/cover_sg-meeting_4\/#main\" rel=\"attachment wp-att-6505\"><img loading=\"lazy\" decoding=\"async\" class=\"wp-image-6505 aligncenter\" src=\"https:\/\/dypall.com\/wp-content\/uploads\/2023\/06\/Cover_SG-meeting_4.jpg\" alt=\"\" width=\"1659\" height=\"1244\" \/><\/a><\/p>\n<p><a href=\"https:\/\/dypall.com\/et\/2023\/06\/23\/dypall-network-steering-group-meeting\/sg-meeting_5\/#main\" rel=\"attachment wp-att-6508\"><img loading=\"lazy\" decoding=\"async\" class=\"wp-image-6508 aligncenter\" src=\"https:\/\/dypall.com\/wp-content\/uploads\/2023\/06\/SG-meeting_5.jpg\" alt=\"\" width=\"1658\" height=\"1244\" \/><\/a><\/p>\n<p><a href=\"https:\/\/dypall.com\/et\/2023\/06\/23\/dypall-network-steering-group-meeting\/sg-meeting_6\/#main\" rel=\"attachment wp-att-6506\"><img loading=\"lazy\" decoding=\"async\" class=\"wp-image-6506 aligncenter\" src=\"https:\/\/dypall.com\/wp-content\/uploads\/2023\/06\/SG-meeting_6.jpg\" alt=\"\" width=\"1661\" height=\"1247\" \/><\/a><\/p>","protected":false},"excerpt":{"rendered":"<p>V\u00f5rgustiku DYPALL juhtr\u00fchma koosolek toimus 14.\u201317. juunil 2023 Portugalis Sintras. Juhtr\u00fchma liikmed jagasid ajakohastatud teavet oma organisatsiooni praeguse t\u00f6\u00f6 ja poliitiliste prioriteetide kohta. Jagamise tulemusena avastati teemad, mis on praegu noorte osaluse jaoks \u00fcliolulised, n\u00e4iteks noorte suurem kaasamine ja osalemine. <a class=\"more-link\" href=\"https:\/\/dypall.com\/et\/activity\/dypall-network-steering-group-meeting\/\">J\u00e4tka lugemist <span class=\"screen-reader-text\">V\u00f5rgustiku DYPALL juhtr\u00fchma koosolek<\/span><\/a><\/p>","protected":false},"author":2,"featured_media":6505,"comment_status":"closed","ping_status":"open","sticky":false,"template":"","format":"standard","meta":{"_acf_changed":false,"_jetpack_memberships_contains_paid_content":false,"footnotes":""},"categories":[111,117],"tags":[],"class_list":["post-6504","post","type-post","status-publish","format-standard","has-post-thumbnail","hentry","category-activity","category-steering-group","entry"],"acf":[],"yoast_head":"<!-- This site is optimized with the Yoast SEO plugin v22.8 - https:\/\/yoast.com\/wordpress\/plugins\/seo\/ -->\n<title>DYPALL Network Steering group meeting - DYPALL Network<\/title>\n<meta name=\"robots\" content=\"index, follow, max-snippet:-1, max-image-preview:large, max-video-preview:-1\" \/>\n<link rel=\"canonical\" href=\"https:\/\/dypall.com\/et\/activity\/dypall-network-steering-group-meeting\/\" \/>\n<meta property=\"og:locale\" content=\"et_EE\" \/>\n<meta property=\"og:type\" content=\"article\" \/>\n<meta property=\"og:title\" content=\"DYPALL Network Steering group meeting - DYPALL Network\" \/>\n<meta property=\"og:description\" content=\"DYPALL Network had a Steering group meeting from 14th &#8211; 17th June 2023 in Sintra, Portugal. The Steering group members shared updates on their organisation&#8217;s current work and policy priorities. The outcomes of this sharing were the detection of topics that are currently vital for youth participation, such as more involvement and participation of young&hellip; Continue reading DYPALL Network Steering group meeting\" \/>\n<meta property=\"og:url\" content=\"https:\/\/dypall.com\/et\/activity\/dypall-network-steering-group-meeting\/\" \/>\n<meta property=\"og:site_name\" content=\"DYPALL Network\" \/>\n<meta property=\"article:published_time\" content=\"2023-06-23T09:50:48+00:00\" \/>\n<meta name=\"author\" content=\"dypall\" \/>\n<meta name=\"twitter:card\" content=\"summary_large_image\" \/>\n<meta name=\"twitter:label1\" content=\"Written by\" \/>\n\t<meta name=\"twitter:data1\" content=\"dypall\" \/>\n\t<meta name=\"twitter:label2\" content=\"Est. reading time\" \/>\n\t<meta name=\"twitter:data2\" content=\"2 minutit\" \/>\n<script type=\"application\/ld+json\" class=\"yoast-schema-graph\">{\"@context\":\"https:\/\/schema.org\",\"@graph\":[{\"@type\":\"WebPage\",\"@id\":\"https:\/\/dypall.com\/activity\/dypall-network-steering-group-meeting\/\",\"url\":\"https:\/\/dypall.com\/activity\/dypall-network-steering-group-meeting\/\",\"name\":\"DYPALL Network Steering group meeting - DYPALL Network\",\"isPartOf\":{\"@id\":\"https:\/\/dypall.com\/#website\"},\"primaryImageOfPage\":{\"@id\":\"https:\/\/dypall.com\/activity\/dypall-network-steering-group-meeting\/#primaryimage\"},\"image\":{\"@id\":\"https:\/\/dypall.com\/activity\/dypall-network-steering-group-meeting\/#primaryimage\"},\"thumbnailUrl\":\"\",\"datePublished\":\"2023-06-23T09:50:48+00:00\",\"dateModified\":\"2023-06-23T09:50:48+00:00\",\"author\":{\"@id\":\"https:\/\/dypall.com\/#\/schema\/person\/206350efe851997fcdedef75d118766b\"},\"breadcrumb\":{\"@id\":\"https:\/\/dypall.com\/activity\/dypall-network-steering-group-meeting\/#breadcrumb\"},\"inLanguage\":\"et\",\"potentialAction\":[{\"@type\":\"ReadAction\",\"target\":[\"https:\/\/dypall.com\/activity\/dypall-network-steering-group-meeting\/\"]}]},{\"@type\":\"ImageObject\",\"inLanguage\":\"et\",\"@id\":\"https:\/\/dypall.com\/activity\/dypall-network-steering-group-meeting\/#primaryimage\",\"url\":\"\",\"contentUrl\":\"\"},{\"@type\":\"BreadcrumbList\",\"@id\":\"https:\/\/dypall.com\/activity\/dypall-network-steering-group-meeting\/#breadcrumb\",\"itemListElement\":[{\"@type\":\"ListItem\",\"position\":1,\"name\":\"Home\",\"item\":\"https:\/\/dypall.com\/\"},{\"@type\":\"ListItem\",\"position\":2,\"name\":\"DYPALL Network Steering group meeting\"}]},{\"@type\":\"WebSite\",\"@id\":\"https:\/\/dypall.com\/#website\",\"url\":\"https:\/\/dypall.com\/\",\"name\":\"DYPALL Network\",\"description\":\"We are a European network of civil society organisations, municipalities and research institutions dedicated to improving democracy through youth participation.\",\"potentialAction\":[{\"@type\":\"SearchAction\",\"target\":{\"@type\":\"EntryPoint\",\"urlTemplate\":\"https:\/\/dypall.com\/?s={search_term_string}\"},\"query-input\":\"required name=search_term_string\"}],\"inLanguage\":\"et\"},{\"@type\":\"Person\",\"@id\":\"https:\/\/dypall.com\/#\/schema\/person\/206350efe851997fcdedef75d118766b\",\"name\":\"dypall\",\"image\":{\"@type\":\"ImageObject\",\"inLanguage\":\"et\",\"@id\":\"https:\/\/dypall.com\/#\/schema\/person\/image\/\",\"url\":\"https:\/\/secure.gravatar.com\/avatar\/14e8d3d8841cd0bdf69915120bcf9fcfac1567f1dc7035664907322ac47efe29?s=96&d=mm&r=g\",\"contentUrl\":\"https:\/\/secure.gravatar.com\/avatar\/14e8d3d8841cd0bdf69915120bcf9fcfac1567f1dc7035664907322ac47efe29?s=96&d=mm&r=g\",\"caption\":\"dypall\"},\"url\":\"https:\/\/dypall.com\/et\/author\/dypall_info\/\"}]}<\/script>\n<!-- \/ Yoast SEO plugin. -->","yoast_head_json":{"title":"DYPALL Network Steering group meeting - DYPALL Network","robots":{"index":"index","follow":"follow","max-snippet":"max-snippet:-1","max-image-preview":"max-image-preview:large","max-video-preview":"max-video-preview:-1"},"canonical":"https:\/\/dypall.com\/et\/activity\/dypall-network-steering-group-meeting\/","og_locale":"et_EE","og_type":"article","og_title":"DYPALL Network Steering group meeting - DYPALL Network","og_description":"DYPALL Network had a Steering group meeting from 14th &#8211; 17th June 2023 in Sintra, Portugal. The Steering group members shared updates on their organisation&#8217;s current work and policy priorities. The outcomes of this sharing were the detection of topics that are currently vital for youth participation, such as more involvement and participation of young&hellip; Continue reading DYPALL Network Steering group meeting","og_url":"https:\/\/dypall.com\/et\/activity\/dypall-network-steering-group-meeting\/","og_site_name":"DYPALL Network","article_published_time":"2023-06-23T09:50:48+00:00","author":"dypall","twitter_card":"summary_large_image","twitter_misc":{"Written by":"dypall","Est. reading time":"2 minutit"},"schema":{"@context":"https:\/\/schema.org","@graph":[{"@type":"WebPage","@id":"https:\/\/dypall.com\/activity\/dypall-network-steering-group-meeting\/","url":"https:\/\/dypall.com\/activity\/dypall-network-steering-group-meeting\/","name":"DYPALL Network Steering group meeting - DYPALL Network","isPartOf":{"@id":"https:\/\/dypall.com\/#website"},"primaryImageOfPage":{"@id":"https:\/\/dypall.com\/activity\/dypall-network-steering-group-meeting\/#primaryimage"},"image":{"@id":"https:\/\/dypall.com\/activity\/dypall-network-steering-group-meeting\/#primaryimage"},"thumbnailUrl":"","datePublished":"2023-06-23T09:50:48+00:00","dateModified":"2023-06-23T09:50:48+00:00","author":{"@id":"https:\/\/dypall.com\/#\/schema\/person\/206350efe851997fcdedef75d118766b"},"breadcrumb":{"@id":"https:\/\/dypall.com\/activity\/dypall-network-steering-group-meeting\/#breadcrumb"},"inLanguage":"et","potentialAction":[{"@type":"ReadAction","target":["https:\/\/dypall.com\/activity\/dypall-network-steering-group-meeting\/"]}]},{"@type":"ImageObject","inLanguage":"et","@id":"https:\/\/dypall.com\/activity\/dypall-network-steering-group-meeting\/#primaryimage","url":"","contentUrl":""},{"@type":"BreadcrumbList","@id":"https:\/\/dypall.com\/activity\/dypall-network-steering-group-meeting\/#breadcrumb","itemListElement":[{"@type":"ListItem","position":1,"name":"Home","item":"https:\/\/dypall.com\/"},{"@type":"ListItem","position":2,"name":"DYPALL Network Steering group meeting"}]},{"@type":"WebSite","@id":"https:\/\/dypall.com\/#website","url":"https:\/\/dypall.com\/","name":"DYPALL Network","description":"We are a European network of civil society organisations, municipalities and research institutions dedicated to improving democracy through youth participation.","potentialAction":[{"@type":"SearchAction","target":{"@type":"EntryPoint","urlTemplate":"https:\/\/dypall.com\/?s={search_term_string}"},"query-input":"required name=search_term_string"}],"inLanguage":"et"},{"@type":"Person","@id":"https:\/\/dypall.com\/#\/schema\/person\/206350efe851997fcdedef75d118766b","name":"dypall","image":{"@type":"ImageObject","inLanguage":"et","@id":"https:\/\/dypall.com\/#\/schema\/person\/image\/","url":"https:\/\/secure.gravatar.com\/avatar\/14e8d3d8841cd0bdf69915120bcf9fcfac1567f1dc7035664907322ac47efe29?s=96&d=mm&r=g","contentUrl":"https:\/\/secure.gravatar.com\/avatar\/14e8d3d8841cd0bdf69915120bcf9fcfac1567f1dc7035664907322ac47efe29?s=96&d=mm&r=g","caption":"dypall"},"url":"https:\/\/dypall.com\/et\/author\/dypall_info\/"}]}},"jetpack_featured_media_url":"","jetpack_sharing_enabled":true,"_links":{"self":[{"href":"https:\/\/dypall.com\/et\/wp-json\/wp\/v2\/posts\/6504","targetHints":{"allow":["GET"]}}],"collection":[{"href":"https:\/\/dypall.com\/et\/wp-json\/wp\/v2\/posts"}],"about":[{"href":"https:\/\/dypall.com\/et\/wp-json\/wp\/v2\/types\/post"}],"author":[{"embeddable":true,"href":"https:\/\/dypall.com\/et\/wp-json\/wp\/v2\/users\/2"}],"replies":[{"embeddable":true,"href":"https:\/\/dypall.com\/et\/wp-json\/wp\/v2\/comments?post=6504"}],"version-history":[{"count":0,"href":"https:\/\/dypall.com\/et\/wp-json\/wp\/v2\/posts\/6504\/revisions"}],"wp:featuredmedia":[{"embeddable":true,"href":"https:\/\/dypall.com\/et\/wp-json\/"}],"wp:attachment":[{"href":"https:\/\/dypall.com\/et\/wp-json\/wp\/v2\/media?parent=6504"}],"wp:term":[{"taxonomy":"category","embeddable":true,"href":"https:\/\/dypall.com\/et\/wp-json\/wp\/v2\/categories?post=6504"},{"taxonomy":"post_tag","embeddable":true,"href":"https:\/\/dypall.com\/et\/wp-json\/wp\/v2\/tags?post=6504"}],"curies":[{"name":"wp","href":"https:\/\/api.w.org\/{rel}","templated":true}]}}