{"id":5572,"date":"2022-03-18T17:21:54","date_gmt":"2022-03-18T17:21:54","guid":{"rendered":"https:\/\/dypall.com\/?p=5405"},"modified":"2022-03-18T17:21:54","modified_gmt":"2022-03-18T17:21:54","slug":"international-conference-building-resilient-communities-training-course-youth-takes-the-floor-2","status":"publish","type":"post","link":"https:\/\/dypall.com\/et\/conference\/international-conference-building-resilient-communities-training-course-youth-takes-the-floor-2\/","title":{"rendered":"Rahvusvaheline konverents: Vastupidavate kogukondade loomine &amp; Koolituskursus Noored V\u00f5tab P\u00f5randa"},"content":{"rendered":"<p>J\u00e4rgmisel n\u00e4dalal korraldab v\u00f5rgustik DYPALL paralleelselt Portugalis Bragas kaks \u00fcritust, kuhu koguneb \u00fcle 80 noorsoot\u00f6\u00f6taja, kohaliku omavalitsuse esindaja ja noortejuhi kogu Euroopast.<\/p>\n<p>\u00dcks neist on rahvusvaheline konverents: \u201eVastupanuv\u00f5imeliste kogukondade \u00fclesehitamine \u2013 noortet\u00f6\u00f6 omavalitsuse tasandil COVID-19 ajal\u201c, mis on kogu Euroopa kodaniku\u00fchiskonna organisatsioonide ja omavalitsuste jaoks platvorm, kus tulla kokku, uurida ja arutada noorsoot\u00f6\u00f6 uusi vahendeid ja tavasid, mis aitavad reageerida uutele probleemidele Euroopas, p\u00f6\u00f6rates erilist t\u00e4helepanu kestlikele tavadele ja vahenditele, millega edendatakse vastupanuv\u00f5imelisi kogukondi, kes on valmis toime tulema erakorraliste asjaoludega.<\/p>\n<p>Teine tegevus on koolituskursus selle kohta, kuidas suurendada noorte osalemist otsuste tegemisel. Koolituse k\u00e4igus arendavad osalejad oskusi, et luua ja v\u00f5imestada noorte osalusstruktuure ja -vahendeid, mis v\u00f5imaldavad noortel aktiivselt osaleda kohaliku tasandi otsustusprotsessides.<\/p>\n<p>Konverents korraldatakse programmi \u201eErasmus+\u201c toetusel Portugali riikliku b\u00fcroo kaudu. Koolitust korraldatakse Euroopa N\u00f5ukogu Euroopa Noortefondi toetusel. M\u00f5lemat tegevust toetab Braga vald.<\/p>\n<p><a href=\"https:\/\/dypall.com\/et\/2022\/03\/18\/international-conference-building-resilient-communities-training-course-youth-takes-the-floor\/whatsapp-image-2022-03-18-at-15-56-47\/#main\" rel=\"attachment wp-att-5406\"><img loading=\"lazy\" decoding=\"async\" class=\"alignleft size-large wp-image-5406\" src=\"https:\/\/dypall.com\/wp-content\/uploads\/2022\/03\/WhatsApp-Image-2022-03-18-at-15.56.47-1024x858.jpeg\" alt=\"\" width=\"1024\" height=\"858\" \/><\/a><\/p>\n<p><a href=\"https:\/\/dypall.com\/et\/2022\/03\/18\/international-conference-building-resilient-communities-training-course-youth-takes-the-floor\/whatsapp-image-2022-03-18-at-15-57-08\/#main\" rel=\"attachment wp-att-5407\"><img loading=\"lazy\" decoding=\"async\" class=\"alignleft size-large wp-image-5407\" src=\"https:\/\/dypall.com\/wp-content\/uploads\/2022\/03\/WhatsApp-Image-2022-03-18-at-15.57.08-1024x1024.jpeg\" alt=\"\" width=\"1024\" height=\"1024\" \/><\/a><\/p>","protected":false},"excerpt":{"rendered":"<p>J\u00e4rgmisel n\u00e4dalal korraldab v\u00f5rgustik DYPALL paralleelselt Portugalis Bragas kaks \u00fcritust, kuhu koguneb \u00fcle 80 noorsoot\u00f6\u00f6taja, kohaliku omavalitsuse esindaja ja noortejuhi kogu Euroopast. \u00dcks neist on rahvusvaheline konverents: Vastupanuv\u00f5imeliste kogukondade \u00fclesehitamine \u2013 noortet\u00f6\u00f6 omavalitsuse tasandil COVID-19 ajal, mis on kodaniku\u00fchiskonna platvorm... <a class=\"more-link\" href=\"https:\/\/dypall.com\/et\/conference\/international-conference-building-resilient-communities-training-course-youth-takes-the-floor-2\/\">J\u00e4tka lugemist <span class=\"screen-reader-text\">Rahvusvaheline konverents: Vastupidavate kogukondade loomine &amp; Koolituskursus Noored V\u00f5tab P\u00f5randa<\/span><\/a><\/p>","protected":false},"author":1,"featured_media":5406,"comment_status":"closed","ping_status":"open","sticky":false,"template":"","format":"standard","meta":{"_acf_changed":false,"_jetpack_memberships_contains_paid_content":false,"footnotes":""},"categories":[112,141],"tags":[],"class_list":["post-5572","post","type-post","status-publish","format-standard","has-post-thumbnail","hentry","category-conference","category-training-course","entry"],"acf":[],"yoast_head":"<!-- This site is optimized with the Yoast SEO plugin v22.8 - https:\/\/yoast.com\/wordpress\/plugins\/seo\/ -->\n<title>International Conference: Building Resilient Communities &amp; Training Course Youth Takes the Floor - DYPALL Network<\/title>\n<meta name=\"robots\" content=\"index, follow, max-snippet:-1, max-image-preview:large, max-video-preview:-1\" \/>\n<link rel=\"canonical\" href=\"https:\/\/dypall.com\/et\/conference\/international-conference-building-resilient-communities-training-course-youth-takes-the-floor-2\/\" \/>\n<meta property=\"og:locale\" content=\"et_EE\" \/>\n<meta property=\"og:type\" content=\"article\" \/>\n<meta property=\"og:title\" content=\"International Conference: Building Resilient Communities &amp; Training Course Youth Takes the Floor - DYPALL Network\" \/>\n<meta property=\"og:description\" content=\"Next week DYPALL Network is organising two activities in parallel in Braga, Portugal, that will gather more than 80 youth workers, municipality representatives and youth leaders from all over Europe. One of them is International Conference: Building Resilient Communities \u2013Youth Work at Municipality Level during COVID-19 times that will be a platform for civil society&hellip; Continue reading International Conference: Building Resilient Communities &#038; Training Course Youth Takes the Floor\" \/>\n<meta property=\"og:url\" content=\"https:\/\/dypall.com\/et\/conference\/international-conference-building-resilient-communities-training-course-youth-takes-the-floor-2\/\" \/>\n<meta property=\"og:site_name\" content=\"DYPALL Network\" \/>\n<meta property=\"article:published_time\" content=\"2022-03-18T17:21:54+00:00\" \/>\n<meta name=\"author\" content=\"DYPALL Network\" \/>\n<meta name=\"twitter:card\" content=\"summary_large_image\" \/>\n<meta name=\"twitter:label1\" content=\"Written by\" \/>\n\t<meta name=\"twitter:data1\" content=\"DYPALL Network\" \/>\n\t<meta name=\"twitter:label2\" content=\"Est. reading time\" \/>\n\t<meta name=\"twitter:data2\" content=\"1 minut\" \/>\n<script type=\"application\/ld+json\" class=\"yoast-schema-graph\">{\"@context\":\"https:\/\/schema.org\",\"@graph\":[{\"@type\":\"WebPage\",\"@id\":\"https:\/\/dypall.com\/conference\/international-conference-building-resilient-communities-training-course-youth-takes-the-floor-2\/\",\"url\":\"https:\/\/dypall.com\/conference\/international-conference-building-resilient-communities-training-course-youth-takes-the-floor-2\/\",\"name\":\"International Conference: Building Resilient Communities & Training Course Youth Takes the Floor - DYPALL Network\",\"isPartOf\":{\"@id\":\"https:\/\/dypall.com\/#website\"},\"primaryImageOfPage\":{\"@id\":\"https:\/\/dypall.com\/conference\/international-conference-building-resilient-communities-training-course-youth-takes-the-floor-2\/#primaryimage\"},\"image\":{\"@id\":\"https:\/\/dypall.com\/conference\/international-conference-building-resilient-communities-training-course-youth-takes-the-floor-2\/#primaryimage\"},\"thumbnailUrl\":\"\",\"datePublished\":\"2022-03-18T17:21:54+00:00\",\"dateModified\":\"2022-03-18T17:21:54+00:00\",\"author\":{\"@id\":\"https:\/\/dypall.com\/#\/schema\/person\/f92e08aa15c8ba711a9d153129f03377\"},\"breadcrumb\":{\"@id\":\"https:\/\/dypall.com\/conference\/international-conference-building-resilient-communities-training-course-youth-takes-the-floor-2\/#breadcrumb\"},\"inLanguage\":\"et\",\"potentialAction\":[{\"@type\":\"ReadAction\",\"target\":[\"https:\/\/dypall.com\/conference\/international-conference-building-resilient-communities-training-course-youth-takes-the-floor-2\/\"]}]},{\"@type\":\"ImageObject\",\"inLanguage\":\"et\",\"@id\":\"https:\/\/dypall.com\/conference\/international-conference-building-resilient-communities-training-course-youth-takes-the-floor-2\/#primaryimage\",\"url\":\"\",\"contentUrl\":\"\"},{\"@type\":\"BreadcrumbList\",\"@id\":\"https:\/\/dypall.com\/conference\/international-conference-building-resilient-communities-training-course-youth-takes-the-floor-2\/#breadcrumb\",\"itemListElement\":[{\"@type\":\"ListItem\",\"position\":1,\"name\":\"Home\",\"item\":\"https:\/\/dypall.com\/\"},{\"@type\":\"ListItem\",\"position\":2,\"name\":\"International Conference: Building Resilient Communities &#038; Training Course Youth Takes the Floor\"}]},{\"@type\":\"WebSite\",\"@id\":\"https:\/\/dypall.com\/#website\",\"url\":\"https:\/\/dypall.com\/\",\"name\":\"DYPALL Network\",\"description\":\"We are a European network of civil society organisations, municipalities and research institutions dedicated to improving democracy through youth participation.\",\"potentialAction\":[{\"@type\":\"SearchAction\",\"target\":{\"@type\":\"EntryPoint\",\"urlTemplate\":\"https:\/\/dypall.com\/?s={search_term_string}\"},\"query-input\":\"required name=search_term_string\"}],\"inLanguage\":\"et\"},{\"@type\":\"Person\",\"@id\":\"https:\/\/dypall.com\/#\/schema\/person\/f92e08aa15c8ba711a9d153129f03377\",\"name\":\"DYPALL Network\",\"image\":{\"@type\":\"ImageObject\",\"inLanguage\":\"et\",\"@id\":\"https:\/\/dypall.com\/#\/schema\/person\/image\/\",\"url\":\"https:\/\/secure.gravatar.com\/avatar\/9c39e299279800c6d69c5e02cf613e7bab060889f373052a03d7ac399e8f0d3c?s=96&d=mm&r=g\",\"contentUrl\":\"https:\/\/secure.gravatar.com\/avatar\/9c39e299279800c6d69c5e02cf613e7bab060889f373052a03d7ac399e8f0d3c?s=96&d=mm&r=g\",\"caption\":\"DYPALL Network\"},\"sameAs\":[\"https:\/\/dypall.com\"],\"url\":\"https:\/\/dypall.com\/et\/author\/dypall\/\"}]}<\/script>\n<!-- \/ Yoast SEO plugin. -->","yoast_head_json":{"title":"International Conference: Building Resilient Communities & Training Course Youth Takes the Floor - DYPALL Network","robots":{"index":"index","follow":"follow","max-snippet":"max-snippet:-1","max-image-preview":"max-image-preview:large","max-video-preview":"max-video-preview:-1"},"canonical":"https:\/\/dypall.com\/et\/conference\/international-conference-building-resilient-communities-training-course-youth-takes-the-floor-2\/","og_locale":"et_EE","og_type":"article","og_title":"International Conference: Building Resilient Communities & Training Course Youth Takes the Floor - DYPALL Network","og_description":"Next week DYPALL Network is organising two activities in parallel in Braga, Portugal, that will gather more than 80 youth workers, municipality representatives and youth leaders from all over Europe. One of them is International Conference: Building Resilient Communities \u2013Youth Work at Municipality Level during COVID-19 times that will be a platform for civil society&hellip; Continue reading International Conference: Building Resilient Communities &#038; Training Course Youth Takes the Floor","og_url":"https:\/\/dypall.com\/et\/conference\/international-conference-building-resilient-communities-training-course-youth-takes-the-floor-2\/","og_site_name":"DYPALL Network","article_published_time":"2022-03-18T17:21:54+00:00","author":"DYPALL Network","twitter_card":"summary_large_image","twitter_misc":{"Written by":"DYPALL Network","Est. reading time":"1 minut"},"schema":{"@context":"https:\/\/schema.org","@graph":[{"@type":"WebPage","@id":"https:\/\/dypall.com\/conference\/international-conference-building-resilient-communities-training-course-youth-takes-the-floor-2\/","url":"https:\/\/dypall.com\/conference\/international-conference-building-resilient-communities-training-course-youth-takes-the-floor-2\/","name":"International Conference: Building Resilient Communities & Training Course Youth Takes the Floor - DYPALL Network","isPartOf":{"@id":"https:\/\/dypall.com\/#website"},"primaryImageOfPage":{"@id":"https:\/\/dypall.com\/conference\/international-conference-building-resilient-communities-training-course-youth-takes-the-floor-2\/#primaryimage"},"image":{"@id":"https:\/\/dypall.com\/conference\/international-conference-building-resilient-communities-training-course-youth-takes-the-floor-2\/#primaryimage"},"thumbnailUrl":"","datePublished":"2022-03-18T17:21:54+00:00","dateModified":"2022-03-18T17:21:54+00:00","author":{"@id":"https:\/\/dypall.com\/#\/schema\/person\/f92e08aa15c8ba711a9d153129f03377"},"breadcrumb":{"@id":"https:\/\/dypall.com\/conference\/international-conference-building-resilient-communities-training-course-youth-takes-the-floor-2\/#breadcrumb"},"inLanguage":"et","potentialAction":[{"@type":"ReadAction","target":["https:\/\/dypall.com\/conference\/international-conference-building-resilient-communities-training-course-youth-takes-the-floor-2\/"]}]},{"@type":"ImageObject","inLanguage":"et","@id":"https:\/\/dypall.com\/conference\/international-conference-building-resilient-communities-training-course-youth-takes-the-floor-2\/#primaryimage","url":"","contentUrl":""},{"@type":"BreadcrumbList","@id":"https:\/\/dypall.com\/conference\/international-conference-building-resilient-communities-training-course-youth-takes-the-floor-2\/#breadcrumb","itemListElement":[{"@type":"ListItem","position":1,"name":"Home","item":"https:\/\/dypall.com\/"},{"@type":"ListItem","position":2,"name":"International Conference: Building Resilient Communities &#038; Training Course Youth Takes the Floor"}]},{"@type":"WebSite","@id":"https:\/\/dypall.com\/#website","url":"https:\/\/dypall.com\/","name":"DYPALL Network","description":"We are a European network of civil society organisations, municipalities and research institutions dedicated to improving democracy through youth participation.","potentialAction":[{"@type":"SearchAction","target":{"@type":"EntryPoint","urlTemplate":"https:\/\/dypall.com\/?s={search_term_string}"},"query-input":"required name=search_term_string"}],"inLanguage":"et"},{"@type":"Person","@id":"https:\/\/dypall.com\/#\/schema\/person\/f92e08aa15c8ba711a9d153129f03377","name":"DYPALL Network","image":{"@type":"ImageObject","inLanguage":"et","@id":"https:\/\/dypall.com\/#\/schema\/person\/image\/","url":"https:\/\/secure.gravatar.com\/avatar\/9c39e299279800c6d69c5e02cf613e7bab060889f373052a03d7ac399e8f0d3c?s=96&d=mm&r=g","contentUrl":"https:\/\/secure.gravatar.com\/avatar\/9c39e299279800c6d69c5e02cf613e7bab060889f373052a03d7ac399e8f0d3c?s=96&d=mm&r=g","caption":"DYPALL Network"},"sameAs":["https:\/\/dypall.com"],"url":"https:\/\/dypall.com\/et\/author\/dypall\/"}]}},"jetpack_featured_media_url":"","jetpack_sharing_enabled":true,"_links":{"self":[{"href":"https:\/\/dypall.com\/et\/wp-json\/wp\/v2\/posts\/5572","targetHints":{"allow":["GET"]}}],"collection":[{"href":"https:\/\/dypall.com\/et\/wp-json\/wp\/v2\/posts"}],"about":[{"href":"https:\/\/dypall.com\/et\/wp-json\/wp\/v2\/types\/post"}],"author":[{"embeddable":true,"href":"https:\/\/dypall.com\/et\/wp-json\/wp\/v2\/users\/1"}],"replies":[{"embeddable":true,"href":"https:\/\/dypall.com\/et\/wp-json\/wp\/v2\/comments?post=5572"}],"version-history":[{"count":0,"href":"https:\/\/dypall.com\/et\/wp-json\/wp\/v2\/posts\/5572\/revisions"}],"wp:featuredmedia":[{"embeddable":true,"href":"https:\/\/dypall.com\/et\/wp-json\/"}],"wp:attachment":[{"href":"https:\/\/dypall.com\/et\/wp-json\/wp\/v2\/media?parent=5572"}],"wp:term":[{"taxonomy":"category","embeddable":true,"href":"https:\/\/dypall.com\/et\/wp-json\/wp\/v2\/categories?post=5572"},{"taxonomy":"post_tag","embeddable":true,"href":"https:\/\/dypall.com\/et\/wp-json\/wp\/v2\/tags?post=5572"}],"curies":[{"name":"wp","href":"https:\/\/api.w.org\/{rel}","templated":true}]}}