{"id":2117,"date":"2017-06-16T18:36:38","date_gmt":"2017-06-16T16:36:38","guid":{"rendered":"http:\/\/dypall.com\/?p=2117"},"modified":"2017-06-16T18:36:38","modified_gmt":"2017-06-16T16:36:38","slug":"feedback-on-the-impact-of-the-training-course-young-migrant-voices-held-in-november-2016","status":"publish","type":"post","link":"https:\/\/dypall.com\/et\/activity\/feedback-on-the-impact-of-the-training-course-young-migrant-voices-held-in-november-2016\/","title":{"rendered":"Tagasiside 2016. aasta novembris toimunud koolituskursuse \u201eNoored r\u00e4ndajate h\u00e4\u00e4led\u201c m\u00f5ju kohta."},"content":{"rendered":"<p>Algatus \u201eNoored r\u00e4ndajate h\u00e4\u00e4led: koolituskursus noorte r\u00e4ndajate osalemise suurendamiseks kohaliku tasandi otsustusprotsessides\u201c, mille korraldas ADYNE Netherlands koost\u00f6\u00f6s v\u00f5rgustikuga DYPALL ja mis viidi ellu 2016. aasta novembris. Kirjutasime sellest oma kodulehel <a href=\"https:\/\/dypall.com\/et\/activity\/international-training-course-young-migrant-voices-a-training-course-for-boosting-participation-of-young-migrants-in-decision-making-processes-at-local-level\/\">siin<\/a> ja <a href=\"https:\/\/dypall.com\/et\/activity\/picture-review-young-migrant-voices-training-course\/\">siin<\/a>.<\/p>\n<p>Koolitusel osalesid Eva Lindberg ja Anna Beata Ekstr\u00f6m, kes suhtlesid DYPALL Networkiga p\u00f5hjalikumalt, mida see kogemus neile t\u00e4hendas ning millist m\u00f5ju avaldas see sihtr\u00fchmadele, kellega nad koost\u00f6\u00f6d teevad.<\/p>\n<p><strong>Eva Lindberg<\/strong> t\u00f6\u00f6tab <strong>Karlstadi vald<\/strong> (Rootsi) koos noortega (18\u201321aastased), kes saabusid saatjata ja kes on elanud munitsipaalvarjupaikades kuni 18aastaseks saamiseni. P\u00e4rast 18 aastat toetab omavalitsus seda noort korterite, koolide, kodaniku\u00fchiskonna ja tervishoiuteenuste osutajatega ning pakub ps\u00fchhosotsiaalset tuge. Omavalitsus j\u00e4tkab selle toetuse pakkumist nende integreerimisel kuni 21-aastaseks saamiseni.<\/p>\n<p><strong>Anna BeataEkstr\u00f6m<\/strong> T\u00f6\u00f6 organisatsioonis <strong>P\u00e4\u00e4sta lapsed Rootsi<\/strong> saatjata lastele ja noortele suunatud projektides. Oluline osa t\u00f6\u00f6st on koguda saatjata laste ja noorte h\u00e4\u00e4lt nende olukorra kohta kohtumispunktide kaudu, mis on seminarid, kus hiljem levitatakse saadud teadmisi ka omavalitsustele ja muudele sidusr\u00fchmadele, et v\u00f5imaldada paremat toetuss\u00fcsteemi, mis t\u00f6\u00f6tab nende olukorra parandamise nimel.<img loading=\"lazy\" decoding=\"async\" class=\"size-medium wp-image-2119 aligncenter\" src=\"http:\/\/dypall.com\/wp-content\/uploads\/2017\/06\/IMG_3133-300x200.jpg\" alt=\"\" width=\"300\" height=\"200\" \/><\/p>\n<p><strong>M\u00f5ju kohta, mida see koolituskursus nende t\u00f6\u00f6le avaldas, jagasid nad j\u00e4rgmist:<\/strong><\/p>\n<p><em>Karlstad Kommun on v\u00e4ga huvitatud p\u00fc\u00fcdlustest leida rohkem v\u00f5imalusi koost\u00f6\u00f6ks kodaniku\u00fchiskonnaga, et sihtgruppi rohkem toetada.<\/em><\/p>\n<p><em>Teisest k\u00fcljest on Save the Children V\u00e4rmandis toimunud Meetingpointi t\u00f6\u00f6 kaudu v\u00e4lja t\u00f6\u00f6tanud platvormi aruteludeks ja kogemuste vahetamiseks erinevate organisatsioonide vahel, kes on seotud saatjata laste tegevustega V\u00e4rmlandis. See on loonud ideid selle kohta, kuidas muuta sihtr\u00fchm koosolekupunktides k\u00e4sitletavate k\u00fcsimuste ja vajaduste omanikuks.<\/em><\/p>\n<p><em>Lihtsalt selleks, et anda \u00fcldine \u00fclevaade: Rootsi omavalitsustel on nii suured sotsiaalt\u00f6\u00f6ga seotud kohustused kui ka piisavad vahendid ja teadmised erinevate haavatavate r\u00fchmade toetamiseks. Kuid nad v\u00f5idavad palju, kui nad leiavad, et kodaniku\u00fchiskonnaga koost\u00f6\u00f6 tegemise strateegiad on haavatavate r\u00fchmade leidmisel ja nendega kohtumisel veelgi t\u00f5husamad. N\u00fc\u00fcd on suur vajadus leida strateegiaid selliseks koost\u00f6\u00f6ks, eriti pagulaste ja saatjata lastega tehtavas t\u00f6\u00f6s. Nii kodaniku\u00fchiskond kui ka kohalikud omavalitsused on v\u00f5tnud \u00fchendust ning loonud v\u00f5rgustikke ja partnerlusi, et tugevdada toetust nendele r\u00fchmadele.\u00a0<\/em><\/p>\n<p><em>Just selles kontekstis said Save the Children ja Karlstad Kommun teha koost\u00f6\u00f6d, et leida paremaid viise saatjata laste toetamiseks omavalitsuses. Odiliapeeli koolituskursus oli hea v\u00f5imalus neid v\u00f5imalusi koos uurida ja astuda \u00fchine esimene samm edasise koost\u00f6\u00f6 v\u00f5imaluste leidmisel.<\/em><\/p>\n<p><em>Koolituse k\u00e4igus oli meil juurdep\u00e4\u00e4s meie t\u00f6\u00f6ks vajalikule teabele, seda nii igap\u00e4evase kohtumise kaudu <img loading=\"lazy\" decoding=\"async\" class=\"size-medium wp-image-2123 alignleft\" src=\"http:\/\/dypall.com\/wp-content\/uploads\/2017\/06\/IMG_3465-300x200.jpg\" alt=\"\" width=\"300\" height=\"200\" \/>nii sihtr\u00fchmaga kui ka \u00fchist\u00f6\u00f6s teiste organisatsioonidega. Kohtusime ka inimestega kogu Euroopast, kes t\u00f6\u00f6tasid spetsialistide v\u00f5i vabatahtlikena kas noorte r\u00e4ndajate v\u00f5i pagulastega.<\/em><\/p>\n<p><em>Nad jagasid neil kohtumistel saadud kogemusi, samuti selleteemalisi koolituskursusi, mis v\u00f5imaldasid paremini m\u00f5ista kodaniku\u00fchiskonna ja kohalike omavalitsuste koost\u00f6\u00f6 t\u00e4htsust ja eeliseid ning erinevaid strateegiaid, et j\u00f5uda koost\u00f6\u00f6ni, millest saavad kasu nii m\u00f5lemad pooled kui ka sihtr\u00fchm.<\/em><\/p>\n<p><em>Kuna k\u00f5igil osalejatel oli v\u00f5imalik koostada projektikava, esitada see ja arutada seda koos, sai katsetada m\u00f5tteid selle kohta, kuidas j\u00e4tkata ja arendada t\u00f6\u00f6d saatjata lastega. See andis palju inspiratsiooni ja motivatsiooni omandatud teadmiste rakendamiseks.<\/em><\/p>\n<p><em>P\u00e4\u00e4stke lapsed on viimase kahe aasta jooksul t\u00f6\u00f6tanud t\u00e4iskasvanud pagulaste enesekorraldusega, et v\u00e4hendada varjupaigaprotsessis j\u00f5udeoleku ja vaimuhaiguste ohtu ning alustada ka asutamisprotsessi alates esimesest p\u00e4evast Rootsis. Iseorganiseerumisega on seotud koost\u00f6\u00f6d tegevate organisatsioonide v\u00f5rgustik (kodaniku\u00fchiskonnast ja kohalikest omavalitsustest), kuhu kuulub ka iseorganiseerunud sihtr\u00fchm. See <img loading=\"lazy\" decoding=\"async\" class=\"size-medium wp-image-2121 alignright\" src=\"http:\/\/dypall.com\/wp-content\/uploads\/2017\/06\/IMG_3264-300x200.jpg\" alt=\"\" width=\"300\" height=\"200\" \/>t\u00f6\u00f6 on olnud v\u00e4ga edukas ja aitab kaasa m\u00f5ttevahetusele \u00fchiskonnas, kus t\u00f6\u00f6 varjupaigataotlejatega nihkub \u00fclaltpoolt hoolitsemise perspektiivilt osalemise ja partnerluse sisemisele perspektiivile.<\/em><\/p>\n<p><em>Projekti \u201eSave the Children\u201c kava, mis k\u00e4ivitati p\u00e4rast koolituskursust, oli \u201eCrea Diem \u2013 self-organisation and strategic cooperation for unaccompanied children\u201c (Crea Diem \u2013 iseorganiseerumine ja strateegiline koost\u00f6\u00f6 saatjata laste jaoks).<\/em><\/p>\n<p><em>Karlstad Kommun soovib leida t\u00f5husamaid ja konstruktiivsemaid viise koost\u00f6\u00f6ks kodaniku\u00fchiskonnaga ning arendada t\u00f6\u00f6d saatjata lastega, et suurendada nende v\u00f5imalusi j\u00e4\u00e4da Karlstad Kommuni, leida t\u00f6\u00f6d, end sisse seada, leida t\u00e4hendust ja panustada \u00fchiskonda. Selleks soovib Karlstad Kommun luua kohaliku kogukonnaga koost\u00f6\u00f6platvormi valla eri osade ja kodaniku\u00fchiskonna vahel, kus sihtr\u00fchma tegevustel, toetusel ja teabel v\u00f5iks olla sihtgrupi jaoks kollokatsioon ja \u00fchesuunaline kontseptsioon. Projekti nimi on \u201eMeetingpoint Galaxen\u201c.<\/em><\/p>\n<p><em>\u00dcheskoos v\u00f5iksid need kaks projekti luua saatjata lastele kohtumispaiga, kus nad saavad leida ja saada teavet ja tuge oma asutamisprotsessis osalevatelt organisatsioonidelt. Kohtumispaik on ka koht, kus kaasatud organisatsioonid moodustavad v\u00f5rgustiku, et leida t\u00f5husamaid viise sihtr\u00fchmaga koost\u00f6\u00f6 tegemiseks. Kohtumispaigas saavad saatjata lapsed end organiseerida k\u00fcsimuste \u00fcmber, mida nad oluliseks peavad. Koos v\u00f5rgustikuorganisatsioonidega saavad nad nendes k\u00fcsimustes tegutseda ja toetusega ise luua tegevusi, mis parandavad nende heaolu ja t\u00f5hustavad nende asutamisprotsessi.<\/em><\/p>","protected":false},"excerpt":{"rendered":"<p>Algatus \u201eNoored r\u00e4ndajate h\u00e4\u00e4led: koolituskursus noorte r\u00e4ndajate osalemise suurendamiseks kohaliku tasandi otsustusprotsessides\u201c, mille korraldas ADYNE Netherlands koost\u00f6\u00f6s v\u00f5rgustikuga DYPALL ja mis viidi ellu 2016. aasta novembris. Kirjutasime sellest oma kodulehel siin ja siin. Eva Lindberg ja Anna Beata Ekstr\u00f6m osalesid selles... <a class=\"more-link\" href=\"https:\/\/dypall.com\/et\/activity\/feedback-on-the-impact-of-the-training-course-young-migrant-voices-held-in-november-2016\/\">J\u00e4tka lugemist <span class=\"screen-reader-text\">Tagasiside 2016. aasta novembris toimunud koolituskursuse \u201eNoored r\u00e4ndajate h\u00e4\u00e4led\u201c m\u00f5ju kohta.<\/span><\/a><\/p>","protected":false},"author":2,"featured_media":2118,"comment_status":"closed","ping_status":"open","sticky":false,"template":"","format":"standard","meta":{"_acf_changed":false,"_jetpack_memberships_contains_paid_content":false,"footnotes":""},"categories":[111,141],"tags":[136],"class_list":["post-2117","post","type-post","status-publish","format-standard","has-post-thumbnail","hentry","category-activity","category-training-course","tag-training-course","entry"],"acf":[],"yoast_head":"<!-- This site is optimized with the Yoast SEO plugin v22.8 - https:\/\/yoast.com\/wordpress\/plugins\/seo\/ -->\n<title>Feedback on the impact of the training course \u201cYoung Migrant Voices\u201d held in November 2016. - DYPALL Network<\/title>\n<meta name=\"robots\" content=\"index, follow, max-snippet:-1, max-image-preview:large, max-video-preview:-1\" \/>\n<link rel=\"canonical\" href=\"https:\/\/dypall.com\/et\/activity\/feedback-on-the-impact-of-the-training-course-young-migrant-voices-held-in-november-2016\/\" \/>\n<meta property=\"og:locale\" content=\"et_EE\" \/>\n<meta property=\"og:type\" content=\"article\" \/>\n<meta property=\"og:title\" content=\"Feedback on the impact of the training course \u201cYoung Migrant Voices\u201d held in November 2016. - DYPALL Network\" \/>\n<meta property=\"og:description\" content=\"The initiative \u201cYoung Migrant Voices: a training course for boosting participation of young migrants in decision-making processes at local level\u201d was organized by ADYNE Netherlands in partnership with DYPALL Network, and was implemented in November 2016. We wrote about it on our\u00a0\u00a0website here and here. Eva Lindberg \u00a0and Anna Beata Ekstr\u00f6m, were participants in this&hellip; Continue reading Feedback on the impact of the training course \u201cYoung Migrant Voices\u201d held in November 2016.\" \/>\n<meta property=\"og:url\" content=\"https:\/\/dypall.com\/et\/activity\/feedback-on-the-impact-of-the-training-course-young-migrant-voices-held-in-november-2016\/\" \/>\n<meta property=\"og:site_name\" content=\"DYPALL Network\" \/>\n<meta property=\"article:published_time\" content=\"2017-06-16T16:36:38+00:00\" \/>\n<meta name=\"author\" content=\"dypall\" \/>\n<meta name=\"twitter:card\" content=\"summary_large_image\" \/>\n<meta name=\"twitter:label1\" content=\"Written by\" \/>\n\t<meta name=\"twitter:data1\" content=\"dypall\" \/>\n\t<meta name=\"twitter:label2\" content=\"Est. reading time\" \/>\n\t<meta name=\"twitter:data2\" content=\"5 minutit\" \/>\n<script type=\"application\/ld+json\" class=\"yoast-schema-graph\">{\"@context\":\"https:\/\/schema.org\",\"@graph\":[{\"@type\":\"WebPage\",\"@id\":\"https:\/\/dypall.com\/activity\/feedback-on-the-impact-of-the-training-course-young-migrant-voices-held-in-november-2016\/\",\"url\":\"https:\/\/dypall.com\/activity\/feedback-on-the-impact-of-the-training-course-young-migrant-voices-held-in-november-2016\/\",\"name\":\"Feedback on the impact of the training course \u201cYoung Migrant Voices\u201d held in November 2016. - DYPALL Network\",\"isPartOf\":{\"@id\":\"https:\/\/dypall.com\/#website\"},\"primaryImageOfPage\":{\"@id\":\"https:\/\/dypall.com\/activity\/feedback-on-the-impact-of-the-training-course-young-migrant-voices-held-in-november-2016\/#primaryimage\"},\"image\":{\"@id\":\"https:\/\/dypall.com\/activity\/feedback-on-the-impact-of-the-training-course-young-migrant-voices-held-in-november-2016\/#primaryimage\"},\"thumbnailUrl\":\"\",\"datePublished\":\"2017-06-16T16:36:38+00:00\",\"dateModified\":\"2017-06-16T16:36:38+00:00\",\"author\":{\"@id\":\"https:\/\/dypall.com\/#\/schema\/person\/206350efe851997fcdedef75d118766b\"},\"breadcrumb\":{\"@id\":\"https:\/\/dypall.com\/activity\/feedback-on-the-impact-of-the-training-course-young-migrant-voices-held-in-november-2016\/#breadcrumb\"},\"inLanguage\":\"et\",\"potentialAction\":[{\"@type\":\"ReadAction\",\"target\":[\"https:\/\/dypall.com\/activity\/feedback-on-the-impact-of-the-training-course-young-migrant-voices-held-in-november-2016\/\"]}]},{\"@type\":\"ImageObject\",\"inLanguage\":\"et\",\"@id\":\"https:\/\/dypall.com\/activity\/feedback-on-the-impact-of-the-training-course-young-migrant-voices-held-in-november-2016\/#primaryimage\",\"url\":\"\",\"contentUrl\":\"\"},{\"@type\":\"BreadcrumbList\",\"@id\":\"https:\/\/dypall.com\/activity\/feedback-on-the-impact-of-the-training-course-young-migrant-voices-held-in-november-2016\/#breadcrumb\",\"itemListElement\":[{\"@type\":\"ListItem\",\"position\":1,\"name\":\"Home\",\"item\":\"https:\/\/dypall.com\/\"},{\"@type\":\"ListItem\",\"position\":2,\"name\":\"Feedback on the impact of the training course \u201cYoung Migrant Voices\u201d held in November 2016.\"}]},{\"@type\":\"WebSite\",\"@id\":\"https:\/\/dypall.com\/#website\",\"url\":\"https:\/\/dypall.com\/\",\"name\":\"DYPALL Network\",\"description\":\"We are a European network of civil society organisations, municipalities and research institutions dedicated to improving democracy through youth participation.\",\"potentialAction\":[{\"@type\":\"SearchAction\",\"target\":{\"@type\":\"EntryPoint\",\"urlTemplate\":\"https:\/\/dypall.com\/?s={search_term_string}\"},\"query-input\":\"required name=search_term_string\"}],\"inLanguage\":\"et\"},{\"@type\":\"Person\",\"@id\":\"https:\/\/dypall.com\/#\/schema\/person\/206350efe851997fcdedef75d118766b\",\"name\":\"dypall\",\"image\":{\"@type\":\"ImageObject\",\"inLanguage\":\"et\",\"@id\":\"https:\/\/dypall.com\/#\/schema\/person\/image\/\",\"url\":\"https:\/\/secure.gravatar.com\/avatar\/14e8d3d8841cd0bdf69915120bcf9fcfac1567f1dc7035664907322ac47efe29?s=96&d=mm&r=g\",\"contentUrl\":\"https:\/\/secure.gravatar.com\/avatar\/14e8d3d8841cd0bdf69915120bcf9fcfac1567f1dc7035664907322ac47efe29?s=96&d=mm&r=g\",\"caption\":\"dypall\"},\"url\":\"https:\/\/dypall.com\/et\/author\/dypall_info\/\"}]}<\/script>\n<!-- \/ Yoast SEO plugin. -->","yoast_head_json":{"title":"Feedback on the impact of the training course \u201cYoung Migrant Voices\u201d held in November 2016. - DYPALL Network","robots":{"index":"index","follow":"follow","max-snippet":"max-snippet:-1","max-image-preview":"max-image-preview:large","max-video-preview":"max-video-preview:-1"},"canonical":"https:\/\/dypall.com\/et\/activity\/feedback-on-the-impact-of-the-training-course-young-migrant-voices-held-in-november-2016\/","og_locale":"et_EE","og_type":"article","og_title":"Feedback on the impact of the training course \u201cYoung Migrant Voices\u201d held in November 2016. - DYPALL Network","og_description":"The initiative \u201cYoung Migrant Voices: a training course for boosting participation of young migrants in decision-making processes at local level\u201d was organized by ADYNE Netherlands in partnership with DYPALL Network, and was implemented in November 2016. We wrote about it on our\u00a0\u00a0website here and here. Eva Lindberg \u00a0and Anna Beata Ekstr\u00f6m, were participants in this&hellip; Continue reading Feedback on the impact of the training course \u201cYoung Migrant Voices\u201d held in November 2016.","og_url":"https:\/\/dypall.com\/et\/activity\/feedback-on-the-impact-of-the-training-course-young-migrant-voices-held-in-november-2016\/","og_site_name":"DYPALL Network","article_published_time":"2017-06-16T16:36:38+00:00","author":"dypall","twitter_card":"summary_large_image","twitter_misc":{"Written by":"dypall","Est. reading time":"5 minutit"},"schema":{"@context":"https:\/\/schema.org","@graph":[{"@type":"WebPage","@id":"https:\/\/dypall.com\/activity\/feedback-on-the-impact-of-the-training-course-young-migrant-voices-held-in-november-2016\/","url":"https:\/\/dypall.com\/activity\/feedback-on-the-impact-of-the-training-course-young-migrant-voices-held-in-november-2016\/","name":"Feedback on the impact of the training course \u201cYoung Migrant Voices\u201d held in November 2016. - DYPALL Network","isPartOf":{"@id":"https:\/\/dypall.com\/#website"},"primaryImageOfPage":{"@id":"https:\/\/dypall.com\/activity\/feedback-on-the-impact-of-the-training-course-young-migrant-voices-held-in-november-2016\/#primaryimage"},"image":{"@id":"https:\/\/dypall.com\/activity\/feedback-on-the-impact-of-the-training-course-young-migrant-voices-held-in-november-2016\/#primaryimage"},"thumbnailUrl":"","datePublished":"2017-06-16T16:36:38+00:00","dateModified":"2017-06-16T16:36:38+00:00","author":{"@id":"https:\/\/dypall.com\/#\/schema\/person\/206350efe851997fcdedef75d118766b"},"breadcrumb":{"@id":"https:\/\/dypall.com\/activity\/feedback-on-the-impact-of-the-training-course-young-migrant-voices-held-in-november-2016\/#breadcrumb"},"inLanguage":"et","potentialAction":[{"@type":"ReadAction","target":["https:\/\/dypall.com\/activity\/feedback-on-the-impact-of-the-training-course-young-migrant-voices-held-in-november-2016\/"]}]},{"@type":"ImageObject","inLanguage":"et","@id":"https:\/\/dypall.com\/activity\/feedback-on-the-impact-of-the-training-course-young-migrant-voices-held-in-november-2016\/#primaryimage","url":"","contentUrl":""},{"@type":"BreadcrumbList","@id":"https:\/\/dypall.com\/activity\/feedback-on-the-impact-of-the-training-course-young-migrant-voices-held-in-november-2016\/#breadcrumb","itemListElement":[{"@type":"ListItem","position":1,"name":"Home","item":"https:\/\/dypall.com\/"},{"@type":"ListItem","position":2,"name":"Feedback on the impact of the training course \u201cYoung Migrant Voices\u201d held in November 2016."}]},{"@type":"WebSite","@id":"https:\/\/dypall.com\/#website","url":"https:\/\/dypall.com\/","name":"DYPALL Network","description":"We are a European network of civil society organisations, municipalities and research institutions dedicated to improving democracy through youth participation.","potentialAction":[{"@type":"SearchAction","target":{"@type":"EntryPoint","urlTemplate":"https:\/\/dypall.com\/?s={search_term_string}"},"query-input":"required name=search_term_string"}],"inLanguage":"et"},{"@type":"Person","@id":"https:\/\/dypall.com\/#\/schema\/person\/206350efe851997fcdedef75d118766b","name":"dypall","image":{"@type":"ImageObject","inLanguage":"et","@id":"https:\/\/dypall.com\/#\/schema\/person\/image\/","url":"https:\/\/secure.gravatar.com\/avatar\/14e8d3d8841cd0bdf69915120bcf9fcfac1567f1dc7035664907322ac47efe29?s=96&d=mm&r=g","contentUrl":"https:\/\/secure.gravatar.com\/avatar\/14e8d3d8841cd0bdf69915120bcf9fcfac1567f1dc7035664907322ac47efe29?s=96&d=mm&r=g","caption":"dypall"},"url":"https:\/\/dypall.com\/et\/author\/dypall_info\/"}]}},"jetpack_featured_media_url":"","jetpack_sharing_enabled":true,"_links":{"self":[{"href":"https:\/\/dypall.com\/et\/wp-json\/wp\/v2\/posts\/2117","targetHints":{"allow":["GET"]}}],"collection":[{"href":"https:\/\/dypall.com\/et\/wp-json\/wp\/v2\/posts"}],"about":[{"href":"https:\/\/dypall.com\/et\/wp-json\/wp\/v2\/types\/post"}],"author":[{"embeddable":true,"href":"https:\/\/dypall.com\/et\/wp-json\/wp\/v2\/users\/2"}],"replies":[{"embeddable":true,"href":"https:\/\/dypall.com\/et\/wp-json\/wp\/v2\/comments?post=2117"}],"version-history":[{"count":0,"href":"https:\/\/dypall.com\/et\/wp-json\/wp\/v2\/posts\/2117\/revisions"}],"wp:featuredmedia":[{"embeddable":true,"href":"https:\/\/dypall.com\/et\/wp-json\/"}],"wp:attachment":[{"href":"https:\/\/dypall.com\/et\/wp-json\/wp\/v2\/media?parent=2117"}],"wp:term":[{"taxonomy":"category","embeddable":true,"href":"https:\/\/dypall.com\/et\/wp-json\/wp\/v2\/categories?post=2117"},{"taxonomy":"post_tag","embeddable":true,"href":"https:\/\/dypall.com\/et\/wp-json\/wp\/v2\/tags?post=2117"}],"curies":[{"name":"wp","href":"https:\/\/api.w.org\/{rel}","templated":true}]}}