{"id":8757,"date":"2025-11-26T09:36:44","date_gmt":"2025-11-26T09:36:44","guid":{"rendered":"https:\/\/dypall.com\/?p=8757"},"modified":"2025-12-02T09:46:54","modified_gmt":"2025-12-02T09:46:54","slug":"human-european-conference-on-the-rights-of-the-child-in-the-age-of-ai","status":"publish","type":"post","link":"https:\/\/dypall.com\/es\/conference\/human-european-conference-on-the-rights-of-the-child-in-the-age-of-ai\/","title":{"rendered":"Conferencia europea \u00abHUMAN\u00bb sobre los derechos del ni\u00f1o en la era de la IA"},"content":{"rendered":"<p>En un auditorio repleto de m\u00e1s de 200 estudiantes, j\u00f3venes, representantes de agencias y profesionales de ocho naciones europeas, \u00abThe Smile of the Child\u00bb, en el contexto de la finalizaci\u00f3n de treinta a\u00f1os de acci\u00f3n, y la Red Europea de Estudiantes Voluntarios YouSmile de la Organizaci\u00f3n, organizaron la Conferencia Europea sobre los Derechos del Ni\u00f1o en la era de la Inteligencia Artificial.<\/p>\n\n\n\n<p>La Conferencia se organiz\u00f3 con motivo del D\u00eda Internacional de los Derechos del Ni\u00f1o (20 de noviembre), bajo los auspicios del Ministerio de Educaci\u00f3n, Asuntos Religiosos y Deportes y del Ministerio de Salud, y tuvo lugar en Novotel Athens.<\/p>\n\n\n\n<p>Los temas que se abordaron proced\u00edan de grupos de ni\u00f1os y adolescentes de toda Europa y fueron: La intimidaci\u00f3n, las relaciones y modelos familiares, la seguridad en Internet y el desaf\u00edo de la IA, la violencia contra los ni\u00f1os, el racismo y el discurso del odio y los derechos del ni\u00f1o en la escuela.<\/p>\n\n\n\n<p>La Conferencia ten\u00eda por objeto poner de relieve las opiniones y puntos de vista genuinos y sin mediaci\u00f3n de los ni\u00f1os sobre las cuestiones que les conciernen, sin la intervenci\u00f3n ni la orientaci\u00f3n de los adultos, ya que ellos mismos los han destacado como importantes, y para que los profesionales con experiencia y conocimientos especializados en la materia adopten posiciones sobre estas cuestiones, y, por \u00faltimo, presentar propuestas que se pondr\u00e1n a disposici\u00f3n de los organismos institucionales pertinentes en Grecia y en Europa para que puedan formular estrategias y tomar decisiones destinadas a apoyar y promover de manera significativa los derechos de los ni\u00f1os.<\/p>\n\n\n\n<p>El Viceministro de Sanidad, Dimitris Vartzopoulos, pronunci\u00f3 las observaciones iniciales.<\/p>\n\n\n\n<p>En su discurso introductorio, Panagiotis Anastasiadis, profesor de Aprendizaje Permanente y a Distancia utilizando las TIC en el Departamento de Educaci\u00f3n Primaria de la Universidad de Creta, hizo una simulaci\u00f3n de su comunicaci\u00f3n con RAX, un robot con inteligencia artificial. A trav\u00e9s de esta presentaci\u00f3n en vivo, se destac\u00f3 tanto el papel extremadamente beneficioso que la inteligencia artificial puede desempe\u00f1ar en la educaci\u00f3n como en una multitud de otros sectores, as\u00ed como los impactos negativos que puede tener cuando se usa incorrectamente.<\/p>\n\n\n\n<p>Junto con los ni\u00f1os, que hab\u00edan llevado a cabo toda la presentaci\u00f3n de la Conferencia, as\u00ed como la moderaci\u00f3n de los paneles, se encontraban destacados cient\u00edficos que respondieron a sus preguntas, escucharon sus puntos de vista y contribuyeron a que todos comprendieran todos los temas que se debatieron. M\u00e1s concretamente, participaron en la Conferencia las siguientes personas:<\/p>\n\n\n\n<ul class=\"wp-block-list\">\n<li>Georgia Angelopoulou, psic\u00f3loga de \u00abLa sonrisa del ni\u00f1o\u00bb<\/li>\n\n\n\n<li>Panagiotis Anastasiadis, profesor de Aprendizaje Permanente y a Distancia utilizando las TIC en el Departamento de Educaci\u00f3n Primaria de la Universidad de Creta<\/li>\n\n\n\n<li>Theodoros Giovazolias, Profesor de Consejer\u00eda Psicol\u00f3gica, Departamento de Psicolog\u00eda, Universidad de Creta<\/li>\n\n\n\n<li>Ioanna Gkika, psic\u00f3loga, MSc en \u00abThe Smile of the Child\u00bb<\/li>\n\n\n\n<li>Foteini Kokkori, Fiscal de Menores, Pireo<\/li>\n\n\n\n<li>Konstantina Kolokytha, trabajadora social, MSc Counselling, \u00abLa sonrisa del ni\u00f1o\u00bb<\/li>\n\n\n\n<li>Theoni Koufonikolakou, defensora adjunta de los derechos del ni\u00f1o<\/li>\n<\/ul>\n\n\n\n<ul class=\"wp-block-list\">\n<li>Korinna Pertsinidou, M.SC., Coordinadora de Programas y Redes Escolares, Direcci\u00f3n de Educaci\u00f3n Secundaria para el \u00c1tica Oriental<\/li>\n\n\n\n<li>Theodora Skali, miembro de la Facultad de Psicolog\u00eda de la Facultad de Medicina de la Universidad de Atenas \u2013 1.a cl\u00ednica psiqui\u00e1trica del Hospital Aiginiteio<\/li>\n\n\n\n<li>Stavroula Spyropoulou, psic\u00f3loga, MSc en \u00abThe Smile of the Child\u00bb<\/li>\n\n\n\n<li>Ioanna Hardaloupa, psic\u00f3loga, MSc en \u00abThe Smile of the Child\u00bb<\/li>\n\n\n\n<li>Alexandra Psomathianou, psic\u00f3loga, MSc en \u00abThe Smile of the Child\u00bb<\/li>\n\n\n\n<li>Sofia Leitao, Directora Principal de Desarrollo, Rinova M\u00e1laga S.L., Espa\u00f1a<\/li>\n\n\n\n<li>Lina Marsic, asesora experta, Defensora de los Derechos Humanos, Eslovenia<\/li>\n\n\n\n<li>Margarida Rendeiro, Centro de Humanidades, Universidad NOVA Lisboa, Portugal<\/li>\n\n\n\n<li>Kyriakoula Georgiou, profesora del Instituto Pedag\u00f3gico de Chipre,<\/li>\n\n\n\n<li>Vivian Welker, Directora del Departamento de Cooperaci\u00f3n Internacional, Folkuniversitetet, Suecia<\/li>\n\n\n\n<li>Renato Midiri, concejal de la XXII Municipalidad de Roma (Italia)<\/li>\n<\/ul>\n\n\n\n<p>Posiciones indicativas: En una encuesta nacional realizada con la participaci\u00f3n de 50.000 estudiantes, 10.000 maestros y 13.000 padres y tutores, 17.3% de los ni\u00f1os declararon que eran v\u00edctimas de intimidaci\u00f3n. Los efectos del acoso en la salud mental son extremadamente significativos, siendo los m\u00e1s importantes la ansiedad y la depresi\u00f3n, no solo en las v\u00edctimas infantiles, sino tambi\u00e9n en los \u00abperpetradores\u00bb infantiles. El papel de los observadores es crucial, ya que la investigaci\u00f3n ha demostrado que cuando los observadores intervienen, en 75 casos.% de los casos, el incidente se detiene en los primeros 10 segundos.\u00a0 Theodoros Giovazolias, Profesor de Consejer\u00eda Psicol\u00f3gica, Departamento de Psicolog\u00eda, Universidad de Creta<\/p>\n\n\n\n<p>Debemos cultivar el pensamiento, pero tambi\u00e9n la responsabilidad. Antes de actuar, debemos visualizar nuestro objetivo; solo de esta manera lo lograremos. Theodora Skali, miembro de la Facultad de Psicolog\u00eda de la Facultad de Medicina de la Universidad de Atenas \u2013 1.a cl\u00ednica psiqui\u00e1trica del Hospital Aiginiteio<\/p>\n\n\n\n<p>Los l\u00edmites para los ni\u00f1os deben ser el resultado de un acuerdo mutuo entre padres e hijos. Existen tres pilares importantes: Di\u00e1logo, coherencia y participaci\u00f3n de los ni\u00f1os en el establecimiento de las normas. Konstantina Kolokytha, trabajadora social, MSc Counselling, \u00abLa sonrisa del ni\u00f1o\u00bb<\/p>\n\n\n\n<p>La inteligencia artificial es una herramienta que siempre est\u00e1 disponible e inmediata, pero no cubre las relaciones humanas. La informaci\u00f3n sobre problemas de salud mental puede ser peligrosa y enga\u00f1osa. No demonizamos la inteligencia artificial, pero debemos introducir a los ni\u00f1os en comportamientos digitales saludables. Alexandra Psomathianou, psic\u00f3loga, MSc en \u00abThe Smile of the Child\u00bb<\/p>\n\n\n\n<p>La inteligencia artificial en el futuro se centrar\u00e1 principalmente en el compa\u00f1erismo, las relaciones interpersonales. La inteligencia artificial no tiene emociones, sin embargo, los humanos desarrollamos sentimientos hacia ella; se convierte en nuestro amigo, nuestro compa\u00f1ero, y eso es peligroso.\u00a0 Panagiotis Anastasiadis, profesor de Aprendizaje Permanente y a Distancia utilizando las TIC en el Departamento de Educaci\u00f3n Primaria de la Universidad de Creta<\/p>\n\n\n\n<p>Eliminar a un ni\u00f1o de un entorno familiar abusivo es traum\u00e1tico. Un especialista, un psic\u00f3logo o un trabajador social, debe ser la persona de referencia, la persona que estar\u00e1 al lado del ni\u00f1o en cada paso del camino, en cada momento, desde el traslado del ni\u00f1o hasta su rehabilitaci\u00f3n. Foteini Kokkori, Fiscal de Menores, Pireo<\/p>\n\n\n\n<p>Nuestras obligaciones, tal como se definen en la Convenci\u00f3n Internacional sobre los Derechos del Ni\u00f1o, no se est\u00e1n cumpliendo. Queremos una escuela que escuche a los ni\u00f1os y sea responsable ante ellos. Theoni Koufonikolakou, defensora adjunta de los derechos del ni\u00f1o.<\/p>\n\n\n\n<p>La Conferencia tuvo lugar en el contexto del proyecto titulado \u00abDigital Hat Interrupter Activism to combat structural racism promoting inter-community cooperation through digital technologies\u00bb, con las siglas \u00abHUMAN\u00bb. El consorcio del proyecto incluye organizaciones de otros ocho pa\u00edses de la Uni\u00f3n Europea, que son: \u00abLa sonrisa del ni\u00f1o\u00bb de Grecia, RINOVA M\u00e1laga de Espa\u00f1a, Folkuniversitetet de Suecia, el Centro de Innovaci\u00f3n Social de Chipre, la Universidade Nova de Lisboa y la Red DYPALL de Portugal, ZRS Koper de Eslovenia, MuLab de Italia y la Red Europea Antibullying con sede en B\u00e9lgica.<\/p>\n\n\n\n<p>El proyecto HUMAN (GA 101144478) est\u00e1 cofinanciado por el programa Ciudadanos, Igualdad y Valores de la Uni\u00f3n Europea (CERV 2021-2027). El contenido de esta publicaci\u00f3n representa solo los puntos de vista del autor y es su \u00fanica responsabilidad. La Comisi\u00f3n Europea no acepta ninguna responsabilidad por el uso de la informaci\u00f3n contenida en la misma.<\/p>\n\n\n\n<p>Vea la conferencia aqu\u00ed: <a href=\"https:\/\/youtube.com\/live\/QPTtysxBtFI?feature=share\">https:\/\/youtube.com\/live\/QPTtysxBtFI?feature=share<\/a>&nbsp;<\/p>\n\n\n\n<p>Ver fotos de la Conferencia <a href=\"https:\/\/hamogelo-my.sharepoint.com\/:f:\/g\/personal\/nikosyannopoulos_hamogelo_gr\/IgBannO9lLLKTIOAdIiXFeTzATGa_CkbuwQ9x5xoVdpz7Ws?e=0520Fi\">aqu\u00ed<\/a>.&nbsp;<\/p>\n\n\n\n<p><\/p>","protected":false},"excerpt":{"rendered":"<p>En un auditorio repleto de m\u00e1s de 200 estudiantes, j\u00f3venes, representantes de agencias y profesionales de ocho naciones europeas, \u00abThe Smile of the Child\u00bb, en el contexto de la finalizaci\u00f3n de treinta a\u00f1os de acci\u00f3n, y la Red Europea de Voluntarios Estudiantiles YouSmile de la Organizaci\u00f3n, organizaron la Conferencia Europea sobre los Derechos del Ni\u00f1o en... <a class=\"more-link\" href=\"https:\/\/dypall.com\/es\/conference\/human-european-conference-on-the-rights-of-the-child-in-the-age-of-ai\/\">Seguir leyendo <span class=\"screen-reader-text\">Conferencia europea \u00abHUMAN\u00bb sobre los derechos del ni\u00f1o en la era de la IA<\/span><\/a><\/p>","protected":false},"author":5,"featured_media":8758,"comment_status":"closed","ping_status":"open","sticky":false,"template":"","format":"standard","meta":{"_acf_changed":false,"_jetpack_memberships_contains_paid_content":false,"footnotes":""},"categories":[112],"tags":[],"class_list":["post-8757","post","type-post","status-publish","format-standard","has-post-thumbnail","hentry","category-conference","entry"],"acf":[],"yoast_head":"<!-- This site is optimized with the Yoast SEO plugin v22.8 - https:\/\/yoast.com\/wordpress\/plugins\/seo\/ -->\n<title>&quot;HUMAN&quot; European Conference on the Rights of the Child in the age of AI - DYPALL Network<\/title>\n<meta name=\"robots\" content=\"index, follow, max-snippet:-1, max-image-preview:large, max-video-preview:-1\" \/>\n<link rel=\"canonical\" href=\"https:\/\/dypall.com\/es\/conference\/human-european-conference-on-the-rights-of-the-child-in-the-age-of-ai\/\" \/>\n<meta property=\"og:locale\" content=\"es_ES\" \/>\n<meta property=\"og:type\" content=\"article\" \/>\n<meta property=\"og:title\" content=\"&quot;HUMAN&quot; European Conference on the Rights of the Child in the age of AI - DYPALL Network\" \/>\n<meta property=\"og:description\" content=\"In an auditorium packed with more than 200 students, young people, representatives of agencies and professionals from 8 European nations, \u201cThe Smile of the Child,\u201d in the context of the completion of 30 years of action and the Organisation\u2019s European Student Volunteer Network YouSmile, organised the European Conference on the Rights of the Child in&hellip; Seguir leyendo &#8220;HUMAN&#8221; European Conference on the Rights of the Child in the age of AI\" \/>\n<meta property=\"og:url\" content=\"https:\/\/dypall.com\/es\/conference\/human-european-conference-on-the-rights-of-the-child-in-the-age-of-ai\/\" \/>\n<meta property=\"og:site_name\" content=\"DYPALL Network\" \/>\n<meta property=\"article:published_time\" content=\"2025-11-26T09:36:44+00:00\" \/>\n<meta property=\"article:modified_time\" content=\"2025-12-02T09:46:54+00:00\" \/>\n<meta property=\"og:image\" content=\"https:\/\/dypall.com\/wp-content\/uploads\/2025\/12\/Y0A1025-scaled.jpg\" \/>\n\t<meta property=\"og:image:width\" content=\"2560\" \/>\n\t<meta property=\"og:image:height\" content=\"1707\" \/>\n\t<meta property=\"og:image:type\" content=\"image\/jpeg\" \/>\n<meta name=\"author\" content=\"DYPALL Network\" \/>\n<meta name=\"twitter:card\" content=\"summary_large_image\" \/>\n<meta name=\"twitter:label1\" content=\"Written by\" \/>\n\t<meta name=\"twitter:data1\" content=\"DYPALL Network\" \/>\n\t<meta name=\"twitter:label2\" content=\"Est. reading time\" \/>\n\t<meta name=\"twitter:data2\" content=\"6 minutos\" \/>\n<script type=\"application\/ld+json\" class=\"yoast-schema-graph\">{\"@context\":\"https:\/\/schema.org\",\"@graph\":[{\"@type\":\"WebPage\",\"@id\":\"https:\/\/dypall.com\/conference\/human-european-conference-on-the-rights-of-the-child-in-the-age-of-ai\/\",\"url\":\"https:\/\/dypall.com\/conference\/human-european-conference-on-the-rights-of-the-child-in-the-age-of-ai\/\",\"name\":\"\\\"HUMAN\\\" European Conference on the Rights of the Child in the age of AI - DYPALL Network\",\"isPartOf\":{\"@id\":\"https:\/\/dypall.com\/#website\"},\"primaryImageOfPage\":{\"@id\":\"https:\/\/dypall.com\/conference\/human-european-conference-on-the-rights-of-the-child-in-the-age-of-ai\/#primaryimage\"},\"image\":{\"@id\":\"https:\/\/dypall.com\/conference\/human-european-conference-on-the-rights-of-the-child-in-the-age-of-ai\/#primaryimage\"},\"thumbnailUrl\":\"https:\/\/dypall.com\/wp-content\/uploads\/2025\/12\/Y0A1025-scaled.jpg\",\"datePublished\":\"2025-11-26T09:36:44+00:00\",\"dateModified\":\"2025-12-02T09:46:54+00:00\",\"author\":{\"@id\":\"https:\/\/dypall.com\/#\/schema\/person\/e87206094ce8bcf88449b35f00e40fb1\"},\"breadcrumb\":{\"@id\":\"https:\/\/dypall.com\/conference\/human-european-conference-on-the-rights-of-the-child-in-the-age-of-ai\/#breadcrumb\"},\"inLanguage\":\"es\",\"potentialAction\":[{\"@type\":\"ReadAction\",\"target\":[\"https:\/\/dypall.com\/conference\/human-european-conference-on-the-rights-of-the-child-in-the-age-of-ai\/\"]}]},{\"@type\":\"ImageObject\",\"inLanguage\":\"es\",\"@id\":\"https:\/\/dypall.com\/conference\/human-european-conference-on-the-rights-of-the-child-in-the-age-of-ai\/#primaryimage\",\"url\":\"https:\/\/dypall.com\/wp-content\/uploads\/2025\/12\/Y0A1025-scaled.jpg\",\"contentUrl\":\"https:\/\/dypall.com\/wp-content\/uploads\/2025\/12\/Y0A1025-scaled.jpg\",\"width\":2560,\"height\":1707},{\"@type\":\"BreadcrumbList\",\"@id\":\"https:\/\/dypall.com\/conference\/human-european-conference-on-the-rights-of-the-child-in-the-age-of-ai\/#breadcrumb\",\"itemListElement\":[{\"@type\":\"ListItem\",\"position\":1,\"name\":\"Home\",\"item\":\"https:\/\/dypall.com\/\"},{\"@type\":\"ListItem\",\"position\":2,\"name\":\"&#8220;HUMAN&#8221; European Conference on the Rights of the Child in the age of AI\"}]},{\"@type\":\"WebSite\",\"@id\":\"https:\/\/dypall.com\/#website\",\"url\":\"https:\/\/dypall.com\/\",\"name\":\"DYPALL Network\",\"description\":\"We are a European network of civil society organisations, municipalities and research institutions dedicated to improving democracy through youth participation.\",\"potentialAction\":[{\"@type\":\"SearchAction\",\"target\":{\"@type\":\"EntryPoint\",\"urlTemplate\":\"https:\/\/dypall.com\/?s={search_term_string}\"},\"query-input\":\"required name=search_term_string\"}],\"inLanguage\":\"es\"},{\"@type\":\"Person\",\"@id\":\"https:\/\/dypall.com\/#\/schema\/person\/e87206094ce8bcf88449b35f00e40fb1\",\"name\":\"DYPALL Network\",\"image\":{\"@type\":\"ImageObject\",\"inLanguage\":\"es\",\"@id\":\"https:\/\/dypall.com\/#\/schema\/person\/image\/\",\"url\":\"https:\/\/secure.gravatar.com\/avatar\/1061d2d4c9b4f1a9b496774795b5deac1200dfd1d3abecb8f85cf8b580e6963b?s=96&d=mm&r=g\",\"contentUrl\":\"https:\/\/secure.gravatar.com\/avatar\/1061d2d4c9b4f1a9b496774795b5deac1200dfd1d3abecb8f85cf8b580e6963b?s=96&d=mm&r=g\",\"caption\":\"DYPALL Network\"},\"sameAs\":[\"https:\/\/dypall.com\/\"],\"url\":\"https:\/\/dypall.com\/es\/author\/dypallonsteroids\/\"}]}<\/script>\n<!-- \/ Yoast SEO plugin. -->","yoast_head_json":{"title":"\"HUMAN\" European Conference on the Rights of the Child in the age of AI - DYPALL Network","robots":{"index":"index","follow":"follow","max-snippet":"max-snippet:-1","max-image-preview":"max-image-preview:large","max-video-preview":"max-video-preview:-1"},"canonical":"https:\/\/dypall.com\/es\/conference\/human-european-conference-on-the-rights-of-the-child-in-the-age-of-ai\/","og_locale":"es_ES","og_type":"article","og_title":"\"HUMAN\" European Conference on the Rights of the Child in the age of AI - DYPALL Network","og_description":"In an auditorium packed with more than 200 students, young people, representatives of agencies and professionals from 8 European nations, \u201cThe Smile of the Child,\u201d in the context of the completion of 30 years of action and the Organisation\u2019s European Student Volunteer Network YouSmile, organised the European Conference on the Rights of the Child in&hellip; Seguir leyendo &#8220;HUMAN&#8221; European Conference on the Rights of the Child in the age of AI","og_url":"https:\/\/dypall.com\/es\/conference\/human-european-conference-on-the-rights-of-the-child-in-the-age-of-ai\/","og_site_name":"DYPALL Network","article_published_time":"2025-11-26T09:36:44+00:00","article_modified_time":"2025-12-02T09:46:54+00:00","og_image":[{"width":2560,"height":1707,"url":"https:\/\/dypall.com\/wp-content\/uploads\/2025\/12\/Y0A1025-scaled.jpg","type":"image\/jpeg"}],"author":"DYPALL Network","twitter_card":"summary_large_image","twitter_misc":{"Written by":"DYPALL Network","Est. reading time":"6 minutos"},"schema":{"@context":"https:\/\/schema.org","@graph":[{"@type":"WebPage","@id":"https:\/\/dypall.com\/conference\/human-european-conference-on-the-rights-of-the-child-in-the-age-of-ai\/","url":"https:\/\/dypall.com\/conference\/human-european-conference-on-the-rights-of-the-child-in-the-age-of-ai\/","name":"\"HUMAN\" European Conference on the Rights of the Child in the age of AI - DYPALL Network","isPartOf":{"@id":"https:\/\/dypall.com\/#website"},"primaryImageOfPage":{"@id":"https:\/\/dypall.com\/conference\/human-european-conference-on-the-rights-of-the-child-in-the-age-of-ai\/#primaryimage"},"image":{"@id":"https:\/\/dypall.com\/conference\/human-european-conference-on-the-rights-of-the-child-in-the-age-of-ai\/#primaryimage"},"thumbnailUrl":"https:\/\/dypall.com\/wp-content\/uploads\/2025\/12\/Y0A1025-scaled.jpg","datePublished":"2025-11-26T09:36:44+00:00","dateModified":"2025-12-02T09:46:54+00:00","author":{"@id":"https:\/\/dypall.com\/#\/schema\/person\/e87206094ce8bcf88449b35f00e40fb1"},"breadcrumb":{"@id":"https:\/\/dypall.com\/conference\/human-european-conference-on-the-rights-of-the-child-in-the-age-of-ai\/#breadcrumb"},"inLanguage":"es","potentialAction":[{"@type":"ReadAction","target":["https:\/\/dypall.com\/conference\/human-european-conference-on-the-rights-of-the-child-in-the-age-of-ai\/"]}]},{"@type":"ImageObject","inLanguage":"es","@id":"https:\/\/dypall.com\/conference\/human-european-conference-on-the-rights-of-the-child-in-the-age-of-ai\/#primaryimage","url":"https:\/\/dypall.com\/wp-content\/uploads\/2025\/12\/Y0A1025-scaled.jpg","contentUrl":"https:\/\/dypall.com\/wp-content\/uploads\/2025\/12\/Y0A1025-scaled.jpg","width":2560,"height":1707},{"@type":"BreadcrumbList","@id":"https:\/\/dypall.com\/conference\/human-european-conference-on-the-rights-of-the-child-in-the-age-of-ai\/#breadcrumb","itemListElement":[{"@type":"ListItem","position":1,"name":"Home","item":"https:\/\/dypall.com\/"},{"@type":"ListItem","position":2,"name":"&#8220;HUMAN&#8221; European Conference on the Rights of the Child in the age of AI"}]},{"@type":"WebSite","@id":"https:\/\/dypall.com\/#website","url":"https:\/\/dypall.com\/","name":"DYPALL Network","description":"We are a European network of civil society organisations, municipalities and research institutions dedicated to improving democracy through youth participation.","potentialAction":[{"@type":"SearchAction","target":{"@type":"EntryPoint","urlTemplate":"https:\/\/dypall.com\/?s={search_term_string}"},"query-input":"required name=search_term_string"}],"inLanguage":"es"},{"@type":"Person","@id":"https:\/\/dypall.com\/#\/schema\/person\/e87206094ce8bcf88449b35f00e40fb1","name":"DYPALL Network","image":{"@type":"ImageObject","inLanguage":"es","@id":"https:\/\/dypall.com\/#\/schema\/person\/image\/","url":"https:\/\/secure.gravatar.com\/avatar\/1061d2d4c9b4f1a9b496774795b5deac1200dfd1d3abecb8f85cf8b580e6963b?s=96&d=mm&r=g","contentUrl":"https:\/\/secure.gravatar.com\/avatar\/1061d2d4c9b4f1a9b496774795b5deac1200dfd1d3abecb8f85cf8b580e6963b?s=96&d=mm&r=g","caption":"DYPALL Network"},"sameAs":["https:\/\/dypall.com\/"],"url":"https:\/\/dypall.com\/es\/author\/dypallonsteroids\/"}]}},"jetpack_featured_media_url":"https:\/\/dypall.com\/wp-content\/uploads\/2025\/12\/Y0A1025-scaled.jpg","jetpack_sharing_enabled":true,"_links":{"self":[{"href":"https:\/\/dypall.com\/es\/wp-json\/wp\/v2\/posts\/8757","targetHints":{"allow":["GET"]}}],"collection":[{"href":"https:\/\/dypall.com\/es\/wp-json\/wp\/v2\/posts"}],"about":[{"href":"https:\/\/dypall.com\/es\/wp-json\/wp\/v2\/types\/post"}],"author":[{"embeddable":true,"href":"https:\/\/dypall.com\/es\/wp-json\/wp\/v2\/users\/5"}],"replies":[{"embeddable":true,"href":"https:\/\/dypall.com\/es\/wp-json\/wp\/v2\/comments?post=8757"}],"version-history":[{"count":1,"href":"https:\/\/dypall.com\/es\/wp-json\/wp\/v2\/posts\/8757\/revisions"}],"predecessor-version":[{"id":8760,"href":"https:\/\/dypall.com\/es\/wp-json\/wp\/v2\/posts\/8757\/revisions\/8760"}],"wp:featuredmedia":[{"embeddable":true,"href":"https:\/\/dypall.com\/es\/wp-json\/wp\/v2\/media\/8758"}],"wp:attachment":[{"href":"https:\/\/dypall.com\/es\/wp-json\/wp\/v2\/media?parent=8757"}],"wp:term":[{"taxonomy":"category","embeddable":true,"href":"https:\/\/dypall.com\/es\/wp-json\/wp\/v2\/categories?post=8757"},{"taxonomy":"post_tag","embeddable":true,"href":"https:\/\/dypall.com\/es\/wp-json\/wp\/v2\/tags?post=8757"}],"curies":[{"name":"wp","href":"https:\/\/api.w.org\/{rel}","templated":true}]}}