{"id":8154,"date":"2024-12-20T12:13:22","date_gmt":"2024-12-20T12:13:22","guid":{"rendered":"https:\/\/dypall.com\/?p=8154"},"modified":"2024-12-20T12:13:23","modified_gmt":"2024-12-20T12:13:23","slug":"climbing-the-ladder-fostering-a-culture-of-youth-engagement-cl-ye-advisory-group-meeting-in-brussels-belgium","status":"publish","type":"post","link":"https:\/\/dypall.com\/es\/activity\/climbing-the-ladder-fostering-a-culture-of-youth-engagement-cl-ye-advisory-group-meeting-in-brussels-belgium\/","title":{"rendered":"\u00abSubir la escalera: fomentar una cultura del compromiso juvenil (CL-YE)\u00bb, reuni\u00f3n del grupo consultivo en Bruselas (B\u00e9lgica)"},"content":{"rendered":"<p>El grupo consultivo del proyecto CL-YE celebr\u00f3 su primera reuni\u00f3n presencial del 3 al 6 de diciembre de 2024 en Bruselas (B\u00e9lgica). El Grupo Asesor sobre Participaci\u00f3n Juvenil es un grupo de 12 expertos de diferentes pa\u00edses de Europa con experiencia concreta en mecanismos, estructuras y modelos de participaci\u00f3n juvenil con la misi\u00f3n de apoyar al consorcio del proyecto CL-YE en la planificaci\u00f3n, investigaci\u00f3n y entrega de los principales resultados del proyecto.<\/p>\n\n\n\n<p>La reuni\u00f3n del grupo consultivo, dirigida por la Red DYPALL y organizada por AER, fue un espacio para que los expertos debatieran y compartieran puntos en com\u00fan y experiencias a medida que se sumerg\u00edan en diferentes mecanismos para la participaci\u00f3n de los j\u00f3venes en toda Europa. Pasaron mucho tiempo deliberando sobre los puntos fuertes y los \u00abvigilancias\u00bb, los indicadores clave de \u00e9xito y los marcadores de calidad de diferentes mecanismos: consejos juveniles, embajadores juveniles, grupos consultivos juveniles, grupos directores juveniles e investigaci\u00f3n dirigida por j\u00f3venes, entre otros.<\/p>\n\n\n\n<p>El objetivo principal de esta reuni\u00f3n fue recabar aportaciones de los expertos sobre las directrices cualitativas, la publicaci\u00f3n que se desarrollar\u00e1 dentro del proyecto y que proporcionar\u00e1 al menos 8 directrices diferentes (planes paso a paso) para diferentes mecanismos de participaci\u00f3n de los j\u00f3venes, cuyo objetivo es guiar a los profesionales, los responsables pol\u00edticos y otras partes interesadas en la elaboraci\u00f3n y el establecimiento de dichos modelos de participaci\u00f3n de los j\u00f3venes, a trav\u00e9s de un proceso transparente, inclusivo y participativo, en consonancia con las buenas pr\u00e1cticas y recomendaciones en el \u00e1mbito de la juventud. Tambi\u00e9n se consult\u00f3 a los miembros del grupo consultivo sobre la plataforma que se desarrollar\u00e1 en 2025 con el fin de orientar a los profesionales y los responsables pol\u00edticos en el establecimiento de mecanismos para la participaci\u00f3n de los j\u00f3venes.<\/p>\n\n\n\n<p>El grupo consultivo tambi\u00e9n se uni\u00f3 a una parte del programa de CL-YE que se estaba llevando a cabo paralelamente para visitar y aprender m\u00e1s sobre los \u00f3rganos e instituciones de toma de decisiones europeos.<\/p>\n\n\n\n<p>El proyecto est\u00e1 liderado por DYPALL Network en asociaci\u00f3n con<a href=\"https:\/\/www.facebook.com\/europiamo?__cft__[0]=AZUrCBx7yuD2ePUamvkzam3K-rvPXN1m8UTwIMGTqBuqBn1ul0YddQPYMpRhoiDaeww3In5J_eFDtiOQBnbDgec1-3kt6QJ0ILzeOPO-zR_AL9BPz6T7-l1flfd9HTFumzcRTY9gbptZdDbxaZzeABE28eUxrCkGb4kHGO4sm-eWjw&amp;__tn__=-]K-R\"> Europiamo ETS<\/a> (Italia),<a href=\"https:\/\/www.facebook.com\/YEPPEUROPE?__cft__[0]=AZUrCBx7yuD2ePUamvkzam3K-rvPXN1m8UTwIMGTqBuqBn1ul0YddQPYMpRhoiDaeww3In5J_eFDtiOQBnbDgec1-3kt6QJ0ILzeOPO-zR_AL9BPz6T7-l1flfd9HTFumzcRTY9gbptZdDbxaZzeABE28eUxrCkGb4kHGO4sm-eWjw&amp;__tn__=-]K-R\"> YEPP EUROPA<\/a> (Alemania),<a href=\"https:\/\/www.facebook.com\/Nordlandfylke?__cft__[0]=AZUrCBx7yuD2ePUamvkzam3K-rvPXN1m8UTwIMGTqBuqBn1ul0YddQPYMpRhoiDaeww3In5J_eFDtiOQBnbDgec1-3kt6QJ0ILzeOPO-zR_AL9BPz6T7-l1flfd9HTFumzcRTY9gbptZdDbxaZzeABE28eUxrCkGb4kHGO4sm-eWjw&amp;__tn__=-]K-R\"> Nordland fylkeskommune<\/a> (Noruega),<a href=\"https:\/\/www.facebook.com\/@weareedyn\/?__cft__[0]=AZUrCBx7yuD2ePUamvkzam3K-rvPXN1m8UTwIMGTqBuqBn1ul0YddQPYMpRhoiDaeww3In5J_eFDtiOQBnbDgec1-3kt6QJ0ILzeOPO-zR_AL9BPz6T7-l1flfd9HTFumzcRTY9gbptZdDbxaZzeABE28eUxrCkGb4kHGO4sm-eWjw&amp;__tn__=-]K-R\"> EDYN<\/a> (Eslovaquia), @<a href=\"https:\/\/www.facebook.com\/EuropeanRegions?__cft__[0]=AZUrCBx7yuD2ePUamvkzam3K-rvPXN1m8UTwIMGTqBuqBn1ul0YddQPYMpRhoiDaeww3In5J_eFDtiOQBnbDgec1-3kt6QJ0ILzeOPO-zR_AL9BPz6T7-l1flfd9HTFumzcRTY9gbptZdDbxaZzeABE28eUxrCkGb4kHGO4sm-eWjw&amp;__tn__=-]K-R\">Asamblea de las Regiones de Europa \u2013 REA<\/a> (Francia),<a href=\"https:\/\/www.facebook.com\/sqlearngr?__cft__[0]=AZUrCBx7yuD2ePUamvkzam3K-rvPXN1m8UTwIMGTqBuqBn1ul0YddQPYMpRhoiDaeww3In5J_eFDtiOQBnbDgec1-3kt6QJ0ILzeOPO-zR_AL9BPz6T7-l1flfd9HTFumzcRTY9gbptZdDbxaZzeABE28eUxrCkGb4kHGO4sm-eWjw&amp;__tn__=-]K-R\"> SQLearn<\/a> (Grecia) financiado por el programa Erasmus+ \u00abJuventud Europea Conjunta\u00bb.&nbsp;<\/p>\n\n\n\n<figure class=\"wp-block-image size-full\"><img loading=\"lazy\" decoding=\"async\" width=\"2048\" height=\"1536\" src=\"https:\/\/dypall.com\/wp-content\/uploads\/2024\/12\/WhatsApp-Image-2024-12-20-at-12.09.44.jpeg\" alt=\"\" class=\"wp-image-8155\" srcset=\"https:\/\/dypall.com\/wp-content\/uploads\/2024\/12\/WhatsApp-Image-2024-12-20-at-12.09.44.jpeg 2048w, https:\/\/dypall.com\/wp-content\/uploads\/2024\/12\/WhatsApp-Image-2024-12-20-at-12.09.44-768x576.jpeg 768w, https:\/\/dypall.com\/wp-content\/uploads\/2024\/12\/WhatsApp-Image-2024-12-20-at-12.09.44-1536x1152.jpeg 1536w, https:\/\/dypall.com\/wp-content\/uploads\/2024\/12\/WhatsApp-Image-2024-12-20-at-12.09.44-1568x1176.jpeg 1568w\" sizes=\"auto, (max-width: 2048px) 100vw, 2048px\" \/><\/figure>","protected":false},"excerpt":{"rendered":"<p>El grupo consultivo del proyecto CL-YE celebr\u00f3 su primera reuni\u00f3n presencial del 3 al 6 de diciembre de 2024 en Bruselas (B\u00e9lgica). El Grupo Asesor sobre Participaci\u00f3n Juvenil es un grupo de 12 expertos de diferentes pa\u00edses de Europa con experiencia concreta en mecanismos, estructuras y modelos de participaci\u00f3n juvenil con la misi\u00f3n de apoyar al consorcio de CL-YE. <a class=\"more-link\" href=\"https:\/\/dypall.com\/es\/activity\/climbing-the-ladder-fostering-a-culture-of-youth-engagement-cl-ye-advisory-group-meeting-in-brussels-belgium\/\">Seguir leyendo <span class=\"screen-reader-text\">\u00abSubir la escalera: fomentar una cultura del compromiso juvenil (CL-YE)\u00bb, reuni\u00f3n del grupo consultivo en Bruselas (B\u00e9lgica)<\/span><\/a><\/p>","protected":false},"author":5,"featured_media":8155,"comment_status":"open","ping_status":"open","sticky":false,"template":"","format":"standard","meta":{"_acf_changed":false,"_jetpack_memberships_contains_paid_content":false,"footnotes":""},"categories":[111],"tags":[],"class_list":["post-8154","post","type-post","status-publish","format-standard","has-post-thumbnail","hentry","category-activity","entry"],"acf":[],"yoast_head":"<!-- This site is optimized with the Yoast SEO plugin v22.8 - https:\/\/yoast.com\/wordpress\/plugins\/seo\/ -->\n<title>\u201cClimbing the Ladder: fostering a culture of Youth Engagement (CL-YE)\u201d Advisory group meeting in Brussels, Belgium - DYPALL Network<\/title>\n<meta name=\"robots\" content=\"index, follow, max-snippet:-1, max-image-preview:large, max-video-preview:-1\" \/>\n<link rel=\"canonical\" href=\"https:\/\/dypall.com\/es\/activity\/climbing-the-ladder-fostering-a-culture-of-youth-engagement-cl-ye-advisory-group-meeting-in-brussels-belgium\/\" \/>\n<meta property=\"og:locale\" content=\"es_ES\" \/>\n<meta property=\"og:type\" content=\"article\" \/>\n<meta property=\"og:title\" content=\"\u201cClimbing the Ladder: fostering a culture of Youth Engagement (CL-YE)\u201d Advisory group meeting in Brussels, Belgium - DYPALL Network\" \/>\n<meta property=\"og:description\" content=\"Advisory group of CL-YE project had its first in-person meeting from 3rd-6th December 2024 in Brussels, Belgium. The Advisory Group on Youth Engagement is a group of 12 experts from different countries in Europe with concrete experience in mechanisms, structures, and models of youth engagement with a mission to support the consortium of the CL-YE&hellip; Seguir leyendo \u201cClimbing the Ladder: fostering a culture of Youth Engagement (CL-YE)\u201d Advisory group meeting in Brussels, Belgium\" \/>\n<meta property=\"og:url\" content=\"https:\/\/dypall.com\/es\/activity\/climbing-the-ladder-fostering-a-culture-of-youth-engagement-cl-ye-advisory-group-meeting-in-brussels-belgium\/\" \/>\n<meta property=\"og:site_name\" content=\"DYPALL Network\" \/>\n<meta property=\"article:published_time\" content=\"2024-12-20T12:13:22+00:00\" \/>\n<meta property=\"article:modified_time\" content=\"2024-12-20T12:13:23+00:00\" \/>\n<meta property=\"og:image\" content=\"https:\/\/dypall.com\/wp-content\/uploads\/2024\/12\/WhatsApp-Image-2024-12-20-at-12.09.44.jpeg\" \/>\n\t<meta property=\"og:image:width\" content=\"2048\" \/>\n\t<meta property=\"og:image:height\" content=\"1536\" \/>\n\t<meta property=\"og:image:type\" content=\"image\/jpeg\" \/>\n<meta name=\"author\" content=\"DYPALL Network\" \/>\n<meta name=\"twitter:card\" content=\"summary_large_image\" \/>\n<meta name=\"twitter:label1\" content=\"Written by\" \/>\n\t<meta name=\"twitter:data1\" content=\"DYPALL Network\" \/>\n\t<meta name=\"twitter:label2\" content=\"Est. reading time\" \/>\n\t<meta name=\"twitter:data2\" content=\"2 minutos\" \/>\n<script type=\"application\/ld+json\" class=\"yoast-schema-graph\">{\"@context\":\"https:\/\/schema.org\",\"@graph\":[{\"@type\":\"WebPage\",\"@id\":\"https:\/\/dypall.com\/activity\/climbing-the-ladder-fostering-a-culture-of-youth-engagement-cl-ye-advisory-group-meeting-in-brussels-belgium\/\",\"url\":\"https:\/\/dypall.com\/activity\/climbing-the-ladder-fostering-a-culture-of-youth-engagement-cl-ye-advisory-group-meeting-in-brussels-belgium\/\",\"name\":\"\u201cClimbing the Ladder: fostering a culture of Youth Engagement (CL-YE)\u201d Advisory group meeting in Brussels, Belgium - DYPALL Network\",\"isPartOf\":{\"@id\":\"https:\/\/dypall.com\/#website\"},\"primaryImageOfPage\":{\"@id\":\"https:\/\/dypall.com\/activity\/climbing-the-ladder-fostering-a-culture-of-youth-engagement-cl-ye-advisory-group-meeting-in-brussels-belgium\/#primaryimage\"},\"image\":{\"@id\":\"https:\/\/dypall.com\/activity\/climbing-the-ladder-fostering-a-culture-of-youth-engagement-cl-ye-advisory-group-meeting-in-brussels-belgium\/#primaryimage\"},\"thumbnailUrl\":\"https:\/\/dypall.com\/wp-content\/uploads\/2024\/12\/WhatsApp-Image-2024-12-20-at-12.09.44.jpeg\",\"datePublished\":\"2024-12-20T12:13:22+00:00\",\"dateModified\":\"2024-12-20T12:13:23+00:00\",\"author\":{\"@id\":\"https:\/\/dypall.com\/#\/schema\/person\/e87206094ce8bcf88449b35f00e40fb1\"},\"breadcrumb\":{\"@id\":\"https:\/\/dypall.com\/activity\/climbing-the-ladder-fostering-a-culture-of-youth-engagement-cl-ye-advisory-group-meeting-in-brussels-belgium\/#breadcrumb\"},\"inLanguage\":\"es\",\"potentialAction\":[{\"@type\":\"ReadAction\",\"target\":[\"https:\/\/dypall.com\/activity\/climbing-the-ladder-fostering-a-culture-of-youth-engagement-cl-ye-advisory-group-meeting-in-brussels-belgium\/\"]}]},{\"@type\":\"ImageObject\",\"inLanguage\":\"es\",\"@id\":\"https:\/\/dypall.com\/activity\/climbing-the-ladder-fostering-a-culture-of-youth-engagement-cl-ye-advisory-group-meeting-in-brussels-belgium\/#primaryimage\",\"url\":\"https:\/\/dypall.com\/wp-content\/uploads\/2024\/12\/WhatsApp-Image-2024-12-20-at-12.09.44.jpeg\",\"contentUrl\":\"https:\/\/dypall.com\/wp-content\/uploads\/2024\/12\/WhatsApp-Image-2024-12-20-at-12.09.44.jpeg\",\"width\":2048,\"height\":1536},{\"@type\":\"BreadcrumbList\",\"@id\":\"https:\/\/dypall.com\/activity\/climbing-the-ladder-fostering-a-culture-of-youth-engagement-cl-ye-advisory-group-meeting-in-brussels-belgium\/#breadcrumb\",\"itemListElement\":[{\"@type\":\"ListItem\",\"position\":1,\"name\":\"Home\",\"item\":\"https:\/\/dypall.com\/\"},{\"@type\":\"ListItem\",\"position\":2,\"name\":\"\u201cClimbing the Ladder: fostering a culture of Youth Engagement (CL-YE)\u201d Advisory group meeting in Brussels, Belgium\"}]},{\"@type\":\"WebSite\",\"@id\":\"https:\/\/dypall.com\/#website\",\"url\":\"https:\/\/dypall.com\/\",\"name\":\"DYPALL Network\",\"description\":\"We are a European network of civil society organisations, municipalities and research institutions dedicated to improving democracy through youth participation.\",\"potentialAction\":[{\"@type\":\"SearchAction\",\"target\":{\"@type\":\"EntryPoint\",\"urlTemplate\":\"https:\/\/dypall.com\/?s={search_term_string}\"},\"query-input\":\"required name=search_term_string\"}],\"inLanguage\":\"es\"},{\"@type\":\"Person\",\"@id\":\"https:\/\/dypall.com\/#\/schema\/person\/e87206094ce8bcf88449b35f00e40fb1\",\"name\":\"DYPALL Network\",\"image\":{\"@type\":\"ImageObject\",\"inLanguage\":\"es\",\"@id\":\"https:\/\/dypall.com\/#\/schema\/person\/image\/\",\"url\":\"https:\/\/secure.gravatar.com\/avatar\/1061d2d4c9b4f1a9b496774795b5deac1200dfd1d3abecb8f85cf8b580e6963b?s=96&d=mm&r=g\",\"contentUrl\":\"https:\/\/secure.gravatar.com\/avatar\/1061d2d4c9b4f1a9b496774795b5deac1200dfd1d3abecb8f85cf8b580e6963b?s=96&d=mm&r=g\",\"caption\":\"DYPALL Network\"},\"sameAs\":[\"https:\/\/dypall.com\/\"],\"url\":\"https:\/\/dypall.com\/es\/author\/dypallonsteroids\/\"}]}<\/script>\n<!-- \/ Yoast SEO plugin. -->","yoast_head_json":{"title":"\u201cClimbing the Ladder: fostering a culture of Youth Engagement (CL-YE)\u201d Advisory group meeting in Brussels, Belgium - DYPALL Network","robots":{"index":"index","follow":"follow","max-snippet":"max-snippet:-1","max-image-preview":"max-image-preview:large","max-video-preview":"max-video-preview:-1"},"canonical":"https:\/\/dypall.com\/es\/activity\/climbing-the-ladder-fostering-a-culture-of-youth-engagement-cl-ye-advisory-group-meeting-in-brussels-belgium\/","og_locale":"es_ES","og_type":"article","og_title":"\u201cClimbing the Ladder: fostering a culture of Youth Engagement (CL-YE)\u201d Advisory group meeting in Brussels, Belgium - DYPALL Network","og_description":"Advisory group of CL-YE project had its first in-person meeting from 3rd-6th December 2024 in Brussels, Belgium. The Advisory Group on Youth Engagement is a group of 12 experts from different countries in Europe with concrete experience in mechanisms, structures, and models of youth engagement with a mission to support the consortium of the CL-YE&hellip; Seguir leyendo \u201cClimbing the Ladder: fostering a culture of Youth Engagement (CL-YE)\u201d Advisory group meeting in Brussels, Belgium","og_url":"https:\/\/dypall.com\/es\/activity\/climbing-the-ladder-fostering-a-culture-of-youth-engagement-cl-ye-advisory-group-meeting-in-brussels-belgium\/","og_site_name":"DYPALL Network","article_published_time":"2024-12-20T12:13:22+00:00","article_modified_time":"2024-12-20T12:13:23+00:00","og_image":[{"width":2048,"height":1536,"url":"https:\/\/dypall.com\/wp-content\/uploads\/2024\/12\/WhatsApp-Image-2024-12-20-at-12.09.44.jpeg","type":"image\/jpeg"}],"author":"DYPALL Network","twitter_card":"summary_large_image","twitter_misc":{"Written by":"DYPALL Network","Est. reading time":"2 minutos"},"schema":{"@context":"https:\/\/schema.org","@graph":[{"@type":"WebPage","@id":"https:\/\/dypall.com\/activity\/climbing-the-ladder-fostering-a-culture-of-youth-engagement-cl-ye-advisory-group-meeting-in-brussels-belgium\/","url":"https:\/\/dypall.com\/activity\/climbing-the-ladder-fostering-a-culture-of-youth-engagement-cl-ye-advisory-group-meeting-in-brussels-belgium\/","name":"\u201cClimbing the Ladder: fostering a culture of Youth Engagement (CL-YE)\u201d Advisory group meeting in Brussels, Belgium - DYPALL Network","isPartOf":{"@id":"https:\/\/dypall.com\/#website"},"primaryImageOfPage":{"@id":"https:\/\/dypall.com\/activity\/climbing-the-ladder-fostering-a-culture-of-youth-engagement-cl-ye-advisory-group-meeting-in-brussels-belgium\/#primaryimage"},"image":{"@id":"https:\/\/dypall.com\/activity\/climbing-the-ladder-fostering-a-culture-of-youth-engagement-cl-ye-advisory-group-meeting-in-brussels-belgium\/#primaryimage"},"thumbnailUrl":"https:\/\/dypall.com\/wp-content\/uploads\/2024\/12\/WhatsApp-Image-2024-12-20-at-12.09.44.jpeg","datePublished":"2024-12-20T12:13:22+00:00","dateModified":"2024-12-20T12:13:23+00:00","author":{"@id":"https:\/\/dypall.com\/#\/schema\/person\/e87206094ce8bcf88449b35f00e40fb1"},"breadcrumb":{"@id":"https:\/\/dypall.com\/activity\/climbing-the-ladder-fostering-a-culture-of-youth-engagement-cl-ye-advisory-group-meeting-in-brussels-belgium\/#breadcrumb"},"inLanguage":"es","potentialAction":[{"@type":"ReadAction","target":["https:\/\/dypall.com\/activity\/climbing-the-ladder-fostering-a-culture-of-youth-engagement-cl-ye-advisory-group-meeting-in-brussels-belgium\/"]}]},{"@type":"ImageObject","inLanguage":"es","@id":"https:\/\/dypall.com\/activity\/climbing-the-ladder-fostering-a-culture-of-youth-engagement-cl-ye-advisory-group-meeting-in-brussels-belgium\/#primaryimage","url":"https:\/\/dypall.com\/wp-content\/uploads\/2024\/12\/WhatsApp-Image-2024-12-20-at-12.09.44.jpeg","contentUrl":"https:\/\/dypall.com\/wp-content\/uploads\/2024\/12\/WhatsApp-Image-2024-12-20-at-12.09.44.jpeg","width":2048,"height":1536},{"@type":"BreadcrumbList","@id":"https:\/\/dypall.com\/activity\/climbing-the-ladder-fostering-a-culture-of-youth-engagement-cl-ye-advisory-group-meeting-in-brussels-belgium\/#breadcrumb","itemListElement":[{"@type":"ListItem","position":1,"name":"Home","item":"https:\/\/dypall.com\/"},{"@type":"ListItem","position":2,"name":"\u201cClimbing the Ladder: fostering a culture of Youth Engagement (CL-YE)\u201d Advisory group meeting in Brussels, Belgium"}]},{"@type":"WebSite","@id":"https:\/\/dypall.com\/#website","url":"https:\/\/dypall.com\/","name":"DYPALL Network","description":"We are a European network of civil society organisations, municipalities and research institutions dedicated to improving democracy through youth participation.","potentialAction":[{"@type":"SearchAction","target":{"@type":"EntryPoint","urlTemplate":"https:\/\/dypall.com\/?s={search_term_string}"},"query-input":"required name=search_term_string"}],"inLanguage":"es"},{"@type":"Person","@id":"https:\/\/dypall.com\/#\/schema\/person\/e87206094ce8bcf88449b35f00e40fb1","name":"DYPALL Network","image":{"@type":"ImageObject","inLanguage":"es","@id":"https:\/\/dypall.com\/#\/schema\/person\/image\/","url":"https:\/\/secure.gravatar.com\/avatar\/1061d2d4c9b4f1a9b496774795b5deac1200dfd1d3abecb8f85cf8b580e6963b?s=96&d=mm&r=g","contentUrl":"https:\/\/secure.gravatar.com\/avatar\/1061d2d4c9b4f1a9b496774795b5deac1200dfd1d3abecb8f85cf8b580e6963b?s=96&d=mm&r=g","caption":"DYPALL Network"},"sameAs":["https:\/\/dypall.com\/"],"url":"https:\/\/dypall.com\/es\/author\/dypallonsteroids\/"}]}},"jetpack_featured_media_url":"https:\/\/dypall.com\/wp-content\/uploads\/2024\/12\/WhatsApp-Image-2024-12-20-at-12.09.44.jpeg","jetpack_sharing_enabled":true,"_links":{"self":[{"href":"https:\/\/dypall.com\/es\/wp-json\/wp\/v2\/posts\/8154","targetHints":{"allow":["GET"]}}],"collection":[{"href":"https:\/\/dypall.com\/es\/wp-json\/wp\/v2\/posts"}],"about":[{"href":"https:\/\/dypall.com\/es\/wp-json\/wp\/v2\/types\/post"}],"author":[{"embeddable":true,"href":"https:\/\/dypall.com\/es\/wp-json\/wp\/v2\/users\/5"}],"replies":[{"embeddable":true,"href":"https:\/\/dypall.com\/es\/wp-json\/wp\/v2\/comments?post=8154"}],"version-history":[{"count":1,"href":"https:\/\/dypall.com\/es\/wp-json\/wp\/v2\/posts\/8154\/revisions"}],"predecessor-version":[{"id":8156,"href":"https:\/\/dypall.com\/es\/wp-json\/wp\/v2\/posts\/8154\/revisions\/8156"}],"wp:featuredmedia":[{"embeddable":true,"href":"https:\/\/dypall.com\/es\/wp-json\/wp\/v2\/media\/8155"}],"wp:attachment":[{"href":"https:\/\/dypall.com\/es\/wp-json\/wp\/v2\/media?parent=8154"}],"wp:term":[{"taxonomy":"category","embeddable":true,"href":"https:\/\/dypall.com\/es\/wp-json\/wp\/v2\/categories?post=8154"},{"taxonomy":"post_tag","embeddable":true,"href":"https:\/\/dypall.com\/es\/wp-json\/wp\/v2\/tags?post=8154"}],"curies":[{"name":"wp","href":"https:\/\/api.w.org\/{rel}","templated":true}]}}