{"id":8146,"date":"2024-12-19T16:50:57","date_gmt":"2024-12-19T16:50:57","guid":{"rendered":"https:\/\/dypall.com\/?p=8146"},"modified":"2024-12-19T16:50:57","modified_gmt":"2024-12-19T16:50:57","slug":"climbing-the-ladder-fostering-a-culture-of-youth-engagement-cl-ye-study-visit-to-brussels-belgium","status":"publish","type":"post","link":"https:\/\/dypall.com\/es\/activity\/climbing-the-ladder-fostering-a-culture-of-youth-engagement-cl-ye-study-visit-to-brussels-belgium\/","title":{"rendered":"\u00abSubir la escalera: fomentar una cultura del compromiso juvenil (CL-YE)\u00bb Visita de estudio a Bruselas (B\u00e9lgica)"},"content":{"rendered":"<p>Tercera y \u00faltima visita de estudio del proyecto \u00abClimbing the Ladder: Fostering a Culture of Youth Engagement CL-YE\u00bb se celebr\u00f3 del 2 al 6 de diciembre de 2024 en Bruselas (B\u00e9lgica), auspiciada por la Asamblea de Regiones de Europa (ARE). Este encuentro reuni\u00f3 a representantes del consorcio del proyecto para conectarse con las instituciones clave de Europa, profundizando en c\u00f3mo se integran las perspectivas de la juventud en los procesos de toma de decisiones a nivel regional y europeo.<\/p>\n\n\n\n<p>Los participantes asistieron a la mesa de oto\u00f1o de la AER en el Parlamento Europeo, observando los procesos de toma de decisiones que est\u00e1n configurando las regiones europeas. En la Oficina de Enlace del Consejo de Europa, la asesora pol\u00edtica Aleksandra Celar comparti\u00f3 informaci\u00f3n sobre los esfuerzos para promover la participaci\u00f3n de los j\u00f3venes en los procesos democr\u00e1ticos. Los participantes exploraron las oportunidades de financiaci\u00f3n de Erasmus+ con la Agencia Ejecutiva Europea de Educaci\u00f3n y Cultura, aprendiendo sobre el apoyo a las iniciativas de participaci\u00f3n juvenil en toda Europa. La reuni\u00f3n con Susannah Hallgren, del Grupo ad hoc del CESE sobre la Juventud, puso de relieve los \u00e9xitos y los retos en la integraci\u00f3n de las perspectivas de la juventud en los procesos consultivos de la UE.<\/p>\n\n\n\n<p>Tambi\u00e9n tuvieron la oportunidad de reunirse con representantes del Foro Europeo de la Juventud y el Conseil de la Jeunesse Belgique (Consejo de la Juventud Belga de la comunidad franc\u00f3fona), para explorar c\u00f3mo las voces de los j\u00f3venes dan forma a la gobernanza y la promoci\u00f3n.<\/p>\n\n\n\n<p>La visita a Bruselas marc\u00f3 un paso importante del proyecto CL-YE, tras visitas anteriores a Bratislava y Viena. Los participantes reflexionaron sobre las lecciones aprendidas y destacaron la importancia de la colaboraci\u00f3n transfronteriza para amplificar las voces de los j\u00f3venes en la gobernanza.<\/p>\n\n\n\n<p>Subiendo la escalera: fomentar una cultura de participaci\u00f3n juvenil (CL-YE) est\u00e1 dirigida por la red DYPALL en asociaci\u00f3n con Europiamo (Italia), Nordland fylkeskommune (Noruega), EDYN (Eslovaquia), YEPP Europe (Alemania), Assembl\u00e9e des R\u00e9gions d\u2019Europe \u2013 AER (Francia) y SQ Learn (Grecia), en el marco del programa Erasmus+.<\/p>\n\n\n\n<figure class=\"wp-block-gallery has-nested-images columns-default is-cropped wp-block-gallery-1 is-layout-flex wp-block-gallery-is-layout-flex\">\n<figure class=\"wp-block-image size-large\"><img loading=\"lazy\" decoding=\"async\" width=\"1200\" height=\"900\" data-id=\"8152\" src=\"https:\/\/dypall.com\/wp-content\/uploads\/2024\/12\/469287225_18336862057194866_2075258328803176463_n.jpg\" alt=\"\" class=\"wp-image-8152\" srcset=\"https:\/\/dypall.com\/wp-content\/uploads\/2024\/12\/469287225_18336862057194866_2075258328803176463_n.jpg 1200w, https:\/\/dypall.com\/wp-content\/uploads\/2024\/12\/469287225_18336862057194866_2075258328803176463_n-768x576.jpg 768w\" sizes=\"auto, (max-width: 1200px) 100vw, 1200px\" \/><\/figure>\n\n\n\n<figure class=\"wp-block-image size-large\"><img loading=\"lazy\" decoding=\"async\" width=\"1200\" height=\"900\" data-id=\"8150\" src=\"https:\/\/dypall.com\/wp-content\/uploads\/2024\/12\/469529369_18336862090194866_2331180784438110933_n.jpg\" alt=\"\" class=\"wp-image-8150\" srcset=\"https:\/\/dypall.com\/wp-content\/uploads\/2024\/12\/469529369_18336862090194866_2331180784438110933_n.jpg 1200w, https:\/\/dypall.com\/wp-content\/uploads\/2024\/12\/469529369_18336862090194866_2331180784438110933_n-768x576.jpg 768w\" sizes=\"auto, (max-width: 1200px) 100vw, 1200px\" \/><\/figure>\n\n\n\n<figure class=\"wp-block-image size-large\"><img loading=\"lazy\" decoding=\"async\" width=\"2000\" height=\"1500\" data-id=\"8149\" src=\"https:\/\/dypall.com\/wp-content\/uploads\/2024\/12\/WhatsApp-Image-2024-12-19-at-16.30.22.jpeg\" alt=\"\" class=\"wp-image-8149\" srcset=\"https:\/\/dypall.com\/wp-content\/uploads\/2024\/12\/WhatsApp-Image-2024-12-19-at-16.30.22.jpeg 2000w, https:\/\/dypall.com\/wp-content\/uploads\/2024\/12\/WhatsApp-Image-2024-12-19-at-16.30.22-768x576.jpeg 768w, https:\/\/dypall.com\/wp-content\/uploads\/2024\/12\/WhatsApp-Image-2024-12-19-at-16.30.22-1536x1152.jpeg 1536w, https:\/\/dypall.com\/wp-content\/uploads\/2024\/12\/WhatsApp-Image-2024-12-19-at-16.30.22-1568x1176.jpeg 1568w\" sizes=\"auto, (max-width: 2000px) 100vw, 2000px\" \/><\/figure>\n\n\n\n<figure class=\"wp-block-image size-large\"><img loading=\"lazy\" decoding=\"async\" width=\"1200\" height=\"900\" data-id=\"8151\" src=\"https:\/\/dypall.com\/wp-content\/uploads\/2024\/12\/469705963_18336862075194866_9128199404775648445_n.jpg\" alt=\"\" class=\"wp-image-8151\" srcset=\"https:\/\/dypall.com\/wp-content\/uploads\/2024\/12\/469705963_18336862075194866_9128199404775648445_n.jpg 1200w, https:\/\/dypall.com\/wp-content\/uploads\/2024\/12\/469705963_18336862075194866_9128199404775648445_n-768x576.jpg 768w\" sizes=\"auto, (max-width: 1200px) 100vw, 1200px\" \/><\/figure>\n\n\n\n<figure class=\"wp-block-image size-large\"><img loading=\"lazy\" decoding=\"async\" width=\"1600\" height=\"1200\" data-id=\"8147\" src=\"https:\/\/dypall.com\/wp-content\/uploads\/2024\/12\/WhatsApp-Image-2024-12-19-at-16.31.05.jpeg\" alt=\"\" class=\"wp-image-8147\" srcset=\"https:\/\/dypall.com\/wp-content\/uploads\/2024\/12\/WhatsApp-Image-2024-12-19-at-16.31.05.jpeg 1600w, https:\/\/dypall.com\/wp-content\/uploads\/2024\/12\/WhatsApp-Image-2024-12-19-at-16.31.05-768x576.jpeg 768w, https:\/\/dypall.com\/wp-content\/uploads\/2024\/12\/WhatsApp-Image-2024-12-19-at-16.31.05-1536x1152.jpeg 1536w, https:\/\/dypall.com\/wp-content\/uploads\/2024\/12\/WhatsApp-Image-2024-12-19-at-16.31.05-1568x1176.jpeg 1568w\" sizes=\"auto, (max-width: 1600px) 100vw, 1600px\" \/><\/figure>\n<\/figure>","protected":false},"excerpt":{"rendered":"<p>Tercera y \u00faltima visita de estudio del proyecto \u00abClimbing the Ladder: Fostering a Culture of Youth Engagement CL-YE\u00bb se celebr\u00f3 del 2 al 6 de diciembre de 2024 en Bruselas (B\u00e9lgica), auspiciada por la Asamblea de Regiones de Europa (ARE). Esta evebt reuni\u00f3 a representantes del consorcio del proyecto para conectarse con las instituciones clave de Europa, profundizando en c\u00f3mo la juventud... <a class=\"more-link\" href=\"https:\/\/dypall.com\/es\/activity\/climbing-the-ladder-fostering-a-culture-of-youth-engagement-cl-ye-study-visit-to-brussels-belgium\/\">Seguir leyendo <span class=\"screen-reader-text\">\u00abSubir la escalera: fomentar una cultura del compromiso juvenil (CL-YE)\u00bb Visita de estudio a Bruselas (B\u00e9lgica)<\/span><\/a><\/p>","protected":false},"author":5,"featured_media":8149,"comment_status":"open","ping_status":"open","sticky":false,"template":"","format":"standard","meta":{"_acf_changed":false,"_jetpack_memberships_contains_paid_content":false,"footnotes":""},"categories":[111],"tags":[],"class_list":["post-8146","post","type-post","status-publish","format-standard","has-post-thumbnail","hentry","category-activity","entry"],"acf":[],"yoast_head":"<!-- This site is optimized with the Yoast SEO plugin v22.8 - https:\/\/yoast.com\/wordpress\/plugins\/seo\/ -->\n<title>\u201cClimbing the Ladder: fostering a culture of Youth Engagement (CL-YE)\u201d Study visit to Brussels, Belgium - DYPALL Network<\/title>\n<meta name=\"robots\" content=\"index, follow, max-snippet:-1, max-image-preview:large, max-video-preview:-1\" \/>\n<link rel=\"canonical\" href=\"https:\/\/dypall.com\/es\/activity\/climbing-the-ladder-fostering-a-culture-of-youth-engagement-cl-ye-study-visit-to-brussels-belgium\/\" \/>\n<meta property=\"og:locale\" content=\"es_ES\" \/>\n<meta property=\"og:type\" content=\"article\" \/>\n<meta property=\"og:title\" content=\"\u201cClimbing the Ladder: fostering a culture of Youth Engagement (CL-YE)\u201d Study visit to Brussels, Belgium - DYPALL Network\" \/>\n<meta property=\"og:description\" content=\"The third and final Study visit of the project \u201cClimbing the Ladder: Fostering a Culture of Youth Engagement CL-YE\u201d\u2019 took place from 2nd-6th December 2024 in Brussels, Belgium, hoste by the Assembly of European Regions (AER). This evebt brought together representatives of the project consortium to connect with Europe\u2019s key institutions, delving into how youth&hellip; Seguir leyendo \u201cClimbing the Ladder: fostering a culture of Youth Engagement (CL-YE)\u201d Study visit to Brussels, Belgium\" \/>\n<meta property=\"og:url\" content=\"https:\/\/dypall.com\/es\/activity\/climbing-the-ladder-fostering-a-culture-of-youth-engagement-cl-ye-study-visit-to-brussels-belgium\/\" \/>\n<meta property=\"og:site_name\" content=\"DYPALL Network\" \/>\n<meta property=\"article:published_time\" content=\"2024-12-19T16:50:57+00:00\" \/>\n<meta property=\"og:image\" content=\"https:\/\/dypall.com\/wp-content\/uploads\/2024\/12\/WhatsApp-Image-2024-12-19-at-16.30.22.jpeg\" \/>\n\t<meta property=\"og:image:width\" content=\"2000\" \/>\n\t<meta property=\"og:image:height\" content=\"1500\" \/>\n\t<meta property=\"og:image:type\" content=\"image\/jpeg\" \/>\n<meta name=\"author\" content=\"DYPALL Network\" \/>\n<meta name=\"twitter:card\" content=\"summary_large_image\" \/>\n<meta name=\"twitter:label1\" content=\"Written by\" \/>\n\t<meta name=\"twitter:data1\" content=\"DYPALL Network\" \/>\n\t<meta name=\"twitter:label2\" content=\"Est. reading time\" \/>\n\t<meta name=\"twitter:data2\" content=\"3 minutos\" \/>\n<script type=\"application\/ld+json\" class=\"yoast-schema-graph\">{\"@context\":\"https:\/\/schema.org\",\"@graph\":[{\"@type\":\"WebPage\",\"@id\":\"https:\/\/dypall.com\/activity\/climbing-the-ladder-fostering-a-culture-of-youth-engagement-cl-ye-study-visit-to-brussels-belgium\/\",\"url\":\"https:\/\/dypall.com\/activity\/climbing-the-ladder-fostering-a-culture-of-youth-engagement-cl-ye-study-visit-to-brussels-belgium\/\",\"name\":\"\u201cClimbing the Ladder: fostering a culture of Youth Engagement (CL-YE)\u201d Study visit to Brussels, Belgium - DYPALL Network\",\"isPartOf\":{\"@id\":\"https:\/\/dypall.com\/#website\"},\"primaryImageOfPage\":{\"@id\":\"https:\/\/dypall.com\/activity\/climbing-the-ladder-fostering-a-culture-of-youth-engagement-cl-ye-study-visit-to-brussels-belgium\/#primaryimage\"},\"image\":{\"@id\":\"https:\/\/dypall.com\/activity\/climbing-the-ladder-fostering-a-culture-of-youth-engagement-cl-ye-study-visit-to-brussels-belgium\/#primaryimage\"},\"thumbnailUrl\":\"https:\/\/dypall.com\/wp-content\/uploads\/2024\/12\/WhatsApp-Image-2024-12-19-at-16.30.22.jpeg\",\"datePublished\":\"2024-12-19T16:50:57+00:00\",\"dateModified\":\"2024-12-19T16:50:57+00:00\",\"author\":{\"@id\":\"https:\/\/dypall.com\/#\/schema\/person\/e87206094ce8bcf88449b35f00e40fb1\"},\"breadcrumb\":{\"@id\":\"https:\/\/dypall.com\/activity\/climbing-the-ladder-fostering-a-culture-of-youth-engagement-cl-ye-study-visit-to-brussels-belgium\/#breadcrumb\"},\"inLanguage\":\"es\",\"potentialAction\":[{\"@type\":\"ReadAction\",\"target\":[\"https:\/\/dypall.com\/activity\/climbing-the-ladder-fostering-a-culture-of-youth-engagement-cl-ye-study-visit-to-brussels-belgium\/\"]}]},{\"@type\":\"ImageObject\",\"inLanguage\":\"es\",\"@id\":\"https:\/\/dypall.com\/activity\/climbing-the-ladder-fostering-a-culture-of-youth-engagement-cl-ye-study-visit-to-brussels-belgium\/#primaryimage\",\"url\":\"https:\/\/dypall.com\/wp-content\/uploads\/2024\/12\/WhatsApp-Image-2024-12-19-at-16.30.22.jpeg\",\"contentUrl\":\"https:\/\/dypall.com\/wp-content\/uploads\/2024\/12\/WhatsApp-Image-2024-12-19-at-16.30.22.jpeg\",\"width\":2000,\"height\":1500},{\"@type\":\"BreadcrumbList\",\"@id\":\"https:\/\/dypall.com\/activity\/climbing-the-ladder-fostering-a-culture-of-youth-engagement-cl-ye-study-visit-to-brussels-belgium\/#breadcrumb\",\"itemListElement\":[{\"@type\":\"ListItem\",\"position\":1,\"name\":\"Home\",\"item\":\"https:\/\/dypall.com\/\"},{\"@type\":\"ListItem\",\"position\":2,\"name\":\"\u201cClimbing the Ladder: fostering a culture of Youth Engagement (CL-YE)\u201d Study visit to Brussels, Belgium\"}]},{\"@type\":\"WebSite\",\"@id\":\"https:\/\/dypall.com\/#website\",\"url\":\"https:\/\/dypall.com\/\",\"name\":\"DYPALL Network\",\"description\":\"We are a European network of civil society organisations, municipalities and research institutions dedicated to improving democracy through youth participation.\",\"potentialAction\":[{\"@type\":\"SearchAction\",\"target\":{\"@type\":\"EntryPoint\",\"urlTemplate\":\"https:\/\/dypall.com\/?s={search_term_string}\"},\"query-input\":\"required name=search_term_string\"}],\"inLanguage\":\"es\"},{\"@type\":\"Person\",\"@id\":\"https:\/\/dypall.com\/#\/schema\/person\/e87206094ce8bcf88449b35f00e40fb1\",\"name\":\"DYPALL Network\",\"image\":{\"@type\":\"ImageObject\",\"inLanguage\":\"es\",\"@id\":\"https:\/\/dypall.com\/#\/schema\/person\/image\/\",\"url\":\"https:\/\/secure.gravatar.com\/avatar\/1061d2d4c9b4f1a9b496774795b5deac1200dfd1d3abecb8f85cf8b580e6963b?s=96&d=mm&r=g\",\"contentUrl\":\"https:\/\/secure.gravatar.com\/avatar\/1061d2d4c9b4f1a9b496774795b5deac1200dfd1d3abecb8f85cf8b580e6963b?s=96&d=mm&r=g\",\"caption\":\"DYPALL Network\"},\"sameAs\":[\"https:\/\/dypall.com\/\"],\"url\":\"https:\/\/dypall.com\/es\/author\/dypallonsteroids\/\"}]}<\/script>\n<!-- \/ Yoast SEO plugin. -->","yoast_head_json":{"title":"\u201cClimbing the Ladder: fostering a culture of Youth Engagement (CL-YE)\u201d Study visit to Brussels, Belgium - DYPALL Network","robots":{"index":"index","follow":"follow","max-snippet":"max-snippet:-1","max-image-preview":"max-image-preview:large","max-video-preview":"max-video-preview:-1"},"canonical":"https:\/\/dypall.com\/es\/activity\/climbing-the-ladder-fostering-a-culture-of-youth-engagement-cl-ye-study-visit-to-brussels-belgium\/","og_locale":"es_ES","og_type":"article","og_title":"\u201cClimbing the Ladder: fostering a culture of Youth Engagement (CL-YE)\u201d Study visit to Brussels, Belgium - DYPALL Network","og_description":"The third and final Study visit of the project \u201cClimbing the Ladder: Fostering a Culture of Youth Engagement CL-YE\u201d\u2019 took place from 2nd-6th December 2024 in Brussels, Belgium, hoste by the Assembly of European Regions (AER). This evebt brought together representatives of the project consortium to connect with Europe\u2019s key institutions, delving into how youth&hellip; Seguir leyendo \u201cClimbing the Ladder: fostering a culture of Youth Engagement (CL-YE)\u201d Study visit to Brussels, Belgium","og_url":"https:\/\/dypall.com\/es\/activity\/climbing-the-ladder-fostering-a-culture-of-youth-engagement-cl-ye-study-visit-to-brussels-belgium\/","og_site_name":"DYPALL Network","article_published_time":"2024-12-19T16:50:57+00:00","og_image":[{"width":2000,"height":1500,"url":"https:\/\/dypall.com\/wp-content\/uploads\/2024\/12\/WhatsApp-Image-2024-12-19-at-16.30.22.jpeg","type":"image\/jpeg"}],"author":"DYPALL Network","twitter_card":"summary_large_image","twitter_misc":{"Written by":"DYPALL Network","Est. reading time":"3 minutos"},"schema":{"@context":"https:\/\/schema.org","@graph":[{"@type":"WebPage","@id":"https:\/\/dypall.com\/activity\/climbing-the-ladder-fostering-a-culture-of-youth-engagement-cl-ye-study-visit-to-brussels-belgium\/","url":"https:\/\/dypall.com\/activity\/climbing-the-ladder-fostering-a-culture-of-youth-engagement-cl-ye-study-visit-to-brussels-belgium\/","name":"\u201cClimbing the Ladder: fostering a culture of Youth Engagement (CL-YE)\u201d Study visit to Brussels, Belgium - DYPALL Network","isPartOf":{"@id":"https:\/\/dypall.com\/#website"},"primaryImageOfPage":{"@id":"https:\/\/dypall.com\/activity\/climbing-the-ladder-fostering-a-culture-of-youth-engagement-cl-ye-study-visit-to-brussels-belgium\/#primaryimage"},"image":{"@id":"https:\/\/dypall.com\/activity\/climbing-the-ladder-fostering-a-culture-of-youth-engagement-cl-ye-study-visit-to-brussels-belgium\/#primaryimage"},"thumbnailUrl":"https:\/\/dypall.com\/wp-content\/uploads\/2024\/12\/WhatsApp-Image-2024-12-19-at-16.30.22.jpeg","datePublished":"2024-12-19T16:50:57+00:00","dateModified":"2024-12-19T16:50:57+00:00","author":{"@id":"https:\/\/dypall.com\/#\/schema\/person\/e87206094ce8bcf88449b35f00e40fb1"},"breadcrumb":{"@id":"https:\/\/dypall.com\/activity\/climbing-the-ladder-fostering-a-culture-of-youth-engagement-cl-ye-study-visit-to-brussels-belgium\/#breadcrumb"},"inLanguage":"es","potentialAction":[{"@type":"ReadAction","target":["https:\/\/dypall.com\/activity\/climbing-the-ladder-fostering-a-culture-of-youth-engagement-cl-ye-study-visit-to-brussels-belgium\/"]}]},{"@type":"ImageObject","inLanguage":"es","@id":"https:\/\/dypall.com\/activity\/climbing-the-ladder-fostering-a-culture-of-youth-engagement-cl-ye-study-visit-to-brussels-belgium\/#primaryimage","url":"https:\/\/dypall.com\/wp-content\/uploads\/2024\/12\/WhatsApp-Image-2024-12-19-at-16.30.22.jpeg","contentUrl":"https:\/\/dypall.com\/wp-content\/uploads\/2024\/12\/WhatsApp-Image-2024-12-19-at-16.30.22.jpeg","width":2000,"height":1500},{"@type":"BreadcrumbList","@id":"https:\/\/dypall.com\/activity\/climbing-the-ladder-fostering-a-culture-of-youth-engagement-cl-ye-study-visit-to-brussels-belgium\/#breadcrumb","itemListElement":[{"@type":"ListItem","position":1,"name":"Home","item":"https:\/\/dypall.com\/"},{"@type":"ListItem","position":2,"name":"\u201cClimbing the Ladder: fostering a culture of Youth Engagement (CL-YE)\u201d Study visit to Brussels, Belgium"}]},{"@type":"WebSite","@id":"https:\/\/dypall.com\/#website","url":"https:\/\/dypall.com\/","name":"DYPALL Network","description":"We are a European network of civil society organisations, municipalities and research institutions dedicated to improving democracy through youth participation.","potentialAction":[{"@type":"SearchAction","target":{"@type":"EntryPoint","urlTemplate":"https:\/\/dypall.com\/?s={search_term_string}"},"query-input":"required name=search_term_string"}],"inLanguage":"es"},{"@type":"Person","@id":"https:\/\/dypall.com\/#\/schema\/person\/e87206094ce8bcf88449b35f00e40fb1","name":"DYPALL Network","image":{"@type":"ImageObject","inLanguage":"es","@id":"https:\/\/dypall.com\/#\/schema\/person\/image\/","url":"https:\/\/secure.gravatar.com\/avatar\/1061d2d4c9b4f1a9b496774795b5deac1200dfd1d3abecb8f85cf8b580e6963b?s=96&d=mm&r=g","contentUrl":"https:\/\/secure.gravatar.com\/avatar\/1061d2d4c9b4f1a9b496774795b5deac1200dfd1d3abecb8f85cf8b580e6963b?s=96&d=mm&r=g","caption":"DYPALL Network"},"sameAs":["https:\/\/dypall.com\/"],"url":"https:\/\/dypall.com\/es\/author\/dypallonsteroids\/"}]}},"jetpack_featured_media_url":"https:\/\/dypall.com\/wp-content\/uploads\/2024\/12\/WhatsApp-Image-2024-12-19-at-16.30.22.jpeg","jetpack_sharing_enabled":true,"_links":{"self":[{"href":"https:\/\/dypall.com\/es\/wp-json\/wp\/v2\/posts\/8146","targetHints":{"allow":["GET"]}}],"collection":[{"href":"https:\/\/dypall.com\/es\/wp-json\/wp\/v2\/posts"}],"about":[{"href":"https:\/\/dypall.com\/es\/wp-json\/wp\/v2\/types\/post"}],"author":[{"embeddable":true,"href":"https:\/\/dypall.com\/es\/wp-json\/wp\/v2\/users\/5"}],"replies":[{"embeddable":true,"href":"https:\/\/dypall.com\/es\/wp-json\/wp\/v2\/comments?post=8146"}],"version-history":[{"count":1,"href":"https:\/\/dypall.com\/es\/wp-json\/wp\/v2\/posts\/8146\/revisions"}],"predecessor-version":[{"id":8153,"href":"https:\/\/dypall.com\/es\/wp-json\/wp\/v2\/posts\/8146\/revisions\/8153"}],"wp:featuredmedia":[{"embeddable":true,"href":"https:\/\/dypall.com\/es\/wp-json\/wp\/v2\/media\/8149"}],"wp:attachment":[{"href":"https:\/\/dypall.com\/es\/wp-json\/wp\/v2\/media?parent=8146"}],"wp:term":[{"taxonomy":"category","embeddable":true,"href":"https:\/\/dypall.com\/es\/wp-json\/wp\/v2\/categories?post=8146"},{"taxonomy":"post_tag","embeddable":true,"href":"https:\/\/dypall.com\/es\/wp-json\/wp\/v2\/tags?post=8146"}],"curies":[{"name":"wp","href":"https:\/\/api.w.org\/{rel}","templated":true}]}}