{"id":8132,"date":"2024-12-18T15:39:15","date_gmt":"2024-12-18T15:39:15","guid":{"rendered":"https:\/\/dypall.com\/?p=8132"},"modified":"2024-12-19T14:22:07","modified_gmt":"2024-12-19T14:22:07","slug":"participation-forum-2024-advancing-democratic-participation-through-erasmus-andeuropean-solidarity-corps","status":"publish","type":"post","link":"https:\/\/dypall.com\/es\/conference\/participation-forum-2024-advancing-democratic-participation-through-erasmus-andeuropean-solidarity-corps\/","title":{"rendered":"Foro de Participaci\u00f3n 2024: Avanzar en la participaci\u00f3n democr\u00e1tica a trav\u00e9s de Erasmus+ y el Cuerpo Europeo de Solidaridad"},"content":{"rendered":"<p>Los d\u00edas 27 y 28 de noviembre de 2024, la Red DYPALL particip\u00f3 en la <strong>Foro de Participaci\u00f3n 2024<\/strong>, en <strong>Tallin (Estonia)<\/strong> \u2013 un acto clave destinado a fomentar el di\u00e1logo y la reflexi\u00f3n sobre el papel de Erasmus+ y del Cuerpo Europeo de Solidaridad en la promoci\u00f3n de la participaci\u00f3n democr\u00e1tica y el compromiso c\u00edvico. El foro reuni\u00f3 a 150 participantes, incluidos representantes de las agencias nacionales Erasmus+ y del Cuerpo Europeo de Solidaridad, organizaciones de la sociedad civil y la UE.<br>instituciones.<br><\/p>\n\n\n\n<p>El foro brind\u00f3 una oportunidad estructurada para evaluar el progreso de los programas a medio plazo y explorar estrategias para mejorar su impacto en la participaci\u00f3n democr\u00e1tica, el compromiso c\u00edvico y la promoci\u00f3n de los valores europeos compartidos. Los debates se centraron en c\u00f3mo estos programas contribuyen a la ciudadan\u00eda activa e involucran a los j\u00f3venes y las organizaciones en los procesos democr\u00e1ticos a nivel local, nacional y europeo. <\/p>\n\n\n\n<p>Los participantes participaron en mesas redondas y talleres, en los que se destacaron tanto los logros como los \u00e1mbitos susceptibles de mejora en la ejecuci\u00f3n de los programas. El evento tambi\u00e9n proporcion\u00f3 un espacio de colaboraci\u00f3n para el intercambio de buenas pr\u00e1cticas y enfoques innovadores para fortalecer la participaci\u00f3n, as\u00ed como para familiarizarse con el <span style=\"text-decoration: underline;\"><a href=\"https:\/\/participationpool.eu\/resource\/youth-participation-strategy\/\"><strong>Estrategia de Participaci\u00f3n Juvenil<\/strong><\/a><\/span>. <\/p>\n\n\n\n<p>Un enfoque central del foro fue la creaci\u00f3n de recomendaciones para las agencias nacionales, las organizaciones de la sociedad civil y el Centro de Recursos de Informaci\u00f3n SALTO Participation &amp;amp. Estas recomendaciones tienen por objeto armonizar m\u00e1s eficazmente los esfuerzos y los recursos para alcanzar el objetivo com\u00fan de fomentar la participaci\u00f3n activa en la vida democr\u00e1tica. <\/p>\n\n\n\n<p>Este evento fue organizado por SALTO Participation &amp; Information.<\/p>\n\n\n\n<figure class=\"wp-block-gallery has-nested-images columns-default is-cropped wp-block-gallery-1 is-layout-flex wp-block-gallery-is-layout-flex\">\n<figure class=\"wp-block-image size-large\"><img loading=\"lazy\" decoding=\"async\" width=\"2560\" height=\"1707\" data-id=\"8133\" src=\"https:\/\/dypall.com\/wp-content\/uploads\/2024\/12\/b-57-scaled.jpg\" alt=\"\" class=\"wp-image-8133\" srcset=\"https:\/\/dypall.com\/wp-content\/uploads\/2024\/12\/b-57-scaled.jpg 2560w, https:\/\/dypall.com\/wp-content\/uploads\/2024\/12\/b-57-768x512.jpg 768w, https:\/\/dypall.com\/wp-content\/uploads\/2024\/12\/b-57-1536x1024.jpg 1536w, https:\/\/dypall.com\/wp-content\/uploads\/2024\/12\/b-57-2048x1365.jpg 2048w, https:\/\/dypall.com\/wp-content\/uploads\/2024\/12\/b-57-1568x1045.jpg 1568w\" sizes=\"auto, (max-width: 2560px) 100vw, 2560px\" \/><\/figure>\n\n\n\n<figure class=\"wp-block-image size-large\"><img loading=\"lazy\" decoding=\"async\" width=\"2560\" height=\"1707\" data-id=\"8134\" src=\"https:\/\/dypall.com\/wp-content\/uploads\/2024\/12\/b-71-scaled.jpg\" alt=\"\" class=\"wp-image-8134\" srcset=\"https:\/\/dypall.com\/wp-content\/uploads\/2024\/12\/b-71-scaled.jpg 2560w, https:\/\/dypall.com\/wp-content\/uploads\/2024\/12\/b-71-768x512.jpg 768w, https:\/\/dypall.com\/wp-content\/uploads\/2024\/12\/b-71-1536x1024.jpg 1536w, https:\/\/dypall.com\/wp-content\/uploads\/2024\/12\/b-71-2048x1365.jpg 2048w, https:\/\/dypall.com\/wp-content\/uploads\/2024\/12\/b-71-1568x1045.jpg 1568w\" sizes=\"auto, (max-width: 2560px) 100vw, 2560px\" \/><\/figure>\n\n\n\n<figure class=\"wp-block-image size-large\"><img loading=\"lazy\" decoding=\"async\" width=\"2560\" height=\"1707\" data-id=\"8137\" src=\"https:\/\/dypall.com\/wp-content\/uploads\/2024\/12\/c-29-scaled.jpg\" alt=\"\" class=\"wp-image-8137\" srcset=\"https:\/\/dypall.com\/wp-content\/uploads\/2024\/12\/c-29-scaled.jpg 2560w, https:\/\/dypall.com\/wp-content\/uploads\/2024\/12\/c-29-768x512.jpg 768w, https:\/\/dypall.com\/wp-content\/uploads\/2024\/12\/c-29-1536x1024.jpg 1536w, https:\/\/dypall.com\/wp-content\/uploads\/2024\/12\/c-29-2048x1365.jpg 2048w, https:\/\/dypall.com\/wp-content\/uploads\/2024\/12\/c-29-1568x1045.jpg 1568w\" sizes=\"auto, (max-width: 2560px) 100vw, 2560px\" \/><\/figure>\n\n\n\n<figure class=\"wp-block-image size-large\"><img loading=\"lazy\" decoding=\"async\" width=\"2560\" height=\"1707\" data-id=\"8136\" src=\"https:\/\/dypall.com\/wp-content\/uploads\/2024\/12\/c-35-scaled.jpg\" alt=\"\" class=\"wp-image-8136\" srcset=\"https:\/\/dypall.com\/wp-content\/uploads\/2024\/12\/c-35-scaled.jpg 2560w, https:\/\/dypall.com\/wp-content\/uploads\/2024\/12\/c-35-768x512.jpg 768w, https:\/\/dypall.com\/wp-content\/uploads\/2024\/12\/c-35-1536x1024.jpg 1536w, https:\/\/dypall.com\/wp-content\/uploads\/2024\/12\/c-35-2048x1365.jpg 2048w, https:\/\/dypall.com\/wp-content\/uploads\/2024\/12\/c-35-1568x1045.jpg 1568w\" sizes=\"auto, (max-width: 2560px) 100vw, 2560px\" \/><\/figure>\n\n\n\n<figure class=\"wp-block-image size-large\"><img loading=\"lazy\" decoding=\"async\" width=\"2560\" height=\"1534\" data-id=\"8138\" src=\"https:\/\/dypall.com\/wp-content\/uploads\/2024\/12\/b-94-scaled.jpg\" alt=\"\" class=\"wp-image-8138\" srcset=\"https:\/\/dypall.com\/wp-content\/uploads\/2024\/12\/b-94-scaled.jpg 2560w, https:\/\/dypall.com\/wp-content\/uploads\/2024\/12\/b-94-768x460.jpg 768w, https:\/\/dypall.com\/wp-content\/uploads\/2024\/12\/b-94-1536x921.jpg 1536w, https:\/\/dypall.com\/wp-content\/uploads\/2024\/12\/b-94-2048x1227.jpg 2048w, https:\/\/dypall.com\/wp-content\/uploads\/2024\/12\/b-94-1568x940.jpg 1568w\" sizes=\"auto, (max-width: 2560px) 100vw, 2560px\" \/><\/figure>\n<\/figure>","protected":false},"excerpt":{"rendered":"<p>Los d\u00edas 27 y 28 de noviembre de 2024, la Red DYPALL particip\u00f3 en el Foro de Participaci\u00f3n 2024, en Tallin (Estonia), un acto clave destinado a fomentar el di\u00e1logo y la reflexi\u00f3n sobre el papel de Erasmus+ y el Cuerpo Europeo de Solidaridad en la promoci\u00f3n de la participaci\u00f3n democr\u00e1tica y el compromiso c\u00edvico. El foro reuni\u00f3 a 150 participantes, incluidos representantes de Erasmus+ y... <a class=\"more-link\" href=\"https:\/\/dypall.com\/es\/conference\/participation-forum-2024-advancing-democratic-participation-through-erasmus-andeuropean-solidarity-corps\/\">Seguir leyendo <span class=\"screen-reader-text\">Foro de Participaci\u00f3n 2024: Avanzar en la participaci\u00f3n democr\u00e1tica a trav\u00e9s de Erasmus+ y el Cuerpo Europeo de Solidaridad<\/span><\/a><\/p>","protected":false},"author":5,"featured_media":8138,"comment_status":"open","ping_status":"open","sticky":false,"template":"","format":"standard","meta":{"_acf_changed":false,"_jetpack_memberships_contains_paid_content":false,"footnotes":""},"categories":[112],"tags":[],"class_list":["post-8132","post","type-post","status-publish","format-standard","has-post-thumbnail","hentry","category-conference","entry"],"acf":[],"yoast_head":"<!-- This site is optimized with the Yoast SEO plugin v22.8 - https:\/\/yoast.com\/wordpress\/plugins\/seo\/ -->\n<title>Participation Forum 2024: Advancing Democratic Participation Through Erasmus+ andEuropean Solidarity Corps - DYPALL Network<\/title>\n<meta name=\"robots\" content=\"index, follow, max-snippet:-1, max-image-preview:large, max-video-preview:-1\" \/>\n<link rel=\"canonical\" href=\"https:\/\/dypall.com\/es\/conference\/participation-forum-2024-advancing-democratic-participation-through-erasmus-andeuropean-solidarity-corps\/\" \/>\n<meta property=\"og:locale\" content=\"es_ES\" \/>\n<meta property=\"og:type\" content=\"article\" \/>\n<meta property=\"og:title\" content=\"Participation Forum 2024: Advancing Democratic Participation Through Erasmus+ andEuropean Solidarity Corps - DYPALL Network\" \/>\n<meta property=\"og:description\" content=\"On 27 and 28 November 2024, DYPALL Network participated in the Participation Forum 2024, in Tallin, Estonia &#8211; a key event aimed at fostering dialogue and reflection on the role of Erasmus+ and the European Solidarity Corps in promoting democratic participation and civic engagement. The forum brought together 150 participants, including representatives from Erasmus+ and&hellip; Seguir leyendo Participation Forum 2024: Advancing Democratic Participation Through Erasmus+ andEuropean Solidarity Corps\" \/>\n<meta property=\"og:url\" content=\"https:\/\/dypall.com\/es\/conference\/participation-forum-2024-advancing-democratic-participation-through-erasmus-andeuropean-solidarity-corps\/\" \/>\n<meta property=\"og:site_name\" content=\"DYPALL Network\" \/>\n<meta property=\"article:published_time\" content=\"2024-12-18T15:39:15+00:00\" \/>\n<meta property=\"article:modified_time\" content=\"2024-12-19T14:22:07+00:00\" \/>\n<meta property=\"og:image\" content=\"https:\/\/dypall.com\/wp-content\/uploads\/2024\/12\/b-94-scaled.jpg\" \/>\n\t<meta property=\"og:image:width\" content=\"2560\" \/>\n\t<meta property=\"og:image:height\" content=\"1534\" \/>\n\t<meta property=\"og:image:type\" content=\"image\/jpeg\" \/>\n<meta name=\"author\" content=\"DYPALL Network\" \/>\n<meta name=\"twitter:card\" content=\"summary_large_image\" \/>\n<meta name=\"twitter:label1\" content=\"Written by\" \/>\n\t<meta name=\"twitter:data1\" content=\"DYPALL Network\" \/>\n\t<meta name=\"twitter:label2\" content=\"Est. reading time\" \/>\n\t<meta name=\"twitter:data2\" content=\"3 minutos\" \/>\n<script type=\"application\/ld+json\" class=\"yoast-schema-graph\">{\"@context\":\"https:\/\/schema.org\",\"@graph\":[{\"@type\":\"WebPage\",\"@id\":\"https:\/\/dypall.com\/conference\/participation-forum-2024-advancing-democratic-participation-through-erasmus-andeuropean-solidarity-corps\/\",\"url\":\"https:\/\/dypall.com\/conference\/participation-forum-2024-advancing-democratic-participation-through-erasmus-andeuropean-solidarity-corps\/\",\"name\":\"Participation Forum 2024: Advancing Democratic Participation Through Erasmus+ andEuropean Solidarity Corps - DYPALL Network\",\"isPartOf\":{\"@id\":\"https:\/\/dypall.com\/#website\"},\"primaryImageOfPage\":{\"@id\":\"https:\/\/dypall.com\/conference\/participation-forum-2024-advancing-democratic-participation-through-erasmus-andeuropean-solidarity-corps\/#primaryimage\"},\"image\":{\"@id\":\"https:\/\/dypall.com\/conference\/participation-forum-2024-advancing-democratic-participation-through-erasmus-andeuropean-solidarity-corps\/#primaryimage\"},\"thumbnailUrl\":\"https:\/\/dypall.com\/wp-content\/uploads\/2024\/12\/b-94-scaled.jpg\",\"datePublished\":\"2024-12-18T15:39:15+00:00\",\"dateModified\":\"2024-12-19T14:22:07+00:00\",\"author\":{\"@id\":\"https:\/\/dypall.com\/#\/schema\/person\/e87206094ce8bcf88449b35f00e40fb1\"},\"breadcrumb\":{\"@id\":\"https:\/\/dypall.com\/conference\/participation-forum-2024-advancing-democratic-participation-through-erasmus-andeuropean-solidarity-corps\/#breadcrumb\"},\"inLanguage\":\"es\",\"potentialAction\":[{\"@type\":\"ReadAction\",\"target\":[\"https:\/\/dypall.com\/conference\/participation-forum-2024-advancing-democratic-participation-through-erasmus-andeuropean-solidarity-corps\/\"]}]},{\"@type\":\"ImageObject\",\"inLanguage\":\"es\",\"@id\":\"https:\/\/dypall.com\/conference\/participation-forum-2024-advancing-democratic-participation-through-erasmus-andeuropean-solidarity-corps\/#primaryimage\",\"url\":\"https:\/\/dypall.com\/wp-content\/uploads\/2024\/12\/b-94-scaled.jpg\",\"contentUrl\":\"https:\/\/dypall.com\/wp-content\/uploads\/2024\/12\/b-94-scaled.jpg\",\"width\":2560,\"height\":1534},{\"@type\":\"BreadcrumbList\",\"@id\":\"https:\/\/dypall.com\/conference\/participation-forum-2024-advancing-democratic-participation-through-erasmus-andeuropean-solidarity-corps\/#breadcrumb\",\"itemListElement\":[{\"@type\":\"ListItem\",\"position\":1,\"name\":\"Home\",\"item\":\"https:\/\/dypall.com\/\"},{\"@type\":\"ListItem\",\"position\":2,\"name\":\"Participation Forum 2024: Advancing Democratic Participation Through Erasmus+ andEuropean Solidarity Corps\"}]},{\"@type\":\"WebSite\",\"@id\":\"https:\/\/dypall.com\/#website\",\"url\":\"https:\/\/dypall.com\/\",\"name\":\"DYPALL Network\",\"description\":\"We are a European network of civil society organisations, municipalities and research institutions dedicated to improving democracy through youth participation.\",\"potentialAction\":[{\"@type\":\"SearchAction\",\"target\":{\"@type\":\"EntryPoint\",\"urlTemplate\":\"https:\/\/dypall.com\/?s={search_term_string}\"},\"query-input\":\"required name=search_term_string\"}],\"inLanguage\":\"es\"},{\"@type\":\"Person\",\"@id\":\"https:\/\/dypall.com\/#\/schema\/person\/e87206094ce8bcf88449b35f00e40fb1\",\"name\":\"DYPALL Network\",\"image\":{\"@type\":\"ImageObject\",\"inLanguage\":\"es\",\"@id\":\"https:\/\/dypall.com\/#\/schema\/person\/image\/\",\"url\":\"https:\/\/secure.gravatar.com\/avatar\/1061d2d4c9b4f1a9b496774795b5deac1200dfd1d3abecb8f85cf8b580e6963b?s=96&d=mm&r=g\",\"contentUrl\":\"https:\/\/secure.gravatar.com\/avatar\/1061d2d4c9b4f1a9b496774795b5deac1200dfd1d3abecb8f85cf8b580e6963b?s=96&d=mm&r=g\",\"caption\":\"DYPALL Network\"},\"sameAs\":[\"https:\/\/dypall.com\/\"],\"url\":\"https:\/\/dypall.com\/es\/author\/dypallonsteroids\/\"}]}<\/script>\n<!-- \/ Yoast SEO plugin. -->","yoast_head_json":{"title":"Participation Forum 2024: Advancing Democratic Participation Through Erasmus+ andEuropean Solidarity Corps - DYPALL Network","robots":{"index":"index","follow":"follow","max-snippet":"max-snippet:-1","max-image-preview":"max-image-preview:large","max-video-preview":"max-video-preview:-1"},"canonical":"https:\/\/dypall.com\/es\/conference\/participation-forum-2024-advancing-democratic-participation-through-erasmus-andeuropean-solidarity-corps\/","og_locale":"es_ES","og_type":"article","og_title":"Participation Forum 2024: Advancing Democratic Participation Through Erasmus+ andEuropean Solidarity Corps - DYPALL Network","og_description":"On 27 and 28 November 2024, DYPALL Network participated in the Participation Forum 2024, in Tallin, Estonia &#8211; a key event aimed at fostering dialogue and reflection on the role of Erasmus+ and the European Solidarity Corps in promoting democratic participation and civic engagement. The forum brought together 150 participants, including representatives from Erasmus+ and&hellip; Seguir leyendo Participation Forum 2024: Advancing Democratic Participation Through Erasmus+ andEuropean Solidarity Corps","og_url":"https:\/\/dypall.com\/es\/conference\/participation-forum-2024-advancing-democratic-participation-through-erasmus-andeuropean-solidarity-corps\/","og_site_name":"DYPALL Network","article_published_time":"2024-12-18T15:39:15+00:00","article_modified_time":"2024-12-19T14:22:07+00:00","og_image":[{"width":2560,"height":1534,"url":"https:\/\/dypall.com\/wp-content\/uploads\/2024\/12\/b-94-scaled.jpg","type":"image\/jpeg"}],"author":"DYPALL Network","twitter_card":"summary_large_image","twitter_misc":{"Written by":"DYPALL Network","Est. reading time":"3 minutos"},"schema":{"@context":"https:\/\/schema.org","@graph":[{"@type":"WebPage","@id":"https:\/\/dypall.com\/conference\/participation-forum-2024-advancing-democratic-participation-through-erasmus-andeuropean-solidarity-corps\/","url":"https:\/\/dypall.com\/conference\/participation-forum-2024-advancing-democratic-participation-through-erasmus-andeuropean-solidarity-corps\/","name":"Participation Forum 2024: Advancing Democratic Participation Through Erasmus+ andEuropean Solidarity Corps - DYPALL Network","isPartOf":{"@id":"https:\/\/dypall.com\/#website"},"primaryImageOfPage":{"@id":"https:\/\/dypall.com\/conference\/participation-forum-2024-advancing-democratic-participation-through-erasmus-andeuropean-solidarity-corps\/#primaryimage"},"image":{"@id":"https:\/\/dypall.com\/conference\/participation-forum-2024-advancing-democratic-participation-through-erasmus-andeuropean-solidarity-corps\/#primaryimage"},"thumbnailUrl":"https:\/\/dypall.com\/wp-content\/uploads\/2024\/12\/b-94-scaled.jpg","datePublished":"2024-12-18T15:39:15+00:00","dateModified":"2024-12-19T14:22:07+00:00","author":{"@id":"https:\/\/dypall.com\/#\/schema\/person\/e87206094ce8bcf88449b35f00e40fb1"},"breadcrumb":{"@id":"https:\/\/dypall.com\/conference\/participation-forum-2024-advancing-democratic-participation-through-erasmus-andeuropean-solidarity-corps\/#breadcrumb"},"inLanguage":"es","potentialAction":[{"@type":"ReadAction","target":["https:\/\/dypall.com\/conference\/participation-forum-2024-advancing-democratic-participation-through-erasmus-andeuropean-solidarity-corps\/"]}]},{"@type":"ImageObject","inLanguage":"es","@id":"https:\/\/dypall.com\/conference\/participation-forum-2024-advancing-democratic-participation-through-erasmus-andeuropean-solidarity-corps\/#primaryimage","url":"https:\/\/dypall.com\/wp-content\/uploads\/2024\/12\/b-94-scaled.jpg","contentUrl":"https:\/\/dypall.com\/wp-content\/uploads\/2024\/12\/b-94-scaled.jpg","width":2560,"height":1534},{"@type":"BreadcrumbList","@id":"https:\/\/dypall.com\/conference\/participation-forum-2024-advancing-democratic-participation-through-erasmus-andeuropean-solidarity-corps\/#breadcrumb","itemListElement":[{"@type":"ListItem","position":1,"name":"Home","item":"https:\/\/dypall.com\/"},{"@type":"ListItem","position":2,"name":"Participation Forum 2024: Advancing Democratic Participation Through Erasmus+ andEuropean Solidarity Corps"}]},{"@type":"WebSite","@id":"https:\/\/dypall.com\/#website","url":"https:\/\/dypall.com\/","name":"DYPALL Network","description":"We are a European network of civil society organisations, municipalities and research institutions dedicated to improving democracy through youth participation.","potentialAction":[{"@type":"SearchAction","target":{"@type":"EntryPoint","urlTemplate":"https:\/\/dypall.com\/?s={search_term_string}"},"query-input":"required name=search_term_string"}],"inLanguage":"es"},{"@type":"Person","@id":"https:\/\/dypall.com\/#\/schema\/person\/e87206094ce8bcf88449b35f00e40fb1","name":"DYPALL Network","image":{"@type":"ImageObject","inLanguage":"es","@id":"https:\/\/dypall.com\/#\/schema\/person\/image\/","url":"https:\/\/secure.gravatar.com\/avatar\/1061d2d4c9b4f1a9b496774795b5deac1200dfd1d3abecb8f85cf8b580e6963b?s=96&d=mm&r=g","contentUrl":"https:\/\/secure.gravatar.com\/avatar\/1061d2d4c9b4f1a9b496774795b5deac1200dfd1d3abecb8f85cf8b580e6963b?s=96&d=mm&r=g","caption":"DYPALL Network"},"sameAs":["https:\/\/dypall.com\/"],"url":"https:\/\/dypall.com\/es\/author\/dypallonsteroids\/"}]}},"jetpack_featured_media_url":"https:\/\/dypall.com\/wp-content\/uploads\/2024\/12\/b-94-scaled.jpg","jetpack_sharing_enabled":true,"_links":{"self":[{"href":"https:\/\/dypall.com\/es\/wp-json\/wp\/v2\/posts\/8132","targetHints":{"allow":["GET"]}}],"collection":[{"href":"https:\/\/dypall.com\/es\/wp-json\/wp\/v2\/posts"}],"about":[{"href":"https:\/\/dypall.com\/es\/wp-json\/wp\/v2\/types\/post"}],"author":[{"embeddable":true,"href":"https:\/\/dypall.com\/es\/wp-json\/wp\/v2\/users\/5"}],"replies":[{"embeddable":true,"href":"https:\/\/dypall.com\/es\/wp-json\/wp\/v2\/comments?post=8132"}],"version-history":[{"count":1,"href":"https:\/\/dypall.com\/es\/wp-json\/wp\/v2\/posts\/8132\/revisions"}],"predecessor-version":[{"id":8140,"href":"https:\/\/dypall.com\/es\/wp-json\/wp\/v2\/posts\/8132\/revisions\/8140"}],"wp:featuredmedia":[{"embeddable":true,"href":"https:\/\/dypall.com\/es\/wp-json\/wp\/v2\/media\/8138"}],"wp:attachment":[{"href":"https:\/\/dypall.com\/es\/wp-json\/wp\/v2\/media?parent=8132"}],"wp:term":[{"taxonomy":"category","embeddable":true,"href":"https:\/\/dypall.com\/es\/wp-json\/wp\/v2\/categories?post=8132"},{"taxonomy":"post_tag","embeddable":true,"href":"https:\/\/dypall.com\/es\/wp-json\/wp\/v2\/tags?post=8132"}],"curies":[{"name":"wp","href":"https:\/\/api.w.org\/{rel}","templated":true}]}}