{"id":7087,"date":"2024-05-02T14:45:35","date_gmt":"2024-05-02T13:45:35","guid":{"rendered":"https:\/\/dypall.com\/?p=7087"},"modified":"2024-06-06T11:18:42","modified_gmt":"2024-06-06T11:18:42","slug":"first-online-meeting-of-the-advisory-group-on-youth-engagement-under-the-project-climbing-the-ladder-fostering-a-culture-of-youth-engagement-cl-ye-2","status":"publish","type":"post","link":"https:\/\/dypall.com\/es\/activity\/first-online-meeting-of-the-advisory-group-on-youth-engagement-under-the-project-climbing-the-ladder-fostering-a-culture-of-youth-engagement-cl-ye-2\/","title":{"rendered":"Primera reuni\u00f3n en l\u00ednea del Grupo Consultivo sobre Participaci\u00f3n Juvenil en el marco del proyecto \u00abClimbing the Ladder: fomentar una cultura de participaci\u00f3n juvenil (CL-YE)\u00bb"},"content":{"rendered":"<p><a href=\"https:\/\/dypall.com\/es\/2024\/05\/02\/first-online-meeting-of-the-advisory-group-on-youth-engagement-under-the-project-climbing-the-ladder-fostering-a-culture-of-youth-engagement-cl-ye\/1st-advisory-group-meeting-of-cl-ye\/#main\" rel=\"attachment wp-att-7088\"><img loading=\"lazy\" decoding=\"async\" class=\"wp-image-7088 aligncenter\" src=\"https:\/\/dypall.com\/wp-content\/uploads\/2024\/05\/1st-Advisory-Group-meeting-of-CL-YE.png\" alt=\"\" width=\"782\" height=\"440\" \/><\/a><\/p>\n<p>El <strong>Grupo Consultivo sobre la Participaci\u00f3n de los J\u00f3venes<\/strong> es un grupo de <strong>12 expertos<\/strong> de diferentes pa\u00edses de Europa con experiencia concreta en mecanismos, estructuras y modelos de compromiso juvenil con la misi\u00f3n de apoyar al consorcio del proyecto <em><strong>\u00abSubir la escalera: fomentar una cultura de participaci\u00f3n juvenil (CL-YE)\u00bb<\/strong><\/em> en la planificaci\u00f3n, investigaci\u00f3n y entrega de los principales resultados del proyecto.<\/p>\n<p>Est\u00e1 previsto que el Grupo Consultivo se re\u00fana un total de cinco veces (cuatro en l\u00ednea y una en persona) a lo largo de toda la duraci\u00f3n del proyecto. El <strong>primera reuni\u00f3n en l\u00ednea<\/strong> tuvo lugar en el <strong>29o<\/strong> y <strong>30 de abril de 2024<\/strong>. Durante esta reuni\u00f3n, los asesores tuvieron la oportunidad de conocerse y familiarizarse con el proyecto. Hicieron comentarios constructivos y recomendaciones valiosas sobre la <strong>Estudio de Literatura<\/strong> \u2013 una base de datos de recursos desarrollada por el consorcio del proyecto, as\u00ed como para el proceso de elaboraci\u00f3n de la publicaci\u00f3n sobre modelos y mecanismos de participaci\u00f3n de los j\u00f3venes y la publicaci\u00f3n sobre buenas pr\u00e1cticas y estudios de casos, como primeros resultados del proyecto. Por \u00faltimo, tambi\u00e9n debatieron y presentaron propuestas sobre c\u00f3mo garantizar la visibilidad y la sostenibilidad de los resultados del proyecto.<\/p>\n<p>El proyecto <strong>\u00abSubir la escalera: fomentar una cultura de participaci\u00f3n juvenil (CL-YE)\u00bb<\/strong> aborda la necesidad de estructuras, mecanismos y espacios eficaces y significativos para la participaci\u00f3n activa de los j\u00f3venes en la elaboraci\u00f3n de pol\u00edticas y los procesos de toma de decisiones a escala local, regional, nacional y europea.<\/p>\n<p>Algunos de los <strong>objetivos clave<\/strong> del proyecto son:<\/p>\n<ul>\n<li>analizar y comprender las caracter\u00edsticas clave de los modelos y mecanismos actuales para la participaci\u00f3n de los j\u00f3venes en Europa;<\/li>\n<li>recopilar y compartir pr\u00e1cticas exitosas que animen a los j\u00f3venes, los responsables pol\u00edticos y los profesionales a implicar la perspectiva de la juventud en la elaboraci\u00f3n de pol\u00edticas;<\/li>\n<li>crear una plataforma accesible para la aplicaci\u00f3n de mecanismos de participaci\u00f3n de los j\u00f3venes;<\/li>\n<li>establecer dos redes (una de j\u00f3venes facilitadores de la democracia y otra de j\u00f3venes concejales municipales\/regionales) para promover la participaci\u00f3n ciudadana y el compromiso democr\u00e1tico a nivel local y regional en toda Europa.<\/li>\n<\/ul>\n<p>Esto es un <strong>La juventud europea unida<\/strong> proyecto financiado por la Uni\u00f3n Europea en el marco del programa Erasmus+.<\/p>","protected":false},"excerpt":{"rendered":"<p>El Grupo Consultivo sobre Participaci\u00f3n Juvenil es un grupo de 12 expertos de diferentes pa\u00edses de Europa con experiencia concreta en mecanismos, estructuras y modelos de participaci\u00f3n juvenil con la misi\u00f3n de apoyar el consorcio del proyecto \u00abClimbing the Ladder: fomentar una cultura de participaci\u00f3n de los j\u00f3venes (CL-YE)\u00bb en la planificaci\u00f3n, la investigaci\u00f3n y la realizaci\u00f3n de las principales... <a class=\"more-link\" href=\"https:\/\/dypall.com\/es\/activity\/first-online-meeting-of-the-advisory-group-on-youth-engagement-under-the-project-climbing-the-ladder-fostering-a-culture-of-youth-engagement-cl-ye-2\/\">Seguir leyendo <span class=\"screen-reader-text\">Primera reuni\u00f3n en l\u00ednea del Grupo Consultivo sobre Participaci\u00f3n Juvenil en el marco del proyecto \u00abClimbing the Ladder: fomentar una cultura de participaci\u00f3n juvenil (CL-YE)\u00bb<\/span><\/a><\/p>","protected":false},"author":1,"featured_media":7089,"comment_status":"closed","ping_status":"open","sticky":false,"template":"","format":"standard","meta":{"_acf_changed":false,"_jetpack_memberships_contains_paid_content":false,"footnotes":""},"categories":[111],"tags":[],"class_list":["post-7087","post","type-post","status-publish","format-standard","has-post-thumbnail","hentry","category-activity","entry"],"acf":[],"yoast_head":"<!-- This site is optimized with the Yoast SEO plugin v22.8 - https:\/\/yoast.com\/wordpress\/plugins\/seo\/ -->\n<title>First online meeting of the Advisory Group on Youth Engagement under the project \u201cClimbing the Ladder: fostering a culture of Youth Engagement (CL-YE)\u201d - DYPALL Network<\/title>\n<meta name=\"robots\" content=\"index, follow, max-snippet:-1, max-image-preview:large, max-video-preview:-1\" \/>\n<link rel=\"canonical\" href=\"https:\/\/dypall.com\/es\/activity\/first-online-meeting-of-the-advisory-group-on-youth-engagement-under-the-project-climbing-the-ladder-fostering-a-culture-of-youth-engagement-cl-ye-2\/\" \/>\n<meta property=\"og:locale\" content=\"es_ES\" \/>\n<meta property=\"og:type\" content=\"article\" \/>\n<meta property=\"og:title\" content=\"First online meeting of the Advisory Group on Youth Engagement under the project \u201cClimbing the Ladder: fostering a culture of Youth Engagement (CL-YE)\u201d - DYPALL Network\" \/>\n<meta property=\"og:description\" content=\"The Advisory Group on Youth Engagement is a group of 12 experts from different countries in Europe with concrete experience in mechanisms, structures, and models of youth engagement with a mission to support the consortium of the project \u201cClimbing the Ladder: fostering a culture of Youth Engagement (CL-YE)\u201d in planning, researching, and delivering the main&hellip; Seguir leyendo First online meeting of the Advisory Group on Youth Engagement under the project \u201cClimbing the Ladder: fostering a culture of Youth Engagement (CL-YE)\u201d\" \/>\n<meta property=\"og:url\" content=\"https:\/\/dypall.com\/es\/activity\/first-online-meeting-of-the-advisory-group-on-youth-engagement-under-the-project-climbing-the-ladder-fostering-a-culture-of-youth-engagement-cl-ye-2\/\" \/>\n<meta property=\"og:site_name\" content=\"DYPALL Network\" \/>\n<meta property=\"article:published_time\" content=\"2024-05-02T13:45:35+00:00\" \/>\n<meta property=\"article:modified_time\" content=\"2024-06-06T11:18:42+00:00\" \/>\n<meta property=\"og:image\" content=\"https:\/\/dypall.com\/wp-content\/uploads\/2024\/05\/1st-Advisory-Group-meeting-of-CL-YE-1536x864-1.png\" \/>\n\t<meta property=\"og:image:width\" content=\"1536\" \/>\n\t<meta property=\"og:image:height\" content=\"864\" \/>\n\t<meta property=\"og:image:type\" content=\"image\/png\" \/>\n<meta name=\"author\" content=\"DYPALL Network\" \/>\n<meta name=\"twitter:card\" content=\"summary_large_image\" \/>\n<meta name=\"twitter:label1\" content=\"Written by\" \/>\n\t<meta name=\"twitter:data1\" content=\"DYPALL Network\" \/>\n\t<meta name=\"twitter:label2\" content=\"Est. reading time\" \/>\n\t<meta name=\"twitter:data2\" content=\"2 minutos\" \/>\n<script type=\"application\/ld+json\" class=\"yoast-schema-graph\">{\"@context\":\"https:\/\/schema.org\",\"@graph\":[{\"@type\":\"WebPage\",\"@id\":\"https:\/\/dypall.com\/activity\/first-online-meeting-of-the-advisory-group-on-youth-engagement-under-the-project-climbing-the-ladder-fostering-a-culture-of-youth-engagement-cl-ye-2\/\",\"url\":\"https:\/\/dypall.com\/activity\/first-online-meeting-of-the-advisory-group-on-youth-engagement-under-the-project-climbing-the-ladder-fostering-a-culture-of-youth-engagement-cl-ye-2\/\",\"name\":\"First online meeting of the Advisory Group on Youth Engagement under the project \u201cClimbing the Ladder: fostering a culture of Youth Engagement (CL-YE)\u201d - DYPALL Network\",\"isPartOf\":{\"@id\":\"https:\/\/dypall.com\/#website\"},\"primaryImageOfPage\":{\"@id\":\"https:\/\/dypall.com\/activity\/first-online-meeting-of-the-advisory-group-on-youth-engagement-under-the-project-climbing-the-ladder-fostering-a-culture-of-youth-engagement-cl-ye-2\/#primaryimage\"},\"image\":{\"@id\":\"https:\/\/dypall.com\/activity\/first-online-meeting-of-the-advisory-group-on-youth-engagement-under-the-project-climbing-the-ladder-fostering-a-culture-of-youth-engagement-cl-ye-2\/#primaryimage\"},\"thumbnailUrl\":\"https:\/\/dypall.com\/wp-content\/uploads\/2024\/05\/1st-Advisory-Group-meeting-of-CL-YE-1536x864-1.png\",\"datePublished\":\"2024-05-02T13:45:35+00:00\",\"dateModified\":\"2024-06-06T11:18:42+00:00\",\"author\":{\"@id\":\"https:\/\/dypall.com\/#\/schema\/person\/f92e08aa15c8ba711a9d153129f03377\"},\"breadcrumb\":{\"@id\":\"https:\/\/dypall.com\/activity\/first-online-meeting-of-the-advisory-group-on-youth-engagement-under-the-project-climbing-the-ladder-fostering-a-culture-of-youth-engagement-cl-ye-2\/#breadcrumb\"},\"inLanguage\":\"es\",\"potentialAction\":[{\"@type\":\"ReadAction\",\"target\":[\"https:\/\/dypall.com\/activity\/first-online-meeting-of-the-advisory-group-on-youth-engagement-under-the-project-climbing-the-ladder-fostering-a-culture-of-youth-engagement-cl-ye-2\/\"]}]},{\"@type\":\"ImageObject\",\"inLanguage\":\"es\",\"@id\":\"https:\/\/dypall.com\/activity\/first-online-meeting-of-the-advisory-group-on-youth-engagement-under-the-project-climbing-the-ladder-fostering-a-culture-of-youth-engagement-cl-ye-2\/#primaryimage\",\"url\":\"https:\/\/dypall.com\/wp-content\/uploads\/2024\/05\/1st-Advisory-Group-meeting-of-CL-YE-1536x864-1.png\",\"contentUrl\":\"https:\/\/dypall.com\/wp-content\/uploads\/2024\/05\/1st-Advisory-Group-meeting-of-CL-YE-1536x864-1.png\",\"width\":1536,\"height\":864},{\"@type\":\"BreadcrumbList\",\"@id\":\"https:\/\/dypall.com\/activity\/first-online-meeting-of-the-advisory-group-on-youth-engagement-under-the-project-climbing-the-ladder-fostering-a-culture-of-youth-engagement-cl-ye-2\/#breadcrumb\",\"itemListElement\":[{\"@type\":\"ListItem\",\"position\":1,\"name\":\"Home\",\"item\":\"https:\/\/dypall.com\/\"},{\"@type\":\"ListItem\",\"position\":2,\"name\":\"First online meeting of the Advisory Group on Youth Engagement under the project \u201cClimbing the Ladder: fostering a culture of Youth Engagement (CL-YE)\u201d\"}]},{\"@type\":\"WebSite\",\"@id\":\"https:\/\/dypall.com\/#website\",\"url\":\"https:\/\/dypall.com\/\",\"name\":\"DYPALL Network\",\"description\":\"We are a European network of civil society organisations, municipalities and research institutions dedicated to improving democracy through youth participation.\",\"potentialAction\":[{\"@type\":\"SearchAction\",\"target\":{\"@type\":\"EntryPoint\",\"urlTemplate\":\"https:\/\/dypall.com\/?s={search_term_string}\"},\"query-input\":\"required name=search_term_string\"}],\"inLanguage\":\"es\"},{\"@type\":\"Person\",\"@id\":\"https:\/\/dypall.com\/#\/schema\/person\/f92e08aa15c8ba711a9d153129f03377\",\"name\":\"DYPALL Network\",\"image\":{\"@type\":\"ImageObject\",\"inLanguage\":\"es\",\"@id\":\"https:\/\/dypall.com\/#\/schema\/person\/image\/\",\"url\":\"https:\/\/secure.gravatar.com\/avatar\/9c39e299279800c6d69c5e02cf613e7bab060889f373052a03d7ac399e8f0d3c?s=96&d=mm&r=g\",\"contentUrl\":\"https:\/\/secure.gravatar.com\/avatar\/9c39e299279800c6d69c5e02cf613e7bab060889f373052a03d7ac399e8f0d3c?s=96&d=mm&r=g\",\"caption\":\"DYPALL Network\"},\"sameAs\":[\"https:\/\/dypall.com\"],\"url\":\"https:\/\/dypall.com\/es\/author\/dypall\/\"}]}<\/script>\n<!-- \/ Yoast SEO plugin. -->","yoast_head_json":{"title":"First online meeting of the Advisory Group on Youth Engagement under the project \u201cClimbing the Ladder: fostering a culture of Youth Engagement (CL-YE)\u201d - DYPALL Network","robots":{"index":"index","follow":"follow","max-snippet":"max-snippet:-1","max-image-preview":"max-image-preview:large","max-video-preview":"max-video-preview:-1"},"canonical":"https:\/\/dypall.com\/es\/activity\/first-online-meeting-of-the-advisory-group-on-youth-engagement-under-the-project-climbing-the-ladder-fostering-a-culture-of-youth-engagement-cl-ye-2\/","og_locale":"es_ES","og_type":"article","og_title":"First online meeting of the Advisory Group on Youth Engagement under the project \u201cClimbing the Ladder: fostering a culture of Youth Engagement (CL-YE)\u201d - DYPALL Network","og_description":"The Advisory Group on Youth Engagement is a group of 12 experts from different countries in Europe with concrete experience in mechanisms, structures, and models of youth engagement with a mission to support the consortium of the project \u201cClimbing the Ladder: fostering a culture of Youth Engagement (CL-YE)\u201d in planning, researching, and delivering the main&hellip; Seguir leyendo First online meeting of the Advisory Group on Youth Engagement under the project \u201cClimbing the Ladder: fostering a culture of Youth Engagement (CL-YE)\u201d","og_url":"https:\/\/dypall.com\/es\/activity\/first-online-meeting-of-the-advisory-group-on-youth-engagement-under-the-project-climbing-the-ladder-fostering-a-culture-of-youth-engagement-cl-ye-2\/","og_site_name":"DYPALL Network","article_published_time":"2024-05-02T13:45:35+00:00","article_modified_time":"2024-06-06T11:18:42+00:00","og_image":[{"width":1536,"height":864,"url":"https:\/\/dypall.com\/wp-content\/uploads\/2024\/05\/1st-Advisory-Group-meeting-of-CL-YE-1536x864-1.png","type":"image\/png"}],"author":"DYPALL Network","twitter_card":"summary_large_image","twitter_misc":{"Written by":"DYPALL Network","Est. reading time":"2 minutos"},"schema":{"@context":"https:\/\/schema.org","@graph":[{"@type":"WebPage","@id":"https:\/\/dypall.com\/activity\/first-online-meeting-of-the-advisory-group-on-youth-engagement-under-the-project-climbing-the-ladder-fostering-a-culture-of-youth-engagement-cl-ye-2\/","url":"https:\/\/dypall.com\/activity\/first-online-meeting-of-the-advisory-group-on-youth-engagement-under-the-project-climbing-the-ladder-fostering-a-culture-of-youth-engagement-cl-ye-2\/","name":"First online meeting of the Advisory Group on Youth Engagement under the project \u201cClimbing the Ladder: fostering a culture of Youth Engagement (CL-YE)\u201d - DYPALL Network","isPartOf":{"@id":"https:\/\/dypall.com\/#website"},"primaryImageOfPage":{"@id":"https:\/\/dypall.com\/activity\/first-online-meeting-of-the-advisory-group-on-youth-engagement-under-the-project-climbing-the-ladder-fostering-a-culture-of-youth-engagement-cl-ye-2\/#primaryimage"},"image":{"@id":"https:\/\/dypall.com\/activity\/first-online-meeting-of-the-advisory-group-on-youth-engagement-under-the-project-climbing-the-ladder-fostering-a-culture-of-youth-engagement-cl-ye-2\/#primaryimage"},"thumbnailUrl":"https:\/\/dypall.com\/wp-content\/uploads\/2024\/05\/1st-Advisory-Group-meeting-of-CL-YE-1536x864-1.png","datePublished":"2024-05-02T13:45:35+00:00","dateModified":"2024-06-06T11:18:42+00:00","author":{"@id":"https:\/\/dypall.com\/#\/schema\/person\/f92e08aa15c8ba711a9d153129f03377"},"breadcrumb":{"@id":"https:\/\/dypall.com\/activity\/first-online-meeting-of-the-advisory-group-on-youth-engagement-under-the-project-climbing-the-ladder-fostering-a-culture-of-youth-engagement-cl-ye-2\/#breadcrumb"},"inLanguage":"es","potentialAction":[{"@type":"ReadAction","target":["https:\/\/dypall.com\/activity\/first-online-meeting-of-the-advisory-group-on-youth-engagement-under-the-project-climbing-the-ladder-fostering-a-culture-of-youth-engagement-cl-ye-2\/"]}]},{"@type":"ImageObject","inLanguage":"es","@id":"https:\/\/dypall.com\/activity\/first-online-meeting-of-the-advisory-group-on-youth-engagement-under-the-project-climbing-the-ladder-fostering-a-culture-of-youth-engagement-cl-ye-2\/#primaryimage","url":"https:\/\/dypall.com\/wp-content\/uploads\/2024\/05\/1st-Advisory-Group-meeting-of-CL-YE-1536x864-1.png","contentUrl":"https:\/\/dypall.com\/wp-content\/uploads\/2024\/05\/1st-Advisory-Group-meeting-of-CL-YE-1536x864-1.png","width":1536,"height":864},{"@type":"BreadcrumbList","@id":"https:\/\/dypall.com\/activity\/first-online-meeting-of-the-advisory-group-on-youth-engagement-under-the-project-climbing-the-ladder-fostering-a-culture-of-youth-engagement-cl-ye-2\/#breadcrumb","itemListElement":[{"@type":"ListItem","position":1,"name":"Home","item":"https:\/\/dypall.com\/"},{"@type":"ListItem","position":2,"name":"First online meeting of the Advisory Group on Youth Engagement under the project \u201cClimbing the Ladder: fostering a culture of Youth Engagement (CL-YE)\u201d"}]},{"@type":"WebSite","@id":"https:\/\/dypall.com\/#website","url":"https:\/\/dypall.com\/","name":"DYPALL Network","description":"We are a European network of civil society organisations, municipalities and research institutions dedicated to improving democracy through youth participation.","potentialAction":[{"@type":"SearchAction","target":{"@type":"EntryPoint","urlTemplate":"https:\/\/dypall.com\/?s={search_term_string}"},"query-input":"required name=search_term_string"}],"inLanguage":"es"},{"@type":"Person","@id":"https:\/\/dypall.com\/#\/schema\/person\/f92e08aa15c8ba711a9d153129f03377","name":"DYPALL Network","image":{"@type":"ImageObject","inLanguage":"es","@id":"https:\/\/dypall.com\/#\/schema\/person\/image\/","url":"https:\/\/secure.gravatar.com\/avatar\/9c39e299279800c6d69c5e02cf613e7bab060889f373052a03d7ac399e8f0d3c?s=96&d=mm&r=g","contentUrl":"https:\/\/secure.gravatar.com\/avatar\/9c39e299279800c6d69c5e02cf613e7bab060889f373052a03d7ac399e8f0d3c?s=96&d=mm&r=g","caption":"DYPALL Network"},"sameAs":["https:\/\/dypall.com"],"url":"https:\/\/dypall.com\/es\/author\/dypall\/"}]}},"jetpack_featured_media_url":"https:\/\/dypall.com\/wp-content\/uploads\/2024\/05\/1st-Advisory-Group-meeting-of-CL-YE-1536x864-1.png","jetpack_sharing_enabled":true,"_links":{"self":[{"href":"https:\/\/dypall.com\/es\/wp-json\/wp\/v2\/posts\/7087","targetHints":{"allow":["GET"]}}],"collection":[{"href":"https:\/\/dypall.com\/es\/wp-json\/wp\/v2\/posts"}],"about":[{"href":"https:\/\/dypall.com\/es\/wp-json\/wp\/v2\/types\/post"}],"author":[{"embeddable":true,"href":"https:\/\/dypall.com\/es\/wp-json\/wp\/v2\/users\/1"}],"replies":[{"embeddable":true,"href":"https:\/\/dypall.com\/es\/wp-json\/wp\/v2\/comments?post=7087"}],"version-history":[{"count":3,"href":"https:\/\/dypall.com\/es\/wp-json\/wp\/v2\/posts\/7087\/revisions"}],"predecessor-version":[{"id":7227,"href":"https:\/\/dypall.com\/es\/wp-json\/wp\/v2\/posts\/7087\/revisions\/7227"}],"wp:featuredmedia":[{"embeddable":true,"href":"https:\/\/dypall.com\/es\/wp-json\/wp\/v2\/media\/7089"}],"wp:attachment":[{"href":"https:\/\/dypall.com\/es\/wp-json\/wp\/v2\/media?parent=7087"}],"wp:term":[{"taxonomy":"category","embeddable":true,"href":"https:\/\/dypall.com\/es\/wp-json\/wp\/v2\/categories?post=7087"},{"taxonomy":"post_tag","embeddable":true,"href":"https:\/\/dypall.com\/es\/wp-json\/wp\/v2\/tags?post=7087"}],"curies":[{"name":"wp","href":"https:\/\/api.w.org\/{rel}","templated":true}]}}