{"id":7009,"date":"2024-03-15T15:03:43","date_gmt":"2024-03-15T15:03:43","guid":{"rendered":"https:\/\/dypall.com\/?p=7009"},"modified":"2024-06-06T11:19:22","modified_gmt":"2024-06-06T11:19:22","slug":"local-youth-councils-at-international-scale-lycis-third-transnational-project-meeting-and-final-conference","status":"publish","type":"post","link":"https:\/\/dypall.com\/es\/activity\/local-youth-councils-at-international-scale-lycis-third-transnational-project-meeting-and-final-conference\/","title":{"rendered":"Tercera reuni\u00f3n y conferencia final del proyecto transnacional \u00abConsejos locales de la juventud a escala internacional (LYCIS)\u00bb"},"content":{"rendered":"<p>DYPALL Network particip\u00f3 del 3 al 8 de marzo de 2024 en la tercera reuni\u00f3n del proyecto transnacional y en la conferencia final de la <strong>\u00abConsejos locales de la juventud a escala internacional (LYCIS)\u00bb<\/strong> proyecto. Ambos eventos fueron organizados y acogidos por Europiamo en Tur\u00edn, Italia.<\/p>\n<p>Durante los dos primeros d\u00edas, los coordinadores del proyecto y los representantes de los socios del consorcio del proyecto se reunieron en la \u00faltima reuni\u00f3n presencial para evaluar el progreso del proyecto y planificar los pasos finales.<\/p>\n<p>Los d\u00edas 6 y 7 de marzo, el <strong>Conferencia final<\/strong>, <em><strong>\u00abHacia una sociedad m\u00e1s inclusiva a escala mundial, empezando por los consejos de juventud a escala local\u00bb, <\/strong><\/em>se llev\u00f3 a cabo como un evento de difusi\u00f3n a gran escala de los resultados del proyecto que reuni\u00f3 a 40 participantes, incluidos varios participantes internacionales como representantes de los socios del proyecto y partes interesadas de los pa\u00edses socios del proyecto, junto con partes interesadas locales de Italia. A trav\u00e9s de momentos tipo conferencia, as\u00ed como talleres con metodolog\u00edas de educaci\u00f3n no formal, se presentaron a los participantes los siguientes resultados del proyecto: <a href=\"https:\/\/u.pcloud.link\/publink\/show?code=XZQjvGVZjLaH4TBVhVVhBtFEuzOLuSEyprEk\"><em><strong>Carta de calidad sobre consejos locales de la juventud participativos e inclusivos<\/strong><\/em><\/a>, <a href=\"https:\/\/u.pcloud.link\/publink\/show?code=XZQXkaVZMQmGoAjmT27DbPDC2d4U2VIHls7y\"><em><strong>Conjunto de herramientas para mejorar los consejos locales de la juventud<\/strong><\/em><\/a> y <a href=\"https:\/\/l.facebook.com\/l.php?u=https%3A%2F%2Fhop.salto-youth.net%2Fcourses%2FYouthParticipationLocalCouncils%3Ffbclid%3DIwAR0ZPQSxbgYYmHjaeWrgDkpWFv42LT-H8DDHaUkVI7_sNmsHplzpRTsrJDk&amp;h=AT1fLQO34wiona9ykQTlz-5JydI6C4DeP8lbRJkFi9kpFjlcs-XIxegVFbQQFjhGnfo3bTo1ol5sh69PFT6zgC58U0VTgFewcQPy6eC6BE4ON66sQEOnDU4_JKOS_0zUw9kAU5o&amp;__tn__=-UK-R&amp;c[0]=AT0_03LmBNSbhJJ3lni5vTt5l3YdL4Z8h0gxwJLoCLis3O4NfEqpR6F4TrGP8EtOn_JTaW0j6tpPT6Z_-emgSQ02c6JAEkiwpfNsTnY_xAf4gbGHW0CKGtv_9RkYzX2O5Yn8sqpxoL2TZKA4w5FdJ6k406sFJlva3JH7pJGhAPx6BvRHgggqkIpeq3jyfWGGa7x7XFtwYaOy\"><em><strong>MOOC sobre la participaci\u00f3n de los j\u00f3venes y los consejos locales de la juventud<\/strong><\/em><\/a>.<\/p>\n<p>La Conferencia tambi\u00e9n sirvi\u00f3 como un espacio para el intercambio y el intercambio de pr\u00e1cticas relacionadas con la participaci\u00f3n de los j\u00f3venes en la toma de decisiones a nivel local entre j\u00f3venes de diferentes partes del mundo. Algunos de los j\u00f3venes que han asistido al <strong>actividades de observaci\u00f3n de puestos de trabajo<\/strong> o el <strong>Formaci\u00f3n internacional para j\u00f3venes multiplicadores<\/strong> y m\u00e1s tarde organiz\u00f3 una formaci\u00f3n local, estuvo presente en la conferencia y comparti\u00f3 su experiencia de primera mano.<\/p>\n<p>El <strong>\u00abConsejos locales de la juventud a escala internacional (LYCIS)\u00bb<\/strong> El proyecto est\u00e1 coordinado por DYPALL Network en asociaci\u00f3n con\u00a0 <a href=\"https:\/\/www.europiamo.org\/\">Europiamo ETS<\/a> \u00a0(Italia), <a href=\"https:\/\/youthonboard.com.mk\/\">Juventud a bordo<\/a> (Macedonia del Norte), <a href=\"https:\/\/ysfi.ps\/En\/index.php\/en\/\">Instituto del Foro Estudiantil<\/a> (Palestina), <a href=\"https:\/\/www.facebook.com\/fjmtm\">Foro de J\u00f3venes Marroqu\u00edes para el Tercer Milenio<\/a> (Marruecos), <a href=\"https:\/\/www.facebook.com\/Fhird.tn\/\">Instituto Farhat Hached para Investigaci\u00f3n y Democracia<\/a> (T\u00fanez). Est\u00e1 financiado en el marco del programa Erasmus+ de desarrollo de capacidades en el \u00e1mbito de la juventud por la Agencia Ejecutiva Europea de Educaci\u00f3n y Cultura.<\/p>\n<p><a href=\"https:\/\/dypall.com\/es\/2024\/03\/15\/local-youth-councils-at-international-scale-lycis-third-transnational-project-meeting-and-final-conference\/image_20240304_171513_596\/#main\" rel=\"attachment wp-att-7010\"><img loading=\"lazy\" decoding=\"async\" class=\"wp-image-7010 aligncenter\" src=\"https:\/\/dypall.com\/wp-content\/uploads\/2024\/03\/Image_20240304_171513_596-scaled.jpeg\" alt=\"\" width=\"1208\" height=\"906\" \/><\/a><\/p>\n<p><a href=\"https:\/\/dypall.com\/es\/2024\/03\/15\/local-youth-councils-at-international-scale-lycis-third-transnational-project-meeting-and-final-conference\/image_20240304_171514_041\/#main\" rel=\"attachment wp-att-7011\"><img loading=\"lazy\" decoding=\"async\" class=\"wp-image-7011 aligncenter\" src=\"https:\/\/dypall.com\/wp-content\/uploads\/2024\/03\/Image_20240304_171514_041-scaled.jpeg\" alt=\"\" width=\"1207\" height=\"1609\" \/><\/a><\/p>\n<p><a href=\"https:\/\/dypall.com\/es\/2024\/03\/15\/local-youth-councils-at-international-scale-lycis-third-transnational-project-meeting-and-final-conference\/image_20240305_161113_358-1\/#main\" rel=\"attachment wp-att-7012\"><img loading=\"lazy\" decoding=\"async\" class=\"wp-image-7012 aligncenter\" src=\"https:\/\/dypall.com\/wp-content\/uploads\/2024\/03\/Image_20240305_161113_358-1-scaled.jpeg\" alt=\"\" width=\"1190\" height=\"892\" \/><\/a><\/p>\n<p><a href=\"https:\/\/dypall.com\/es\/2024\/03\/15\/local-youth-councils-at-international-scale-lycis-third-transnational-project-meeting-and-final-conference\/img_3053\/#main\" rel=\"attachment wp-att-7014\"><img loading=\"lazy\" decoding=\"async\" class=\"wp-image-7014 aligncenter\" src=\"https:\/\/dypall.com\/wp-content\/uploads\/2024\/03\/IMG_3053.jpeg\" alt=\"\" width=\"1192\" height=\"894\" \/><\/a><\/p>\n<p><a href=\"https:\/\/dypall.com\/es\/2024\/03\/15\/local-youth-councils-at-international-scale-lycis-third-transnational-project-meeting-and-final-conference\/img_3132\/#main\" rel=\"attachment wp-att-7015\"><img loading=\"lazy\" decoding=\"async\" class=\"wp-image-7015 aligncenter\" src=\"https:\/\/dypall.com\/wp-content\/uploads\/2024\/03\/IMG_3132.jpeg\" alt=\"\" width=\"1189\" height=\"1585\" \/><\/a><\/p>\n<p><a href=\"https:\/\/dypall.com\/es\/2024\/03\/15\/local-youth-councils-at-international-scale-lycis-third-transnational-project-meeting-and-final-conference\/img_3183\/#main\" rel=\"attachment wp-att-7016\"><img loading=\"lazy\" decoding=\"async\" class=\"wp-image-7016 aligncenter\" src=\"https:\/\/dypall.com\/wp-content\/uploads\/2024\/03\/IMG_3183.jpeg\" alt=\"\" width=\"1183\" height=\"1578\" \/><\/a><\/p>\n<p><a href=\"https:\/\/dypall.com\/es\/2024\/03\/15\/local-youth-councils-at-international-scale-lycis-third-transnational-project-meeting-and-final-conference\/img_3196\/#main\" rel=\"attachment wp-att-7017\"><img loading=\"lazy\" decoding=\"async\" class=\"wp-image-7017 aligncenter\" src=\"https:\/\/dypall.com\/wp-content\/uploads\/2024\/03\/IMG_3196.jpeg\" alt=\"\" width=\"1183\" height=\"1577\" \/><\/a><\/p>\n<p><a href=\"https:\/\/dypall.com\/es\/2024\/03\/15\/local-youth-councils-at-international-scale-lycis-third-transnational-project-meeting-and-final-conference\/img_3278\/#main\" rel=\"attachment wp-att-7019\"><img loading=\"lazy\" decoding=\"async\" class=\"wp-image-7019 aligncenter\" src=\"https:\/\/dypall.com\/wp-content\/uploads\/2024\/03\/IMG_3278.jpeg\" alt=\"\" width=\"1178\" height=\"1570\" \/><\/a><\/p>\n<p><a href=\"https:\/\/dypall.com\/es\/2024\/03\/15\/local-youth-councils-at-international-scale-lycis-third-transnational-project-meeting-and-final-conference\/img_3295-2\/#main\" rel=\"attachment wp-att-7020\"><img loading=\"lazy\" decoding=\"async\" class=\"wp-image-7020 aligncenter\" src=\"https:\/\/dypall.com\/wp-content\/uploads\/2024\/03\/IMG_3295.jpeg\" alt=\"\" width=\"1170\" height=\"1560\" \/><\/a><\/p>\n<p><a href=\"https:\/\/dypall.com\/es\/2024\/03\/15\/local-youth-councils-at-international-scale-lycis-third-transnational-project-meeting-and-final-conference\/img_3337\/#main\" rel=\"attachment wp-att-7022\"><img loading=\"lazy\" decoding=\"async\" class=\"wp-image-7022 aligncenter\" src=\"https:\/\/dypall.com\/wp-content\/uploads\/2024\/03\/IMG_3337.jpeg\" alt=\"\" width=\"1169\" height=\"877\" \/><\/a><\/p>\n<p><a href=\"https:\/\/dypall.com\/es\/2024\/03\/15\/local-youth-councils-at-international-scale-lycis-third-transnational-project-meeting-and-final-conference\/img_3346\/#main\" rel=\"attachment wp-att-7024\"><img loading=\"lazy\" decoding=\"async\" class=\"wp-image-7024 aligncenter\" src=\"https:\/\/dypall.com\/wp-content\/uploads\/2024\/03\/IMG_3346.jpeg\" alt=\"\" width=\"1160\" height=\"870\" \/><\/a><\/p>\n<p><a href=\"https:\/\/dypall.com\/es\/2024\/03\/15\/local-youth-councils-at-international-scale-lycis-third-transnational-project-meeting-and-final-conference\/img_3516-2\/#main\" rel=\"attachment wp-att-7026\"><img loading=\"lazy\" decoding=\"async\" class=\"wp-image-7026 aligncenter\" src=\"https:\/\/dypall.com\/wp-content\/uploads\/2024\/03\/IMG_3516.jpeg\" alt=\"\" width=\"1143\" height=\"857\" \/><\/a><\/p>\n<p><a href=\"https:\/\/dypall.com\/es\/2024\/03\/15\/local-youth-councils-at-international-scale-lycis-third-transnational-project-meeting-and-final-conference\/img_3528\/#main\" rel=\"attachment wp-att-7027\"><img loading=\"lazy\" decoding=\"async\" class=\"wp-image-7027 aligncenter\" src=\"https:\/\/dypall.com\/wp-content\/uploads\/2024\/03\/IMG_3528.jpeg\" alt=\"\" width=\"1140\" height=\"1520\" \/><\/a><\/p>","protected":false},"excerpt":{"rendered":"<p>La Red DYPALL particip\u00f3 del 3 al 8 de marzo de 2024 en la tercera reuni\u00f3n del proyecto transnacional y en la conferencia final del proyecto \u00abConsejos locales de la juventud a escala internacional (LYCIS)\u00bb. Ambos eventos fueron organizados y acogidos por Europiamo en Tur\u00edn, Italia. Durante los primeros 2 d\u00edas, los coordinadores del proyecto y los representantes de los socios... <a class=\"more-link\" href=\"https:\/\/dypall.com\/es\/activity\/local-youth-councils-at-international-scale-lycis-third-transnational-project-meeting-and-final-conference\/\">Seguir leyendo <span class=\"screen-reader-text\">Tercera reuni\u00f3n y conferencia final del proyecto transnacional \u00abConsejos locales de la juventud a escala internacional (LYCIS)\u00bb<\/span><\/a><\/p>","protected":false},"author":1,"featured_media":7131,"comment_status":"closed","ping_status":"open","sticky":false,"template":"","format":"standard","meta":{"_acf_changed":false,"_jetpack_memberships_contains_paid_content":false,"footnotes":""},"categories":[111],"tags":[],"class_list":["post-7009","post","type-post","status-publish","format-standard","has-post-thumbnail","hentry","category-activity","entry"],"acf":[],"yoast_head":"<!-- This site is optimized with the Yoast SEO plugin v22.8 - https:\/\/yoast.com\/wordpress\/plugins\/seo\/ -->\n<title>\u2018Local Youth Councils at International Scale (LYCIS)\u2019 Third Transnational Project Meeting and Final Conference - DYPALL Network<\/title>\n<meta name=\"robots\" content=\"index, follow, max-snippet:-1, max-image-preview:large, max-video-preview:-1\" \/>\n<link rel=\"canonical\" href=\"https:\/\/dypall.com\/es\/activity\/local-youth-councils-at-international-scale-lycis-third-transnational-project-meeting-and-final-conference\/\" \/>\n<meta property=\"og:locale\" content=\"es_ES\" \/>\n<meta property=\"og:type\" content=\"article\" \/>\n<meta property=\"og:title\" content=\"\u2018Local Youth Councils at International Scale (LYCIS)\u2019 Third Transnational Project Meeting and Final Conference - DYPALL Network\" \/>\n<meta property=\"og:description\" content=\"DYPALL Network participated from 3rd &#8211; 8th March 2024, in the Third Transnational Project Meeting and Final Conference for the \u2018Local Youth Councils at International Scale (LYCIS)\u2019 project. Both events were organised and hosted by Europiamo in Turin, Italy. During the first 2 days, the project coordinators and the representatives of the partners within the&hellip; Seguir leyendo \u2018Local Youth Councils at International Scale (LYCIS)\u2019 Third Transnational Project Meeting and Final Conference\" \/>\n<meta property=\"og:url\" content=\"https:\/\/dypall.com\/es\/activity\/local-youth-councils-at-international-scale-lycis-third-transnational-project-meeting-and-final-conference\/\" \/>\n<meta property=\"og:site_name\" content=\"DYPALL Network\" \/>\n<meta property=\"article:published_time\" content=\"2024-03-15T15:03:43+00:00\" \/>\n<meta property=\"article:modified_time\" content=\"2024-06-06T11:19:22+00:00\" \/>\n<meta property=\"og:image\" content=\"https:\/\/dypall.com\/wp-content\/uploads\/2024\/03\/IMG_3196-1.jpeg\" \/>\n\t<meta property=\"og:image:width\" content=\"1536\" \/>\n\t<meta property=\"og:image:height\" content=\"2048\" \/>\n\t<meta property=\"og:image:type\" content=\"image\/jpeg\" \/>\n<meta name=\"author\" content=\"DYPALL Network\" \/>\n<meta name=\"twitter:card\" content=\"summary_large_image\" \/>\n<meta name=\"twitter:label1\" content=\"Written by\" \/>\n\t<meta name=\"twitter:data1\" content=\"DYPALL Network\" \/>\n\t<meta name=\"twitter:label2\" content=\"Est. reading time\" \/>\n\t<meta name=\"twitter:data2\" content=\"2 minutos\" \/>\n<script type=\"application\/ld+json\" class=\"yoast-schema-graph\">{\"@context\":\"https:\/\/schema.org\",\"@graph\":[{\"@type\":\"WebPage\",\"@id\":\"https:\/\/dypall.com\/activity\/local-youth-councils-at-international-scale-lycis-third-transnational-project-meeting-and-final-conference\/\",\"url\":\"https:\/\/dypall.com\/activity\/local-youth-councils-at-international-scale-lycis-third-transnational-project-meeting-and-final-conference\/\",\"name\":\"\u2018Local Youth Councils at International Scale (LYCIS)\u2019 Third Transnational Project Meeting and Final Conference - DYPALL Network\",\"isPartOf\":{\"@id\":\"https:\/\/dypall.com\/#website\"},\"primaryImageOfPage\":{\"@id\":\"https:\/\/dypall.com\/activity\/local-youth-councils-at-international-scale-lycis-third-transnational-project-meeting-and-final-conference\/#primaryimage\"},\"image\":{\"@id\":\"https:\/\/dypall.com\/activity\/local-youth-councils-at-international-scale-lycis-third-transnational-project-meeting-and-final-conference\/#primaryimage\"},\"thumbnailUrl\":\"https:\/\/dypall.com\/wp-content\/uploads\/2024\/03\/IMG_3196-1.jpeg\",\"datePublished\":\"2024-03-15T15:03:43+00:00\",\"dateModified\":\"2024-06-06T11:19:22+00:00\",\"author\":{\"@id\":\"https:\/\/dypall.com\/#\/schema\/person\/f92e08aa15c8ba711a9d153129f03377\"},\"breadcrumb\":{\"@id\":\"https:\/\/dypall.com\/activity\/local-youth-councils-at-international-scale-lycis-third-transnational-project-meeting-and-final-conference\/#breadcrumb\"},\"inLanguage\":\"es\",\"potentialAction\":[{\"@type\":\"ReadAction\",\"target\":[\"https:\/\/dypall.com\/activity\/local-youth-councils-at-international-scale-lycis-third-transnational-project-meeting-and-final-conference\/\"]}]},{\"@type\":\"ImageObject\",\"inLanguage\":\"es\",\"@id\":\"https:\/\/dypall.com\/activity\/local-youth-councils-at-international-scale-lycis-third-transnational-project-meeting-and-final-conference\/#primaryimage\",\"url\":\"https:\/\/dypall.com\/wp-content\/uploads\/2024\/03\/IMG_3196-1.jpeg\",\"contentUrl\":\"https:\/\/dypall.com\/wp-content\/uploads\/2024\/03\/IMG_3196-1.jpeg\",\"width\":1536,\"height\":2048},{\"@type\":\"BreadcrumbList\",\"@id\":\"https:\/\/dypall.com\/activity\/local-youth-councils-at-international-scale-lycis-third-transnational-project-meeting-and-final-conference\/#breadcrumb\",\"itemListElement\":[{\"@type\":\"ListItem\",\"position\":1,\"name\":\"Home\",\"item\":\"https:\/\/dypall.com\/\"},{\"@type\":\"ListItem\",\"position\":2,\"name\":\"\u2018Local Youth Councils at International Scale (LYCIS)\u2019 Third Transnational Project Meeting and Final Conference\"}]},{\"@type\":\"WebSite\",\"@id\":\"https:\/\/dypall.com\/#website\",\"url\":\"https:\/\/dypall.com\/\",\"name\":\"DYPALL Network\",\"description\":\"We are a European network of civil society organisations, municipalities and research institutions dedicated to improving democracy through youth participation.\",\"potentialAction\":[{\"@type\":\"SearchAction\",\"target\":{\"@type\":\"EntryPoint\",\"urlTemplate\":\"https:\/\/dypall.com\/?s={search_term_string}\"},\"query-input\":\"required name=search_term_string\"}],\"inLanguage\":\"es\"},{\"@type\":\"Person\",\"@id\":\"https:\/\/dypall.com\/#\/schema\/person\/f92e08aa15c8ba711a9d153129f03377\",\"name\":\"DYPALL Network\",\"image\":{\"@type\":\"ImageObject\",\"inLanguage\":\"es\",\"@id\":\"https:\/\/dypall.com\/#\/schema\/person\/image\/\",\"url\":\"https:\/\/secure.gravatar.com\/avatar\/9c39e299279800c6d69c5e02cf613e7bab060889f373052a03d7ac399e8f0d3c?s=96&d=mm&r=g\",\"contentUrl\":\"https:\/\/secure.gravatar.com\/avatar\/9c39e299279800c6d69c5e02cf613e7bab060889f373052a03d7ac399e8f0d3c?s=96&d=mm&r=g\",\"caption\":\"DYPALL Network\"},\"sameAs\":[\"https:\/\/dypall.com\"],\"url\":\"https:\/\/dypall.com\/es\/author\/dypall\/\"}]}<\/script>\n<!-- \/ Yoast SEO plugin. -->","yoast_head_json":{"title":"\u2018Local Youth Councils at International Scale (LYCIS)\u2019 Third Transnational Project Meeting and Final Conference - DYPALL Network","robots":{"index":"index","follow":"follow","max-snippet":"max-snippet:-1","max-image-preview":"max-image-preview:large","max-video-preview":"max-video-preview:-1"},"canonical":"https:\/\/dypall.com\/es\/activity\/local-youth-councils-at-international-scale-lycis-third-transnational-project-meeting-and-final-conference\/","og_locale":"es_ES","og_type":"article","og_title":"\u2018Local Youth Councils at International Scale (LYCIS)\u2019 Third Transnational Project Meeting and Final Conference - DYPALL Network","og_description":"DYPALL Network participated from 3rd &#8211; 8th March 2024, in the Third Transnational Project Meeting and Final Conference for the \u2018Local Youth Councils at International Scale (LYCIS)\u2019 project. Both events were organised and hosted by Europiamo in Turin, Italy. During the first 2 days, the project coordinators and the representatives of the partners within the&hellip; Seguir leyendo \u2018Local Youth Councils at International Scale (LYCIS)\u2019 Third Transnational Project Meeting and Final Conference","og_url":"https:\/\/dypall.com\/es\/activity\/local-youth-councils-at-international-scale-lycis-third-transnational-project-meeting-and-final-conference\/","og_site_name":"DYPALL Network","article_published_time":"2024-03-15T15:03:43+00:00","article_modified_time":"2024-06-06T11:19:22+00:00","og_image":[{"width":1536,"height":2048,"url":"https:\/\/dypall.com\/wp-content\/uploads\/2024\/03\/IMG_3196-1.jpeg","type":"image\/jpeg"}],"author":"DYPALL Network","twitter_card":"summary_large_image","twitter_misc":{"Written by":"DYPALL Network","Est. reading time":"2 minutos"},"schema":{"@context":"https:\/\/schema.org","@graph":[{"@type":"WebPage","@id":"https:\/\/dypall.com\/activity\/local-youth-councils-at-international-scale-lycis-third-transnational-project-meeting-and-final-conference\/","url":"https:\/\/dypall.com\/activity\/local-youth-councils-at-international-scale-lycis-third-transnational-project-meeting-and-final-conference\/","name":"\u2018Local Youth Councils at International Scale (LYCIS)\u2019 Third Transnational Project Meeting and Final Conference - DYPALL Network","isPartOf":{"@id":"https:\/\/dypall.com\/#website"},"primaryImageOfPage":{"@id":"https:\/\/dypall.com\/activity\/local-youth-councils-at-international-scale-lycis-third-transnational-project-meeting-and-final-conference\/#primaryimage"},"image":{"@id":"https:\/\/dypall.com\/activity\/local-youth-councils-at-international-scale-lycis-third-transnational-project-meeting-and-final-conference\/#primaryimage"},"thumbnailUrl":"https:\/\/dypall.com\/wp-content\/uploads\/2024\/03\/IMG_3196-1.jpeg","datePublished":"2024-03-15T15:03:43+00:00","dateModified":"2024-06-06T11:19:22+00:00","author":{"@id":"https:\/\/dypall.com\/#\/schema\/person\/f92e08aa15c8ba711a9d153129f03377"},"breadcrumb":{"@id":"https:\/\/dypall.com\/activity\/local-youth-councils-at-international-scale-lycis-third-transnational-project-meeting-and-final-conference\/#breadcrumb"},"inLanguage":"es","potentialAction":[{"@type":"ReadAction","target":["https:\/\/dypall.com\/activity\/local-youth-councils-at-international-scale-lycis-third-transnational-project-meeting-and-final-conference\/"]}]},{"@type":"ImageObject","inLanguage":"es","@id":"https:\/\/dypall.com\/activity\/local-youth-councils-at-international-scale-lycis-third-transnational-project-meeting-and-final-conference\/#primaryimage","url":"https:\/\/dypall.com\/wp-content\/uploads\/2024\/03\/IMG_3196-1.jpeg","contentUrl":"https:\/\/dypall.com\/wp-content\/uploads\/2024\/03\/IMG_3196-1.jpeg","width":1536,"height":2048},{"@type":"BreadcrumbList","@id":"https:\/\/dypall.com\/activity\/local-youth-councils-at-international-scale-lycis-third-transnational-project-meeting-and-final-conference\/#breadcrumb","itemListElement":[{"@type":"ListItem","position":1,"name":"Home","item":"https:\/\/dypall.com\/"},{"@type":"ListItem","position":2,"name":"\u2018Local Youth Councils at International Scale (LYCIS)\u2019 Third Transnational Project Meeting and Final Conference"}]},{"@type":"WebSite","@id":"https:\/\/dypall.com\/#website","url":"https:\/\/dypall.com\/","name":"DYPALL Network","description":"We are a European network of civil society organisations, municipalities and research institutions dedicated to improving democracy through youth participation.","potentialAction":[{"@type":"SearchAction","target":{"@type":"EntryPoint","urlTemplate":"https:\/\/dypall.com\/?s={search_term_string}"},"query-input":"required name=search_term_string"}],"inLanguage":"es"},{"@type":"Person","@id":"https:\/\/dypall.com\/#\/schema\/person\/f92e08aa15c8ba711a9d153129f03377","name":"DYPALL Network","image":{"@type":"ImageObject","inLanguage":"es","@id":"https:\/\/dypall.com\/#\/schema\/person\/image\/","url":"https:\/\/secure.gravatar.com\/avatar\/9c39e299279800c6d69c5e02cf613e7bab060889f373052a03d7ac399e8f0d3c?s=96&d=mm&r=g","contentUrl":"https:\/\/secure.gravatar.com\/avatar\/9c39e299279800c6d69c5e02cf613e7bab060889f373052a03d7ac399e8f0d3c?s=96&d=mm&r=g","caption":"DYPALL Network"},"sameAs":["https:\/\/dypall.com"],"url":"https:\/\/dypall.com\/es\/author\/dypall\/"}]}},"jetpack_featured_media_url":"https:\/\/dypall.com\/wp-content\/uploads\/2024\/03\/IMG_3196-1.jpeg","jetpack_sharing_enabled":true,"_links":{"self":[{"href":"https:\/\/dypall.com\/es\/wp-json\/wp\/v2\/posts\/7009","targetHints":{"allow":["GET"]}}],"collection":[{"href":"https:\/\/dypall.com\/es\/wp-json\/wp\/v2\/posts"}],"about":[{"href":"https:\/\/dypall.com\/es\/wp-json\/wp\/v2\/types\/post"}],"author":[{"embeddable":true,"href":"https:\/\/dypall.com\/es\/wp-json\/wp\/v2\/users\/1"}],"replies":[{"embeddable":true,"href":"https:\/\/dypall.com\/es\/wp-json\/wp\/v2\/comments?post=7009"}],"version-history":[{"count":2,"href":"https:\/\/dypall.com\/es\/wp-json\/wp\/v2\/posts\/7009\/revisions"}],"predecessor-version":[{"id":7228,"href":"https:\/\/dypall.com\/es\/wp-json\/wp\/v2\/posts\/7009\/revisions\/7228"}],"wp:featuredmedia":[{"embeddable":true,"href":"https:\/\/dypall.com\/es\/wp-json\/wp\/v2\/media\/7131"}],"wp:attachment":[{"href":"https:\/\/dypall.com\/es\/wp-json\/wp\/v2\/media?parent=7009"}],"wp:term":[{"taxonomy":"category","embeddable":true,"href":"https:\/\/dypall.com\/es\/wp-json\/wp\/v2\/categories?post=7009"},{"taxonomy":"post_tag","embeddable":true,"href":"https:\/\/dypall.com\/es\/wp-json\/wp\/v2\/tags?post=7009"}],"curies":[{"name":"wp","href":"https:\/\/api.w.org\/{rel}","templated":true}]}}