{"id":6998,"date":"2024-03-06T13:06:46","date_gmt":"2024-03-06T13:06:46","guid":{"rendered":"https:\/\/dypall.com\/?p=6998"},"modified":"2024-06-06T11:19:27","modified_gmt":"2024-06-06T11:19:27","slug":"euinfluencers-large-scale-youth-event","status":"publish","type":"post","link":"https:\/\/dypall.com\/es\/activity\/euinfluencers-large-scale-youth-event\/","title":{"rendered":"#EUInfluencers Evento juvenil a gran escala"},"content":{"rendered":"<p><span style=\"font-weight: 400;\">El evento final del <strong>#EUInfluencers<\/strong> proyecto <em><strong>\u00abLa juventud en acci\u00f3n\u00bb<\/strong><\/em> tuvo lugar en l\u00ednea el 15 de febrero de 2024 a las 16.00 horas (hora de Bruselas), y celebr\u00f3 el poder de los j\u00f3venes en la UE.\u00a0<\/span><\/p>\n<p><span style=\"font-weight: 400;\">El evento fue dise\u00f1ado para representantes de OSC, autoridades locales e instituciones europeas, as\u00ed como trabajadores juveniles y l\u00edderes juveniles que quer\u00edan inspirarse y potencialmente utilizar la metodolog\u00eda y los recursos de la organizaci\u00f3n. #Proyecto EUInfluencers en su trabajo. Los ponentes del acto aportaron ideas y perspectivas sobre c\u00f3mo colmar la brecha entre la juventud y los responsables de la toma de decisiones, as\u00ed como estrategias para una participaci\u00f3n efectiva de la juventud en la elaboraci\u00f3n de pol\u00edticas locales y europeas. La mesa redonda concluy\u00f3 con un vibrante intercambio de ideas y compromisos para seguir promoviendo la participaci\u00f3n y el empoderamiento de los j\u00f3venes en toda Europa.<\/span><\/p>\n<p>El <strong>altavoces de panel<\/strong> fueron los siguientes:<\/p>\n<ul>\n<li style=\"font-weight: 400;\" aria-level=\"1\"><span style=\"font-weight: 400;\">Alithy Djiemo, #EUInfluencer<\/span><\/li>\n<li style=\"font-weight: 400;\" aria-level=\"1\"><span style=\"font-weight: 400;\">Marko Ve\u0161ligaj, alcalde de Pregrada\u00a0<\/span><\/li>\n<li style=\"font-weight: 400;\" aria-level=\"1\"><span style=\"font-weight: 400;\">Milica Kostin, activista juvenil<\/span><\/li>\n<li style=\"font-weight: 400;\" aria-level=\"1\"><span style=\"font-weight: 400;\">Jorge Orlando, presidente del Comit\u00e9 Directivo Europeo para la Juventud\u00a0<\/span><\/li>\n<\/ul>\n<p><span style=\"font-weight: 400;\">Durante el acto final \u00abLa juventud en acci\u00f3n\u00bb, al que asistieron 149 participantes, j\u00f3venes influyentes presentaron las inspiradoras formaciones locales, las acciones locales y las campa\u00f1as en las redes sociales que hab\u00edan estado llevando a cabo en el marco del programa. #Proyecto EUInfluencers a nivel local\u00a0<\/span><\/p>\n<p><span style=\"font-weight: 400;\">El evento sirvi\u00f3 como plataforma para inspirar el di\u00e1logo y la colaboraci\u00f3n, destacando el papel crucial de los j\u00f3venes en la configuraci\u00f3n del futuro de Europa. <\/span><\/p>\n<p><span style=\"font-weight: 400;\">Puedes ver la grabaci\u00f3n del evento <a href=\"https:\/\/www.youtube.com\/watch?v=l4D4IN7YAzk&amp;fbclid=IwAR3yIIFgb42mCoVg2q-yKzJl_5R_SuLJjL2V2A9GUgQ6wctz7X0s-wNO1ns\">aqu\u00ed.<\/a><\/span><\/p>\n<p><span style=\"font-weight: 400;\">Este proyecto est\u00e1 coordinado por DYPALL Network en colaboraci\u00f3n con<\/span><a href=\"https:\/\/www.facebook.com\/ass.elios?__cft__%5B0%5D=AZUKL0qdGfowntJpGXsszHny8LgQRayl4sJ0zazyLlrBi6Lon6izIQX9Lj0Ts9GeW028MA8VANdCdErVgQnzD9O2VeBNVptzAYUcxORVqauNNRx9pjprlM6HRt94_fG_SQc2F3z8atItJzUxt5loC9ZaX5PB6UXTZ-ltCCDmFguL-u1EKaVxSsUuSmkQ8CDXZUc&amp;__tn__=-%5DK-R\"> <span style=\"font-weight: 400;\">Associazione Elios<\/span><\/a><span style=\"font-weight: 400;\"> (Italia),<\/span><a href=\"https:\/\/e8.org.rs\/\"> <span style=\"font-weight: 400;\">Centar E8<\/span><\/a><span style=\"font-weight: 400;\"> (Serbia), <\/span><a href=\"https:\/\/zagorje-sutla.eu\/\"><span style=\"font-weight: 400;\">GAL Zagorje \u2013 Sutla<\/span><\/a><span style=\"font-weight: 400;\"> (Croacia), y<\/span><a href=\"https:\/\/www.facebook.com\/aecsweden?__cft__%5B0%5D=AZUKL0qdGfowntJpGXsszHny8LgQRayl4sJ0zazyLlrBi6Lon6izIQX9Lj0Ts9GeW028MA8VANdCdErVgQnzD9O2VeBNVptzAYUcxORVqauNNRx9pjprlM6HRt94_fG_SQc2F3z8atItJzUxt5loC9ZaX5PB6UXTZ-ltCCDmFguL-u1EKaVxSsUuSmkQ8CDXZUc&amp;__tn__=-%5DK-R\"> <span style=\"font-weight: 400;\">Centro Africano de Empoderamiento<\/span><\/a><span style=\"font-weight: 400;\"> (Suecia), cofinanciado por el programa \u00abJuventud Europea Conjunta\u00bb de la Uni\u00f3n Europea.<\/span><\/p>\n<p><a href=\"https:\/\/dypall.com\/es\/2024\/03\/06\/euinfluencers-large-scale-youth-event\/419242340_796486902515668_4019082474831724415_n\/#main\" rel=\"attachment wp-att-6999\"><img loading=\"lazy\" decoding=\"async\" class=\"wp-image-6999 aligncenter\" src=\"https:\/\/dypall.com\/wp-content\/uploads\/2024\/03\/419242340_796486902515668_4019082474831724415_n.jpeg\" alt=\"\" width=\"937\" height=\"528\" \/><\/a><\/p>\n<p><a href=\"https:\/\/dypall.com\/es\/2024\/03\/06\/euinfluencers-large-scale-youth-event\/schermata-2024-02-15-alle-15-14-38\/#main\" rel=\"attachment wp-att-7000\"><img loading=\"lazy\" decoding=\"async\" class=\"wp-image-7000 aligncenter\" src=\"https:\/\/dypall.com\/wp-content\/uploads\/2024\/03\/Schermata-2024-02-15-alle-15.14.38.png\" alt=\"\" width=\"934\" height=\"526\" \/><\/a><\/p>\n<p><img loading=\"lazy\" decoding=\"async\" class=\"wp-image-7001 aligncenter\" src=\"https:\/\/dypall.com\/wp-content\/uploads\/2024\/03\/Schermata-2024-02-15-alle-15.22.52.png\" alt=\"\" width=\"929\" height=\"522\" \/><\/p>\n<p><a href=\"https:\/\/dypall.com\/es\/2024\/03\/06\/euinfluencers-large-scale-youth-event\/schermata-2024-02-15-alle-15-29-37\/#main\" rel=\"attachment wp-att-7002\"><img loading=\"lazy\" decoding=\"async\" class=\"wp-image-7002 aligncenter\" src=\"https:\/\/dypall.com\/wp-content\/uploads\/2024\/03\/Schermata-2024-02-15-alle-15.29.37.png\" alt=\"\" width=\"929\" height=\"523\" \/><\/a><\/p>\n<p><a href=\"https:\/\/dypall.com\/es\/2024\/03\/06\/euinfluencers-large-scale-youth-event\/schermata-2024-02-15-alle-15-39-59\/#main\" rel=\"attachment wp-att-7003\"><img loading=\"lazy\" decoding=\"async\" class=\"wp-image-7003 aligncenter\" src=\"https:\/\/dypall.com\/wp-content\/uploads\/2024\/03\/Schermata-2024-02-15-alle-15.39.59.png\" alt=\"\" width=\"923\" height=\"519\" \/><\/a><\/p>\n<p><a href=\"https:\/\/dypall.com\/es\/2024\/03\/06\/euinfluencers-large-scale-youth-event\/schermata-2024-02-15-alle-16-28-06\/#main\" rel=\"attachment wp-att-7004\"><img loading=\"lazy\" decoding=\"async\" class=\"wp-image-7004 aligncenter\" src=\"https:\/\/dypall.com\/wp-content\/uploads\/2024\/03\/Schermata-2024-02-15-alle-16.28.06.png\" alt=\"\" width=\"921\" height=\"518\" \/><\/a><\/p>","protected":false},"excerpt":{"rendered":"<p>El evento final del #El proyecto EUInfluencers \u00abYouth in Action\u00bb tuvo lugar en l\u00ednea el 15 de febrero de 2024 a las 16.00 horas (hora de Bruselas), y celebr\u00f3 el poder de los j\u00f3venes en la UE.\u00a0 El evento fue dise\u00f1ado para representantes de OSC, autoridades locales e instituciones europeas, as\u00ed como trabajadores juveniles y l\u00edderes juveniles que quer\u00edan... <a class=\"more-link\" href=\"https:\/\/dypall.com\/es\/activity\/euinfluencers-large-scale-youth-event\/\">Seguir leyendo <span class=\"screen-reader-text\">#EUInfluencers Evento juvenil a gran escala<\/span><\/a><\/p>","protected":false},"author":1,"featured_media":7134,"comment_status":"closed","ping_status":"open","sticky":false,"template":"","format":"standard","meta":{"_acf_changed":false,"_jetpack_memberships_contains_paid_content":false,"footnotes":""},"categories":[111],"tags":[],"class_list":["post-6998","post","type-post","status-publish","format-standard","has-post-thumbnail","hentry","category-activity","entry"],"acf":[],"yoast_head":"<!-- This site is optimized with the Yoast SEO plugin v22.8 - https:\/\/yoast.com\/wordpress\/plugins\/seo\/ -->\n<title>#EUInfluencers Large-scale youth event - DYPALL Network<\/title>\n<meta name=\"robots\" content=\"index, follow, max-snippet:-1, max-image-preview:large, max-video-preview:-1\" \/>\n<link rel=\"canonical\" href=\"https:\/\/dypall.com\/es\/activity\/euinfluencers-large-scale-youth-event\/\" \/>\n<meta property=\"og:locale\" content=\"es_ES\" \/>\n<meta property=\"og:type\" content=\"article\" \/>\n<meta property=\"og:title\" content=\"#EUInfluencers Large-scale youth event - DYPALL Network\" \/>\n<meta property=\"og:description\" content=\"The final event of the #EUInfluencers project &#8220;Youth in Action&#8221; took place online on 15th February 2024 at 16:00 (Brussels time), and it celebrated the power of young people in the EU.\u00a0 The event was designed for representatives of CSOs, local authorities, and European institutions, as well as youth workers and youth leaders who wanted&hellip; Seguir leyendo #EUInfluencers Large-scale youth event\" \/>\n<meta property=\"og:url\" content=\"https:\/\/dypall.com\/es\/activity\/euinfluencers-large-scale-youth-event\/\" \/>\n<meta property=\"og:site_name\" content=\"DYPALL Network\" \/>\n<meta property=\"article:published_time\" content=\"2024-03-06T13:06:46+00:00\" \/>\n<meta property=\"article:modified_time\" content=\"2024-06-06T11:19:27+00:00\" \/>\n<meta property=\"og:image\" content=\"https:\/\/dypall.com\/wp-content\/uploads\/2024\/03\/419242340_796486902515668_4019082474831724415_n-1.jpeg\" \/>\n\t<meta property=\"og:image:width\" content=\"2048\" \/>\n\t<meta property=\"og:image:height\" content=\"1154\" \/>\n\t<meta property=\"og:image:type\" content=\"image\/jpeg\" \/>\n<meta name=\"author\" content=\"DYPALL Network\" \/>\n<meta name=\"twitter:card\" content=\"summary_large_image\" \/>\n<meta name=\"twitter:label1\" content=\"Written by\" \/>\n\t<meta name=\"twitter:data1\" content=\"DYPALL Network\" \/>\n\t<meta name=\"twitter:label2\" content=\"Est. reading time\" \/>\n\t<meta name=\"twitter:data2\" content=\"1 minuto\" \/>\n<script type=\"application\/ld+json\" class=\"yoast-schema-graph\">{\"@context\":\"https:\/\/schema.org\",\"@graph\":[{\"@type\":\"WebPage\",\"@id\":\"https:\/\/dypall.com\/activity\/euinfluencers-large-scale-youth-event\/\",\"url\":\"https:\/\/dypall.com\/activity\/euinfluencers-large-scale-youth-event\/\",\"name\":\"#EUInfluencers Large-scale youth event - DYPALL Network\",\"isPartOf\":{\"@id\":\"https:\/\/dypall.com\/#website\"},\"primaryImageOfPage\":{\"@id\":\"https:\/\/dypall.com\/activity\/euinfluencers-large-scale-youth-event\/#primaryimage\"},\"image\":{\"@id\":\"https:\/\/dypall.com\/activity\/euinfluencers-large-scale-youth-event\/#primaryimage\"},\"thumbnailUrl\":\"https:\/\/dypall.com\/wp-content\/uploads\/2024\/03\/419242340_796486902515668_4019082474831724415_n-1.jpeg\",\"datePublished\":\"2024-03-06T13:06:46+00:00\",\"dateModified\":\"2024-06-06T11:19:27+00:00\",\"author\":{\"@id\":\"https:\/\/dypall.com\/#\/schema\/person\/f92e08aa15c8ba711a9d153129f03377\"},\"breadcrumb\":{\"@id\":\"https:\/\/dypall.com\/activity\/euinfluencers-large-scale-youth-event\/#breadcrumb\"},\"inLanguage\":\"es\",\"potentialAction\":[{\"@type\":\"ReadAction\",\"target\":[\"https:\/\/dypall.com\/activity\/euinfluencers-large-scale-youth-event\/\"]}]},{\"@type\":\"ImageObject\",\"inLanguage\":\"es\",\"@id\":\"https:\/\/dypall.com\/activity\/euinfluencers-large-scale-youth-event\/#primaryimage\",\"url\":\"https:\/\/dypall.com\/wp-content\/uploads\/2024\/03\/419242340_796486902515668_4019082474831724415_n-1.jpeg\",\"contentUrl\":\"https:\/\/dypall.com\/wp-content\/uploads\/2024\/03\/419242340_796486902515668_4019082474831724415_n-1.jpeg\",\"width\":2048,\"height\":1154},{\"@type\":\"BreadcrumbList\",\"@id\":\"https:\/\/dypall.com\/activity\/euinfluencers-large-scale-youth-event\/#breadcrumb\",\"itemListElement\":[{\"@type\":\"ListItem\",\"position\":1,\"name\":\"Home\",\"item\":\"https:\/\/dypall.com\/\"},{\"@type\":\"ListItem\",\"position\":2,\"name\":\"#EUInfluencers Large-scale youth event\"}]},{\"@type\":\"WebSite\",\"@id\":\"https:\/\/dypall.com\/#website\",\"url\":\"https:\/\/dypall.com\/\",\"name\":\"DYPALL Network\",\"description\":\"We are a European network of civil society organisations, municipalities and research institutions dedicated to improving democracy through youth participation.\",\"potentialAction\":[{\"@type\":\"SearchAction\",\"target\":{\"@type\":\"EntryPoint\",\"urlTemplate\":\"https:\/\/dypall.com\/?s={search_term_string}\"},\"query-input\":\"required name=search_term_string\"}],\"inLanguage\":\"es\"},{\"@type\":\"Person\",\"@id\":\"https:\/\/dypall.com\/#\/schema\/person\/f92e08aa15c8ba711a9d153129f03377\",\"name\":\"DYPALL Network\",\"image\":{\"@type\":\"ImageObject\",\"inLanguage\":\"es\",\"@id\":\"https:\/\/dypall.com\/#\/schema\/person\/image\/\",\"url\":\"https:\/\/secure.gravatar.com\/avatar\/9c39e299279800c6d69c5e02cf613e7bab060889f373052a03d7ac399e8f0d3c?s=96&d=mm&r=g\",\"contentUrl\":\"https:\/\/secure.gravatar.com\/avatar\/9c39e299279800c6d69c5e02cf613e7bab060889f373052a03d7ac399e8f0d3c?s=96&d=mm&r=g\",\"caption\":\"DYPALL Network\"},\"sameAs\":[\"https:\/\/dypall.com\"],\"url\":\"https:\/\/dypall.com\/es\/author\/dypall\/\"}]}<\/script>\n<!-- \/ Yoast SEO plugin. -->","yoast_head_json":{"title":"#EUInfluencers Large-scale youth event - DYPALL Network","robots":{"index":"index","follow":"follow","max-snippet":"max-snippet:-1","max-image-preview":"max-image-preview:large","max-video-preview":"max-video-preview:-1"},"canonical":"https:\/\/dypall.com\/es\/activity\/euinfluencers-large-scale-youth-event\/","og_locale":"es_ES","og_type":"article","og_title":"#EUInfluencers Large-scale youth event - DYPALL Network","og_description":"The final event of the #EUInfluencers project &#8220;Youth in Action&#8221; took place online on 15th February 2024 at 16:00 (Brussels time), and it celebrated the power of young people in the EU.\u00a0 The event was designed for representatives of CSOs, local authorities, and European institutions, as well as youth workers and youth leaders who wanted&hellip; Seguir leyendo #EUInfluencers Large-scale youth event","og_url":"https:\/\/dypall.com\/es\/activity\/euinfluencers-large-scale-youth-event\/","og_site_name":"DYPALL Network","article_published_time":"2024-03-06T13:06:46+00:00","article_modified_time":"2024-06-06T11:19:27+00:00","og_image":[{"width":2048,"height":1154,"url":"https:\/\/dypall.com\/wp-content\/uploads\/2024\/03\/419242340_796486902515668_4019082474831724415_n-1.jpeg","type":"image\/jpeg"}],"author":"DYPALL Network","twitter_card":"summary_large_image","twitter_misc":{"Written by":"DYPALL Network","Est. reading time":"1 minuto"},"schema":{"@context":"https:\/\/schema.org","@graph":[{"@type":"WebPage","@id":"https:\/\/dypall.com\/activity\/euinfluencers-large-scale-youth-event\/","url":"https:\/\/dypall.com\/activity\/euinfluencers-large-scale-youth-event\/","name":"#EUInfluencers Large-scale youth event - DYPALL Network","isPartOf":{"@id":"https:\/\/dypall.com\/#website"},"primaryImageOfPage":{"@id":"https:\/\/dypall.com\/activity\/euinfluencers-large-scale-youth-event\/#primaryimage"},"image":{"@id":"https:\/\/dypall.com\/activity\/euinfluencers-large-scale-youth-event\/#primaryimage"},"thumbnailUrl":"https:\/\/dypall.com\/wp-content\/uploads\/2024\/03\/419242340_796486902515668_4019082474831724415_n-1.jpeg","datePublished":"2024-03-06T13:06:46+00:00","dateModified":"2024-06-06T11:19:27+00:00","author":{"@id":"https:\/\/dypall.com\/#\/schema\/person\/f92e08aa15c8ba711a9d153129f03377"},"breadcrumb":{"@id":"https:\/\/dypall.com\/activity\/euinfluencers-large-scale-youth-event\/#breadcrumb"},"inLanguage":"es","potentialAction":[{"@type":"ReadAction","target":["https:\/\/dypall.com\/activity\/euinfluencers-large-scale-youth-event\/"]}]},{"@type":"ImageObject","inLanguage":"es","@id":"https:\/\/dypall.com\/activity\/euinfluencers-large-scale-youth-event\/#primaryimage","url":"https:\/\/dypall.com\/wp-content\/uploads\/2024\/03\/419242340_796486902515668_4019082474831724415_n-1.jpeg","contentUrl":"https:\/\/dypall.com\/wp-content\/uploads\/2024\/03\/419242340_796486902515668_4019082474831724415_n-1.jpeg","width":2048,"height":1154},{"@type":"BreadcrumbList","@id":"https:\/\/dypall.com\/activity\/euinfluencers-large-scale-youth-event\/#breadcrumb","itemListElement":[{"@type":"ListItem","position":1,"name":"Home","item":"https:\/\/dypall.com\/"},{"@type":"ListItem","position":2,"name":"#EUInfluencers Large-scale youth event"}]},{"@type":"WebSite","@id":"https:\/\/dypall.com\/#website","url":"https:\/\/dypall.com\/","name":"DYPALL Network","description":"We are a European network of civil society organisations, municipalities and research institutions dedicated to improving democracy through youth participation.","potentialAction":[{"@type":"SearchAction","target":{"@type":"EntryPoint","urlTemplate":"https:\/\/dypall.com\/?s={search_term_string}"},"query-input":"required name=search_term_string"}],"inLanguage":"es"},{"@type":"Person","@id":"https:\/\/dypall.com\/#\/schema\/person\/f92e08aa15c8ba711a9d153129f03377","name":"DYPALL Network","image":{"@type":"ImageObject","inLanguage":"es","@id":"https:\/\/dypall.com\/#\/schema\/person\/image\/","url":"https:\/\/secure.gravatar.com\/avatar\/9c39e299279800c6d69c5e02cf613e7bab060889f373052a03d7ac399e8f0d3c?s=96&d=mm&r=g","contentUrl":"https:\/\/secure.gravatar.com\/avatar\/9c39e299279800c6d69c5e02cf613e7bab060889f373052a03d7ac399e8f0d3c?s=96&d=mm&r=g","caption":"DYPALL Network"},"sameAs":["https:\/\/dypall.com"],"url":"https:\/\/dypall.com\/es\/author\/dypall\/"}]}},"jetpack_featured_media_url":"https:\/\/dypall.com\/wp-content\/uploads\/2024\/03\/419242340_796486902515668_4019082474831724415_n-1.jpeg","jetpack_sharing_enabled":true,"_links":{"self":[{"href":"https:\/\/dypall.com\/es\/wp-json\/wp\/v2\/posts\/6998","targetHints":{"allow":["GET"]}}],"collection":[{"href":"https:\/\/dypall.com\/es\/wp-json\/wp\/v2\/posts"}],"about":[{"href":"https:\/\/dypall.com\/es\/wp-json\/wp\/v2\/types\/post"}],"author":[{"embeddable":true,"href":"https:\/\/dypall.com\/es\/wp-json\/wp\/v2\/users\/1"}],"replies":[{"embeddable":true,"href":"https:\/\/dypall.com\/es\/wp-json\/wp\/v2\/comments?post=6998"}],"version-history":[{"count":2,"href":"https:\/\/dypall.com\/es\/wp-json\/wp\/v2\/posts\/6998\/revisions"}],"predecessor-version":[{"id":7229,"href":"https:\/\/dypall.com\/es\/wp-json\/wp\/v2\/posts\/6998\/revisions\/7229"}],"wp:featuredmedia":[{"embeddable":true,"href":"https:\/\/dypall.com\/es\/wp-json\/wp\/v2\/media\/7134"}],"wp:attachment":[{"href":"https:\/\/dypall.com\/es\/wp-json\/wp\/v2\/media?parent=6998"}],"wp:term":[{"taxonomy":"category","embeddable":true,"href":"https:\/\/dypall.com\/es\/wp-json\/wp\/v2\/categories?post=6998"},{"taxonomy":"post_tag","embeddable":true,"href":"https:\/\/dypall.com\/es\/wp-json\/wp\/v2\/tags?post=6998"}],"curies":[{"name":"wp","href":"https:\/\/api.w.org\/{rel}","templated":true}]}}