{"id":6402,"date":"2023-05-10T16:37:22","date_gmt":"2023-05-10T15:37:22","guid":{"rendered":"https:\/\/dypall.com\/?p=6402"},"modified":"2023-05-10T16:37:22","modified_gmt":"2023-05-10T15:37:22","slug":"youth2europe-youth-meeting","status":"publish","type":"post","link":"https:\/\/dypall.com\/es\/activity\/youth2europe-youth-meeting\/","title":{"rendered":"Youth2EUrope Reuni\u00f3n de la juventud"},"content":{"rendered":"<p>El Youth2EUrope <strong>Reuni\u00f3n de la juventud<\/strong> tuvo lugar del 1 al 7 de mayo de 2023 en Set\u00fabal (Portugal).<\/p>\n<p>Durante la reuni\u00f3n de la Juventud, 25 j\u00f3venes de Croacia, Italia, Lituania y Portugal desarrollaron a\u00fan m\u00e1s sus capacidades de ciudadan\u00eda activa aumentando sus conocimientos sobre <strong>Instituciones de la UE<\/strong>, su <strong>valores<\/strong> y <strong>prioridades<\/strong> y el <strong>proceso de toma de decisiones<\/strong>. Los participantes pondr\u00e1n en pr\u00e1ctica sus conocimientos reci\u00e9n adquiridos mediante la aplicaci\u00f3n de las campa\u00f1as de sensibilizaci\u00f3n sobre la Uni\u00f3n Europea y las elecciones europeas de 2024 desarrolladas durante la reuni\u00f3n de la Juventud.<\/p>\n<p>A trav\u00e9s de campa\u00f1as de sensibilizaci\u00f3n creadas y dirigidas por los j\u00f3venes, el trabajo de promoci\u00f3n estrat\u00e9gica tendr\u00e1 un impacto positivo al hacer o\u00edr su voz y alentar a otros j\u00f3venes a motivarse para convertirse en ciudadanos activos. Mediante la aplicaci\u00f3n de campa\u00f1as de sensibilizaci\u00f3n, los j\u00f3venes llegar\u00e1n a aquellos ciudadanos que necesitan participar m\u00e1s en la participaci\u00f3n c\u00edvica en su vida cotidiana.<\/p>\n<p>Se alcanzaron todos los objetivos espec\u00edficos de la reuni\u00f3n de la Juventud, a saber:<\/p>\n<p>Aumentar los conocimientos de los j\u00f3venes sobre el Parlamento Europeo, la toma de decisiones y sus funciones.<\/p>\n<p>Fomentar la comprensi\u00f3n por parte de los j\u00f3venes de la agenda pol\u00edtica europea, sus prioridades y los procesos de elaboraci\u00f3n de pol\u00edticas.<\/p>\n<p>Inspirar y aumentar la conciencia de los j\u00f3venes de que la clave para definir el futuro de la UE son las opciones de los j\u00f3venes y su participaci\u00f3n activa.<\/p>\n<p>La actividad fue organizada por la Red DYPALL con la cooperaci\u00f3n de Mano Europa y el apoyo del Municipio de Set\u00fabal. Un consorcio de cuatro organizaciones est\u00e1 ejecutando el proyecto Youth2EUrope: <a href=\"https:\/\/manoeuropa.org\/\">Mano Europa<\/a> (Lituania), <a href=\"https:\/\/dkolektiv.hr\/public\/hr\">DKolektiv<\/a> (Croacia), <a href=\"https:\/\/www.glocalfactory.eu\/\">F\u00e1brica de Glocal<\/a> (Italia) y DYPALL Network bajo el programa CERV.<\/p>\n<p><a href=\"https:\/\/dypall.com\/es\/2023\/05\/10\/youth2europe-youth-meeting\/dypall-study-visit_3\/#main\" rel=\"attachment wp-att-6403\"><img loading=\"lazy\" decoding=\"async\" class=\"alignnone size-full wp-image-6403\" src=\"https:\/\/dypall.com\/wp-content\/uploads\/2023\/05\/DYPALL-Study-visit_3.jpg\" alt=\"\" width=\"1773\" height=\"1126\" \/><\/a><\/p>\n<p><a href=\"https:\/\/dypall.com\/es\/2023\/05\/10\/youth2europe-youth-meeting\/y2eu2\/#main\" rel=\"attachment wp-att-6404\"><img loading=\"lazy\" decoding=\"async\" class=\"alignnone size-full wp-image-6404\" src=\"https:\/\/dypall.com\/wp-content\/uploads\/2023\/05\/Y2EU2.jpg\" alt=\"\" width=\"2048\" height=\"2037\" \/><\/a><\/p>\n<p><a href=\"https:\/\/dypall.com\/es\/2023\/05\/10\/youth2europe-youth-meeting\/y2eu3\/#main\" rel=\"attachment wp-att-6405\"><img loading=\"lazy\" decoding=\"async\" class=\"alignnone size-full wp-image-6405\" src=\"https:\/\/dypall.com\/wp-content\/uploads\/2023\/05\/Y2EU3.jpg\" alt=\"\" width=\"2048\" height=\"1445\" \/><\/a><\/p>\n<p><a href=\"https:\/\/dypall.com\/es\/2023\/05\/10\/youth2europe-youth-meeting\/y2eu4\/#main\" rel=\"attachment wp-att-6407\"><img loading=\"lazy\" decoding=\"async\" class=\"alignnone size-full wp-image-6407\" src=\"https:\/\/dypall.com\/wp-content\/uploads\/2023\/05\/Y2EU4.jpg\" alt=\"\" width=\"1301\" height=\"2048\" \/><\/a><\/p>\n<p><a href=\"https:\/\/dypall.com\/es\/2023\/05\/10\/youth2europe-youth-meeting\/y2eu5\/#main\" rel=\"attachment wp-att-6406\"><img loading=\"lazy\" decoding=\"async\" class=\"alignnone size-full wp-image-6406\" src=\"https:\/\/dypall.com\/wp-content\/uploads\/2023\/05\/Y2EU5.jpg\" alt=\"\" width=\"2048\" height=\"1637\" \/><\/a> \u00a0<a href=\"https:\/\/dypall.com\/es\/2023\/05\/10\/youth2europe-youth-meeting\/y2eu1\/#main\" rel=\"attachment wp-att-6408\"><img loading=\"lazy\" decoding=\"async\" class=\"alignnone size-full wp-image-6408\" src=\"https:\/\/dypall.com\/wp-content\/uploads\/2023\/05\/Y2EU1.jpg\" alt=\"\" width=\"2048\" height=\"1569\" \/><\/a><\/p>\n<p><a href=\"https:\/\/dypall.com\/es\/2023\/05\/10\/youth2europe-youth-meeting\/dypall-study-visit_1\/#main\" rel=\"attachment wp-att-6409\"><img loading=\"lazy\" decoding=\"async\" class=\"alignnone size-full wp-image-6409\" src=\"https:\/\/dypall.com\/wp-content\/uploads\/2023\/05\/DYPALL-Study-visit_1.jpg\" alt=\"\" width=\"1690\" height=\"1126\" \/><\/a><\/p>","protected":false},"excerpt":{"rendered":"<p>La reuni\u00f3n Youth2EUrope Youth tuvo lugar del 1 al 7 de mayo de 2023 en Set\u00fabal (Portugal). Durante la reuni\u00f3n de la Juventud, veinticinco j\u00f3venes de Croacia, Italia, Lituania y Portugal siguieron desarrollando capacidades de ciudadan\u00eda activa aumentando sus conocimientos sobre las instituciones de la UE, sus valores y prioridades y el proceso de toma de decisiones. Los participantes pondr\u00e1n sus nuevos... <a class=\"more-link\" href=\"https:\/\/dypall.com\/es\/activity\/youth2europe-youth-meeting\/\">Seguir leyendo <span class=\"screen-reader-text\">Youth2EUrope Reuni\u00f3n de la juventud<\/span><\/a><\/p>","protected":false},"author":2,"featured_media":6409,"comment_status":"closed","ping_status":"open","sticky":false,"template":"","format":"standard","meta":{"_acf_changed":false,"_jetpack_memberships_contains_paid_content":false,"footnotes":""},"categories":[111,152],"tags":[],"class_list":["post-6402","post","type-post","status-publish","format-standard","has-post-thumbnail","hentry","category-activity","category-study-visits","entry"],"acf":[],"yoast_head":"<!-- This site is optimized with the Yoast SEO plugin v22.8 - https:\/\/yoast.com\/wordpress\/plugins\/seo\/ -->\n<title>Youth2EUrope Youth meeting - DYPALL Network<\/title>\n<meta name=\"robots\" content=\"index, follow, max-snippet:-1, max-image-preview:large, max-video-preview:-1\" \/>\n<link rel=\"canonical\" href=\"https:\/\/dypall.com\/es\/activity\/youth2europe-youth-meeting\/\" \/>\n<meta property=\"og:locale\" content=\"es_ES\" \/>\n<meta property=\"og:type\" content=\"article\" \/>\n<meta property=\"og:title\" content=\"Youth2EUrope Youth meeting - DYPALL Network\" \/>\n<meta property=\"og:description\" content=\"The Youth2EUrope Youth meeting took place from 1st \u2013 7th May 2023 in Setubal, Portugal. During the Youth meeting, 25 young people from Croatia, Italy, Lithuania and Portugal further developed skills of active citizenship by increasing their knowledge about EU institutions, its values and priorities and the decision-making process. The participants will put their newly&hellip; Seguir leyendo Youth2EUrope Youth meeting\" \/>\n<meta property=\"og:url\" content=\"https:\/\/dypall.com\/es\/activity\/youth2europe-youth-meeting\/\" \/>\n<meta property=\"og:site_name\" content=\"DYPALL Network\" \/>\n<meta property=\"article:published_time\" content=\"2023-05-10T15:37:22+00:00\" \/>\n<meta name=\"author\" content=\"dypall\" \/>\n<meta name=\"twitter:card\" content=\"summary_large_image\" \/>\n<meta name=\"twitter:label1\" content=\"Written by\" \/>\n\t<meta name=\"twitter:data1\" content=\"dypall\" \/>\n\t<meta name=\"twitter:label2\" content=\"Est. reading time\" \/>\n\t<meta name=\"twitter:data2\" content=\"1 minuto\" \/>\n<script type=\"application\/ld+json\" class=\"yoast-schema-graph\">{\"@context\":\"https:\/\/schema.org\",\"@graph\":[{\"@type\":\"WebPage\",\"@id\":\"https:\/\/dypall.com\/activity\/youth2europe-youth-meeting\/\",\"url\":\"https:\/\/dypall.com\/activity\/youth2europe-youth-meeting\/\",\"name\":\"Youth2EUrope Youth meeting - DYPALL Network\",\"isPartOf\":{\"@id\":\"https:\/\/dypall.com\/#website\"},\"primaryImageOfPage\":{\"@id\":\"https:\/\/dypall.com\/activity\/youth2europe-youth-meeting\/#primaryimage\"},\"image\":{\"@id\":\"https:\/\/dypall.com\/activity\/youth2europe-youth-meeting\/#primaryimage\"},\"thumbnailUrl\":\"\",\"datePublished\":\"2023-05-10T15:37:22+00:00\",\"dateModified\":\"2023-05-10T15:37:22+00:00\",\"author\":{\"@id\":\"https:\/\/dypall.com\/#\/schema\/person\/206350efe851997fcdedef75d118766b\"},\"breadcrumb\":{\"@id\":\"https:\/\/dypall.com\/activity\/youth2europe-youth-meeting\/#breadcrumb\"},\"inLanguage\":\"es\",\"potentialAction\":[{\"@type\":\"ReadAction\",\"target\":[\"https:\/\/dypall.com\/activity\/youth2europe-youth-meeting\/\"]}]},{\"@type\":\"ImageObject\",\"inLanguage\":\"es\",\"@id\":\"https:\/\/dypall.com\/activity\/youth2europe-youth-meeting\/#primaryimage\",\"url\":\"\",\"contentUrl\":\"\"},{\"@type\":\"BreadcrumbList\",\"@id\":\"https:\/\/dypall.com\/activity\/youth2europe-youth-meeting\/#breadcrumb\",\"itemListElement\":[{\"@type\":\"ListItem\",\"position\":1,\"name\":\"Home\",\"item\":\"https:\/\/dypall.com\/\"},{\"@type\":\"ListItem\",\"position\":2,\"name\":\"Youth2EUrope Youth meeting\"}]},{\"@type\":\"WebSite\",\"@id\":\"https:\/\/dypall.com\/#website\",\"url\":\"https:\/\/dypall.com\/\",\"name\":\"DYPALL Network\",\"description\":\"We are a European network of civil society organisations, municipalities and research institutions dedicated to improving democracy through youth participation.\",\"potentialAction\":[{\"@type\":\"SearchAction\",\"target\":{\"@type\":\"EntryPoint\",\"urlTemplate\":\"https:\/\/dypall.com\/?s={search_term_string}\"},\"query-input\":\"required name=search_term_string\"}],\"inLanguage\":\"es\"},{\"@type\":\"Person\",\"@id\":\"https:\/\/dypall.com\/#\/schema\/person\/206350efe851997fcdedef75d118766b\",\"name\":\"dypall\",\"image\":{\"@type\":\"ImageObject\",\"inLanguage\":\"es\",\"@id\":\"https:\/\/dypall.com\/#\/schema\/person\/image\/\",\"url\":\"https:\/\/secure.gravatar.com\/avatar\/14e8d3d8841cd0bdf69915120bcf9fcfac1567f1dc7035664907322ac47efe29?s=96&d=mm&r=g\",\"contentUrl\":\"https:\/\/secure.gravatar.com\/avatar\/14e8d3d8841cd0bdf69915120bcf9fcfac1567f1dc7035664907322ac47efe29?s=96&d=mm&r=g\",\"caption\":\"dypall\"},\"url\":\"https:\/\/dypall.com\/es\/author\/dypall_info\/\"}]}<\/script>\n<!-- \/ Yoast SEO plugin. -->","yoast_head_json":{"title":"Youth2EUrope Youth meeting - DYPALL Network","robots":{"index":"index","follow":"follow","max-snippet":"max-snippet:-1","max-image-preview":"max-image-preview:large","max-video-preview":"max-video-preview:-1"},"canonical":"https:\/\/dypall.com\/es\/activity\/youth2europe-youth-meeting\/","og_locale":"es_ES","og_type":"article","og_title":"Youth2EUrope Youth meeting - DYPALL Network","og_description":"The Youth2EUrope Youth meeting took place from 1st \u2013 7th May 2023 in Setubal, Portugal. During the Youth meeting, 25 young people from Croatia, Italy, Lithuania and Portugal further developed skills of active citizenship by increasing their knowledge about EU institutions, its values and priorities and the decision-making process. The participants will put their newly&hellip; Seguir leyendo Youth2EUrope Youth meeting","og_url":"https:\/\/dypall.com\/es\/activity\/youth2europe-youth-meeting\/","og_site_name":"DYPALL Network","article_published_time":"2023-05-10T15:37:22+00:00","author":"dypall","twitter_card":"summary_large_image","twitter_misc":{"Written by":"dypall","Est. reading time":"1 minuto"},"schema":{"@context":"https:\/\/schema.org","@graph":[{"@type":"WebPage","@id":"https:\/\/dypall.com\/activity\/youth2europe-youth-meeting\/","url":"https:\/\/dypall.com\/activity\/youth2europe-youth-meeting\/","name":"Youth2EUrope Youth meeting - DYPALL Network","isPartOf":{"@id":"https:\/\/dypall.com\/#website"},"primaryImageOfPage":{"@id":"https:\/\/dypall.com\/activity\/youth2europe-youth-meeting\/#primaryimage"},"image":{"@id":"https:\/\/dypall.com\/activity\/youth2europe-youth-meeting\/#primaryimage"},"thumbnailUrl":"","datePublished":"2023-05-10T15:37:22+00:00","dateModified":"2023-05-10T15:37:22+00:00","author":{"@id":"https:\/\/dypall.com\/#\/schema\/person\/206350efe851997fcdedef75d118766b"},"breadcrumb":{"@id":"https:\/\/dypall.com\/activity\/youth2europe-youth-meeting\/#breadcrumb"},"inLanguage":"es","potentialAction":[{"@type":"ReadAction","target":["https:\/\/dypall.com\/activity\/youth2europe-youth-meeting\/"]}]},{"@type":"ImageObject","inLanguage":"es","@id":"https:\/\/dypall.com\/activity\/youth2europe-youth-meeting\/#primaryimage","url":"","contentUrl":""},{"@type":"BreadcrumbList","@id":"https:\/\/dypall.com\/activity\/youth2europe-youth-meeting\/#breadcrumb","itemListElement":[{"@type":"ListItem","position":1,"name":"Home","item":"https:\/\/dypall.com\/"},{"@type":"ListItem","position":2,"name":"Youth2EUrope Youth meeting"}]},{"@type":"WebSite","@id":"https:\/\/dypall.com\/#website","url":"https:\/\/dypall.com\/","name":"DYPALL Network","description":"We are a European network of civil society organisations, municipalities and research institutions dedicated to improving democracy through youth participation.","potentialAction":[{"@type":"SearchAction","target":{"@type":"EntryPoint","urlTemplate":"https:\/\/dypall.com\/?s={search_term_string}"},"query-input":"required name=search_term_string"}],"inLanguage":"es"},{"@type":"Person","@id":"https:\/\/dypall.com\/#\/schema\/person\/206350efe851997fcdedef75d118766b","name":"dypall","image":{"@type":"ImageObject","inLanguage":"es","@id":"https:\/\/dypall.com\/#\/schema\/person\/image\/","url":"https:\/\/secure.gravatar.com\/avatar\/14e8d3d8841cd0bdf69915120bcf9fcfac1567f1dc7035664907322ac47efe29?s=96&d=mm&r=g","contentUrl":"https:\/\/secure.gravatar.com\/avatar\/14e8d3d8841cd0bdf69915120bcf9fcfac1567f1dc7035664907322ac47efe29?s=96&d=mm&r=g","caption":"dypall"},"url":"https:\/\/dypall.com\/es\/author\/dypall_info\/"}]}},"jetpack_featured_media_url":"","jetpack_sharing_enabled":true,"_links":{"self":[{"href":"https:\/\/dypall.com\/es\/wp-json\/wp\/v2\/posts\/6402","targetHints":{"allow":["GET"]}}],"collection":[{"href":"https:\/\/dypall.com\/es\/wp-json\/wp\/v2\/posts"}],"about":[{"href":"https:\/\/dypall.com\/es\/wp-json\/wp\/v2\/types\/post"}],"author":[{"embeddable":true,"href":"https:\/\/dypall.com\/es\/wp-json\/wp\/v2\/users\/2"}],"replies":[{"embeddable":true,"href":"https:\/\/dypall.com\/es\/wp-json\/wp\/v2\/comments?post=6402"}],"version-history":[{"count":0,"href":"https:\/\/dypall.com\/es\/wp-json\/wp\/v2\/posts\/6402\/revisions"}],"wp:featuredmedia":[{"embeddable":true,"href":"https:\/\/dypall.com\/es\/wp-json\/"}],"wp:attachment":[{"href":"https:\/\/dypall.com\/es\/wp-json\/wp\/v2\/media?parent=6402"}],"wp:term":[{"taxonomy":"category","embeddable":true,"href":"https:\/\/dypall.com\/es\/wp-json\/wp\/v2\/categories?post=6402"},{"taxonomy":"post_tag","embeddable":true,"href":"https:\/\/dypall.com\/es\/wp-json\/wp\/v2\/tags?post=6402"}],"curies":[{"name":"wp","href":"https:\/\/api.w.org\/{rel}","templated":true}]}}