{"id":6211,"date":"2022-12-22T15:33:23","date_gmt":"2022-12-22T15:33:23","guid":{"rendered":"https:\/\/dypall.com\/?p=6211"},"modified":"2022-12-22T15:33:23","modified_gmt":"2022-12-22T15:33:23","slug":"youth2europe-project-kick-off","status":"publish","type":"post","link":"https:\/\/dypall.com\/es\/activity\/youth2europe-project-kick-off\/","title":{"rendered":"Puesta en marcha del proyecto \u00abYouth2EUrope\u00bb"},"content":{"rendered":"<p><span style=\"font-weight: 400;\">La primera reuni\u00f3n de socios transnacionales de la<strong>Youth2EUrope\u00bb (Y2EU)<\/strong>\u00a0El proyecto tuvo lugar a partir de 7<\/span><span style=\"font-weight: 400;\">th<\/span><span style=\"font-weight: 400;\"> \u2013 10<\/span><span style=\"font-weight: 400;\">th<\/span><span style=\"font-weight: 400;\"> Diciembre de 2022 en Kaunas (Lituania).<\/span><\/p>\n<p><span style=\"font-weight: 400;\">Esta fue una reuni\u00f3n inicial en la que los socios tuvieron la oportunidad de debatir y planificar las actividades previstas del proyecto que se implementar\u00e1 en los pr\u00f3ximos dos a\u00f1os para familiarizar a los j\u00f3venes con el funcionamiento de las instituciones europeas, centr\u00e1ndose en el Parlamento Europeo y acercando las instituciones a los ciudadanos para los que representan y trabajan.<\/span><\/p>\n<p><span style=\"font-weight: 400;\">El <strong>principal<\/strong> <strong>finalidades<\/strong> del proyecto son:<\/span><\/p>\n<ol>\n<li style=\"font-weight: 400;\" aria-level=\"1\"><span style=\"font-weight: 400;\">contribuir a una generaci\u00f3n pol\u00edticamente m\u00e1s consciente y comprometida analizando los conocimientos de los j\u00f3venes sobre el Parlamento Europeo y el nivel de compromiso pol\u00edtico en los territorios de los socios del proyecto;<\/span><\/li>\n<li style=\"font-weight: 400;\" aria-level=\"1\"><span style=\"font-weight: 400;\">proporcionar conocimientos y espacio para que los j\u00f3venes debatan sobre la democracia, los derechos fundamentales y los valores europeos y expresen sus puntos de vista experimentando el proceso de toma de decisiones a trav\u00e9s de la simulaci\u00f3n del Parlamento Europeo.<\/span><\/li>\n<\/ol>\n<p><span style=\"font-weight: 400;\">Otro objetivo que se centra en las organizaciones juveniles y los trabajadores en el \u00e1mbito de la juventud es proporcionar herramientas a las organizaciones que trabajan para aumentar la participaci\u00f3n de los j\u00f3venes, lo que ayudar\u00eda a educar y hacer crecer a la comunidad juvenil interesada en los asuntos de la UE.<\/span><\/p>\n<p><span style=\"font-weight: 400;\">Un consorcio de cuatro organizaciones est\u00e1 ejecutando el proyecto Y2EU: <a href=\"https:\/\/manoeuropa.org\/\">Mano Europa<\/a> (Lituania), <a href=\"https:\/\/dkolektiv.hr\/public\/hr\">DKolektiv<\/a> (Croacia), <a href=\"https:\/\/www.glocalfactory.eu\/\">F\u00e1brica de Glocal<\/a> (Italia) y DYPALL Network bajo el programa CERV.<\/span><\/p>\n<p><a href=\"https:\/\/dypall.com\/es\/2022\/12\/22\/youth2europe-project-kick-off\/whatsapp-image-2022-12-22-at-15-14-38\/#main\" rel=\"attachment wp-att-6214\"><img loading=\"lazy\" decoding=\"async\" class=\"alignnone size-full wp-image-6214\" src=\"https:\/\/dypall.com\/wp-content\/uploads\/2022\/12\/WhatsApp-Image-2022-12-22-at-15.14.38.jpeg\" alt=\"\" width=\"2048\" height=\"1536\" \/><\/a><\/p>\n<p><a href=\"https:\/\/dypall.com\/es\/2022\/12\/22\/youth2europe-project-kick-off\/whatsapp-image-2022-12-22-at-15-14-38-1\/#main\" rel=\"attachment wp-att-6213\"><img loading=\"lazy\" decoding=\"async\" class=\"alignnone size-full wp-image-6213\" src=\"https:\/\/dypall.com\/wp-content\/uploads\/2022\/12\/WhatsApp-Image-2022-12-22-at-15.14.38-1.jpeg\" alt=\"\" width=\"1536\" height=\"2048\" \/><\/a><\/p>","protected":false},"excerpt":{"rendered":"<p>La primera reuni\u00f3n de socios transnacionales del proyecto \u00abYouth2EUrope\u00bb (Y2EU) tuvo lugar del 7 al 10 de diciembre de 2022 en Kaunas (Lituania). Esta fue una reuni\u00f3n de lanzamiento donde los socios tuvieron la oportunidad de discutir y planificar las actividades previstas del proyecto que se implementar\u00e1n en los pr\u00f3ximos dos a\u00f1os para familiarizar a los j\u00f3venes con el funcionamiento del proyecto. <a class=\"more-link\" href=\"https:\/\/dypall.com\/es\/activity\/youth2europe-project-kick-off\/\">Seguir leyendo <span class=\"screen-reader-text\">Puesta en marcha del proyecto \u00abYouth2EUrope\u00bb<\/span><\/a><\/p>","protected":false},"author":1,"featured_media":6212,"comment_status":"closed","ping_status":"open","sticky":false,"template":"","format":"standard","meta":{"_acf_changed":false,"_jetpack_memberships_contains_paid_content":false,"footnotes":""},"categories":[111],"tags":[],"class_list":["post-6211","post","type-post","status-publish","format-standard","has-post-thumbnail","hentry","category-activity","entry"],"acf":[],"yoast_head":"<!-- This site is optimized with the Yoast SEO plugin v22.8 - https:\/\/yoast.com\/wordpress\/plugins\/seo\/ -->\n<title>&quot;Youth2EUrope&quot; project kick-off - DYPALL Network<\/title>\n<meta name=\"robots\" content=\"index, follow, max-snippet:-1, max-image-preview:large, max-video-preview:-1\" \/>\n<link rel=\"canonical\" href=\"https:\/\/dypall.com\/es\/activity\/youth2europe-project-kick-off\/\" \/>\n<meta property=\"og:locale\" content=\"es_ES\" \/>\n<meta property=\"og:type\" content=\"article\" \/>\n<meta property=\"og:title\" content=\"&quot;Youth2EUrope&quot; project kick-off - DYPALL Network\" \/>\n<meta property=\"og:description\" content=\"The first Transnational partner\u2019s meeting of the &#8220;Youth2EUrope&#8221; (Y2EU)\u00a0project took place from 7th \u2013 10th December 2022 in Kaunas, Lithuania. This was a kick-off meeting where partners had an opportunity to discuss and plan the foreseen activities of the project that will be implemented in the next two years to familiarize youth with the workings&hellip; Seguir leyendo &#8220;Youth2EUrope&#8221; project kick-off\" \/>\n<meta property=\"og:url\" content=\"https:\/\/dypall.com\/es\/activity\/youth2europe-project-kick-off\/\" \/>\n<meta property=\"og:site_name\" content=\"DYPALL Network\" \/>\n<meta property=\"article:published_time\" content=\"2022-12-22T15:33:23+00:00\" \/>\n<meta name=\"author\" content=\"DYPALL Network\" \/>\n<meta name=\"twitter:card\" content=\"summary_large_image\" \/>\n<meta name=\"twitter:label1\" content=\"Written by\" \/>\n\t<meta name=\"twitter:data1\" content=\"DYPALL Network\" \/>\n\t<meta name=\"twitter:label2\" content=\"Est. reading time\" \/>\n\t<meta name=\"twitter:data2\" content=\"1 minuto\" \/>\n<script type=\"application\/ld+json\" class=\"yoast-schema-graph\">{\"@context\":\"https:\/\/schema.org\",\"@graph\":[{\"@type\":\"WebPage\",\"@id\":\"https:\/\/dypall.com\/activity\/youth2europe-project-kick-off\/\",\"url\":\"https:\/\/dypall.com\/activity\/youth2europe-project-kick-off\/\",\"name\":\"\\\"Youth2EUrope\\\" project kick-off - DYPALL Network\",\"isPartOf\":{\"@id\":\"https:\/\/dypall.com\/#website\"},\"primaryImageOfPage\":{\"@id\":\"https:\/\/dypall.com\/activity\/youth2europe-project-kick-off\/#primaryimage\"},\"image\":{\"@id\":\"https:\/\/dypall.com\/activity\/youth2europe-project-kick-off\/#primaryimage\"},\"thumbnailUrl\":\"\",\"datePublished\":\"2022-12-22T15:33:23+00:00\",\"dateModified\":\"2022-12-22T15:33:23+00:00\",\"author\":{\"@id\":\"https:\/\/dypall.com\/#\/schema\/person\/f92e08aa15c8ba711a9d153129f03377\"},\"breadcrumb\":{\"@id\":\"https:\/\/dypall.com\/activity\/youth2europe-project-kick-off\/#breadcrumb\"},\"inLanguage\":\"es\",\"potentialAction\":[{\"@type\":\"ReadAction\",\"target\":[\"https:\/\/dypall.com\/activity\/youth2europe-project-kick-off\/\"]}]},{\"@type\":\"ImageObject\",\"inLanguage\":\"es\",\"@id\":\"https:\/\/dypall.com\/activity\/youth2europe-project-kick-off\/#primaryimage\",\"url\":\"\",\"contentUrl\":\"\"},{\"@type\":\"BreadcrumbList\",\"@id\":\"https:\/\/dypall.com\/activity\/youth2europe-project-kick-off\/#breadcrumb\",\"itemListElement\":[{\"@type\":\"ListItem\",\"position\":1,\"name\":\"Home\",\"item\":\"https:\/\/dypall.com\/\"},{\"@type\":\"ListItem\",\"position\":2,\"name\":\"&#8220;Youth2EUrope&#8221; project kick-off\"}]},{\"@type\":\"WebSite\",\"@id\":\"https:\/\/dypall.com\/#website\",\"url\":\"https:\/\/dypall.com\/\",\"name\":\"DYPALL Network\",\"description\":\"We are a European network of civil society organisations, municipalities and research institutions dedicated to improving democracy through youth participation.\",\"potentialAction\":[{\"@type\":\"SearchAction\",\"target\":{\"@type\":\"EntryPoint\",\"urlTemplate\":\"https:\/\/dypall.com\/?s={search_term_string}\"},\"query-input\":\"required name=search_term_string\"}],\"inLanguage\":\"es\"},{\"@type\":\"Person\",\"@id\":\"https:\/\/dypall.com\/#\/schema\/person\/f92e08aa15c8ba711a9d153129f03377\",\"name\":\"DYPALL Network\",\"image\":{\"@type\":\"ImageObject\",\"inLanguage\":\"es\",\"@id\":\"https:\/\/dypall.com\/#\/schema\/person\/image\/\",\"url\":\"https:\/\/secure.gravatar.com\/avatar\/9c39e299279800c6d69c5e02cf613e7bab060889f373052a03d7ac399e8f0d3c?s=96&d=mm&r=g\",\"contentUrl\":\"https:\/\/secure.gravatar.com\/avatar\/9c39e299279800c6d69c5e02cf613e7bab060889f373052a03d7ac399e8f0d3c?s=96&d=mm&r=g\",\"caption\":\"DYPALL Network\"},\"sameAs\":[\"https:\/\/dypall.com\"],\"url\":\"https:\/\/dypall.com\/es\/author\/dypall\/\"}]}<\/script>\n<!-- \/ Yoast SEO plugin. -->","yoast_head_json":{"title":"\"Youth2EUrope\" project kick-off - DYPALL Network","robots":{"index":"index","follow":"follow","max-snippet":"max-snippet:-1","max-image-preview":"max-image-preview:large","max-video-preview":"max-video-preview:-1"},"canonical":"https:\/\/dypall.com\/es\/activity\/youth2europe-project-kick-off\/","og_locale":"es_ES","og_type":"article","og_title":"\"Youth2EUrope\" project kick-off - DYPALL Network","og_description":"The first Transnational partner\u2019s meeting of the &#8220;Youth2EUrope&#8221; (Y2EU)\u00a0project took place from 7th \u2013 10th December 2022 in Kaunas, Lithuania. This was a kick-off meeting where partners had an opportunity to discuss and plan the foreseen activities of the project that will be implemented in the next two years to familiarize youth with the workings&hellip; Seguir leyendo &#8220;Youth2EUrope&#8221; project kick-off","og_url":"https:\/\/dypall.com\/es\/activity\/youth2europe-project-kick-off\/","og_site_name":"DYPALL Network","article_published_time":"2022-12-22T15:33:23+00:00","author":"DYPALL Network","twitter_card":"summary_large_image","twitter_misc":{"Written by":"DYPALL Network","Est. reading time":"1 minuto"},"schema":{"@context":"https:\/\/schema.org","@graph":[{"@type":"WebPage","@id":"https:\/\/dypall.com\/activity\/youth2europe-project-kick-off\/","url":"https:\/\/dypall.com\/activity\/youth2europe-project-kick-off\/","name":"\"Youth2EUrope\" project kick-off - DYPALL Network","isPartOf":{"@id":"https:\/\/dypall.com\/#website"},"primaryImageOfPage":{"@id":"https:\/\/dypall.com\/activity\/youth2europe-project-kick-off\/#primaryimage"},"image":{"@id":"https:\/\/dypall.com\/activity\/youth2europe-project-kick-off\/#primaryimage"},"thumbnailUrl":"","datePublished":"2022-12-22T15:33:23+00:00","dateModified":"2022-12-22T15:33:23+00:00","author":{"@id":"https:\/\/dypall.com\/#\/schema\/person\/f92e08aa15c8ba711a9d153129f03377"},"breadcrumb":{"@id":"https:\/\/dypall.com\/activity\/youth2europe-project-kick-off\/#breadcrumb"},"inLanguage":"es","potentialAction":[{"@type":"ReadAction","target":["https:\/\/dypall.com\/activity\/youth2europe-project-kick-off\/"]}]},{"@type":"ImageObject","inLanguage":"es","@id":"https:\/\/dypall.com\/activity\/youth2europe-project-kick-off\/#primaryimage","url":"","contentUrl":""},{"@type":"BreadcrumbList","@id":"https:\/\/dypall.com\/activity\/youth2europe-project-kick-off\/#breadcrumb","itemListElement":[{"@type":"ListItem","position":1,"name":"Home","item":"https:\/\/dypall.com\/"},{"@type":"ListItem","position":2,"name":"&#8220;Youth2EUrope&#8221; project kick-off"}]},{"@type":"WebSite","@id":"https:\/\/dypall.com\/#website","url":"https:\/\/dypall.com\/","name":"DYPALL Network","description":"We are a European network of civil society organisations, municipalities and research institutions dedicated to improving democracy through youth participation.","potentialAction":[{"@type":"SearchAction","target":{"@type":"EntryPoint","urlTemplate":"https:\/\/dypall.com\/?s={search_term_string}"},"query-input":"required name=search_term_string"}],"inLanguage":"es"},{"@type":"Person","@id":"https:\/\/dypall.com\/#\/schema\/person\/f92e08aa15c8ba711a9d153129f03377","name":"DYPALL Network","image":{"@type":"ImageObject","inLanguage":"es","@id":"https:\/\/dypall.com\/#\/schema\/person\/image\/","url":"https:\/\/secure.gravatar.com\/avatar\/9c39e299279800c6d69c5e02cf613e7bab060889f373052a03d7ac399e8f0d3c?s=96&d=mm&r=g","contentUrl":"https:\/\/secure.gravatar.com\/avatar\/9c39e299279800c6d69c5e02cf613e7bab060889f373052a03d7ac399e8f0d3c?s=96&d=mm&r=g","caption":"DYPALL Network"},"sameAs":["https:\/\/dypall.com"],"url":"https:\/\/dypall.com\/es\/author\/dypall\/"}]}},"jetpack_featured_media_url":"","jetpack_sharing_enabled":true,"_links":{"self":[{"href":"https:\/\/dypall.com\/es\/wp-json\/wp\/v2\/posts\/6211","targetHints":{"allow":["GET"]}}],"collection":[{"href":"https:\/\/dypall.com\/es\/wp-json\/wp\/v2\/posts"}],"about":[{"href":"https:\/\/dypall.com\/es\/wp-json\/wp\/v2\/types\/post"}],"author":[{"embeddable":true,"href":"https:\/\/dypall.com\/es\/wp-json\/wp\/v2\/users\/1"}],"replies":[{"embeddable":true,"href":"https:\/\/dypall.com\/es\/wp-json\/wp\/v2\/comments?post=6211"}],"version-history":[{"count":0,"href":"https:\/\/dypall.com\/es\/wp-json\/wp\/v2\/posts\/6211\/revisions"}],"wp:featuredmedia":[{"embeddable":true,"href":"https:\/\/dypall.com\/es\/wp-json\/"}],"wp:attachment":[{"href":"https:\/\/dypall.com\/es\/wp-json\/wp\/v2\/media?parent=6211"}],"wp:term":[{"taxonomy":"category","embeddable":true,"href":"https:\/\/dypall.com\/es\/wp-json\/wp\/v2\/categories?post=6211"},{"taxonomy":"post_tag","embeddable":true,"href":"https:\/\/dypall.com\/es\/wp-json\/wp\/v2\/tags?post=6211"}],"curies":[{"name":"wp","href":"https:\/\/api.w.org\/{rel}","templated":true}]}}