{"id":6034,"date":"2022-10-26T15:12:29","date_gmt":"2022-10-26T14:12:29","guid":{"rendered":"https:\/\/dypall.com\/?p=6034"},"modified":"2022-10-26T15:12:29","modified_gmt":"2022-10-26T14:12:29","slug":"fostering-a-culture-of-participation-mainstreaming-local-youth-councils-in-europe-transnational-project-meeting","status":"publish","type":"post","link":"https:\/\/dypall.com\/es\/activity\/fostering-a-culture-of-participation-mainstreaming-local-youth-councils-in-europe-transnational-project-meeting\/","title":{"rendered":"\u00abFomentar una cultura de participaci\u00f3n: Integraci\u00f3n de los consejos locales de la juventud en Europa\u00bb Reuni\u00f3n del proyecto transnacional"},"content":{"rendered":"<p style=\"font-weight: 400;\">La 2a y \u00faltima Reuni\u00f3n de Proyectos Transnacionales del proyecto <em><strong>\u00abFomentar una cultura de participaci\u00f3n: Integraci\u00f3n de los consejos locales de la juventud en Europa\u00bb<\/strong><\/em> tuvo lugar del 18 al 19 de octubre de 2022 en Namur (B\u00e9lgica).<\/p>\n<p style=\"font-weight: 400;\">La reuni\u00f3n fue organizada por CRECCIDE y dio la oportunidad de explorar la <strong>publicaci\u00f3n<\/strong> producido durante el proyecto, evaluar el <strong>diferentes fases<\/strong> y <strong>actividades<\/strong>, y explorar <strong>pr\u00f3ximas oportunidades de cooperaci\u00f3n<\/strong>.<\/p>\n<p style=\"font-weight: 400;\">La publicaci\u00f3n \u00ab<strong><a href=\"https:\/\/u.pcloud.link\/publink\/show?code=XZDXBfVZi9vDzl6qGpjYtK89AOtwH0DxjMUV\" data-saferedirecturl=\"https:\/\/www.google.com\/url?q=https:\/\/u.pcloud.link\/publink\/show?code%3DXZDXBfVZi9vDzl6qGpjYtK89AOtwH0DxjMUV&amp;source=gmail&amp;ust=1667655082973000&amp;usg=AOvVaw0UCToq28-V0hM-NxvmIgDv\">Consejos locales de la juventud: pr\u00e1cticas cartogr\u00e1ficas<\/a><\/strong>\u201d, una colecci\u00f3n de diferentes enfoques, permiti\u00f3 a los cinco pa\u00edses socios reflexionar sobre sus enfoques nacionales, regionales y locales y establecer puentes con otras estructuras y agentes pertinentes. Las pr\u00e1cticas presentadas pretenden mostrar diversas posibilidades, proporcionando ejemplos pr\u00e1cticos de la aplicabilidad, transferibilidad e implementaci\u00f3n de diferentes soluciones y dimensiones, como el n\u00famero de personas involucradas, el promedio de edad, el v\u00ednculo entre la gobernanza local, sus objetivos y los recursos disponibles. Aunque las perspectivas internas recogidas no son una transcripci\u00f3n exhaustiva de las entrevistas, son muy perspicaces en la comprensi\u00f3n de diferentes percepciones y sentimientos con respecto a la misma estructura participativa.<\/p>\n<p style=\"font-weight: 400;\">En el marco del proyecto, una de las actividades fue la<strong><a href=\"https:\/\/u.pcloud.link\/publink\/show?code=XZzJsbVZnpevOT6SFdpzOrL0UVigTfDhLLzV\" data-saferedirecturl=\"https:\/\/www.google.com\/url?q=https:\/\/u.pcloud.link\/publink\/show?code%3DXZzJsbVZnpevOT6SFdpzOrL0UVigTfDhLLzV&amp;source=gmail&amp;ust=1667655082973000&amp;usg=AOvVaw1uhdKuGoAg8qFEYyd44dw8\">Garant\u00eda de calidad en los consejos juveniles locales<\/a><\/strong>\u00abcurso de formaci\u00f3n\u00bb, que tuvo lugar del 2 al 8 de mayo de 2022 en Portim\u00e3o (Portugal). El curso de formaci\u00f3n fue una oportunidad para involucrar a veintitr\u00e9s participantes de los cuatro pa\u00edses socios y cre\u00f3 un espacio digno en el que m\u00e1s de cincuenta personas, j\u00f3venes, trabajadores en el \u00e1mbito de la juventud y responsables de la toma de decisiones compartieron sus conocimientos y opiniones.<\/p>\n<p style=\"font-weight: 400;\">El \u00faltimo d\u00eda, el consorcio a\u00fan ten\u00eda la posibilidad de conocer con m\u00e1s detalle el apoyo prestado por CRECCIDE a los municipios belgas y sus herramientas, enfoques y mecanismos de participaci\u00f3n infantil y juvenil.<\/p>\n<p style=\"font-weight: 400;\">El proyecto fue implementado por DYPALL Network en cooperaci\u00f3n con <a href=\"http:\/\/www.creccide.be\/\">CRECCIDE<\/a><a href=\"http:\/\/www.creccide.be\/\" data-saferedirecturl=\"https:\/\/www.google.com\/url?q=http:\/\/www.creccide.be\/&amp;source=gmail&amp;ust=1667655082973000&amp;usg=AOvVaw2dcLKTBKnwp7JrehkKGSkJ\">\u00a0<\/a>(B\u00e9lgica),\u00a0<a href=\"https:\/\/www.comune.collegno.gov.it\/home\" data-saferedirecturl=\"https:\/\/www.google.com\/url?q=https:\/\/www.comune.collegno.gov.it\/home&amp;source=gmail&amp;ust=1667655082973000&amp;usg=AOvVaw2Kl24KRgn799zsYVqL-yAn\">Citt\u00e0 di Collegno<\/a>\u00a0(Italia),\u00a0<a href=\"https:\/\/www.kzz.hr\/\" data-saferedirecturl=\"https:\/\/www.google.com\/url?q=https:\/\/www.kzz.hr\/&amp;source=gmail&amp;ust=1667655082973000&amp;usg=AOvVaw2sKWU2vh7sZL1T8WDqTUPh\">KRAPINSKO-ZAGORSKA ZUPANIJA<\/a>\u00a0(Croacia) y\u00a0<a href=\"https:\/\/msa.si\/\" data-saferedirecturl=\"https:\/\/www.google.com\/url?q=https:\/\/msa.si\/&amp;source=gmail&amp;ust=1667655082973000&amp;usg=AOvVaw3zr9G6oDK_Tk4HSbCmsbwv\">Mladinski svet Ajdov\u0161\u010dina<\/a> (Eslovenia). Est\u00e1 financiado en el marco del programa Erasmus+ KA2 Intercambio de Buenas Pr\u00e1cticas por el\u00a0<a href=\"https:\/\/www.lebij.be\/\" data-saferedirecturl=\"https:\/\/www.google.com\/url?q=https:\/\/www.lebij.be\/&amp;source=gmail&amp;ust=1667655082973000&amp;usg=AOvVaw1Tmus7HGOoQxW0wCq2sUap\">BIJ \u2013 Bureau International Jaunesse<\/a>\u00a0Agencia nacional.<\/p>\n<p>&nbsp;<\/p>\n<p><a href=\"https:\/\/dypall.com\/es\/2022\/11\/04\/fostering-a-culture-of-participation-mainstreaming-local-youth-councils-in-europe-transnational-project-meeting\/311607478_6768349466513747_133668428425177337_n\/#main\" rel=\"attachment wp-att-6037\"><img loading=\"lazy\" decoding=\"async\" class=\"alignnone size-full wp-image-6037\" src=\"https:\/\/dypall.com\/wp-content\/uploads\/2022\/11\/311607478_6768349466513747_133668428425177337_n.jpeg\" alt=\"\" width=\"1920\" height=\"1440\" \/><\/a><\/p>\n<p><a href=\"https:\/\/dypall.com\/es\/2022\/11\/04\/fostering-a-culture-of-participation-mainstreaming-local-youth-councils-in-europe-transnational-project-meeting\/312090431_6768349366513757_4395357973962703445_n\/#main\" rel=\"attachment wp-att-6036\"><img loading=\"lazy\" decoding=\"async\" class=\"alignnone size-full wp-image-6036\" src=\"https:\/\/dypall.com\/wp-content\/uploads\/2022\/11\/312090431_6768349366513757_4395357973962703445_n.jpeg\" alt=\"\" width=\"1024\" height=\"768\" \/><\/a><\/p>\n<p><a href=\"https:\/\/dypall.com\/es\/2022\/11\/04\/fostering-a-culture-of-participation-mainstreaming-local-youth-councils-in-europe-transnational-project-meeting\/311610525_6768349489847078_3205972627485120589_n\/#main\" rel=\"attachment wp-att-6035\"><img loading=\"lazy\" decoding=\"async\" class=\"alignnone size-full wp-image-6035\" src=\"https:\/\/dypall.com\/wp-content\/uploads\/2022\/11\/311610525_6768349489847078_3205972627485120589_n.jpeg\" alt=\"\" width=\"2048\" height=\"1536\" \/><\/a><\/p>","protected":false},"excerpt":{"rendered":"<p>Segunda y \u00faltima reuni\u00f3n transnacional del proyecto \u00abFomentar una cultura de participaci\u00f3n: Mainstreaming Local Youth Councils in Europe\u00bb se celebr\u00f3 del 18 al 19 de octubre de 2022 en Namur (B\u00e9lgica). La reuni\u00f3n fue organizada por CRECCIDE y dio la oportunidad de explorar la publicaci\u00f3n producida durante el proyecto, evaluar las diferentes fases y... <a class=\"more-link\" href=\"https:\/\/dypall.com\/es\/activity\/fostering-a-culture-of-participation-mainstreaming-local-youth-councils-in-europe-transnational-project-meeting\/\">Seguir leyendo <span class=\"screen-reader-text\">\u00abFomentar una cultura de participaci\u00f3n: Integraci\u00f3n de los consejos locales de la juventud en Europa\u00bb Reuni\u00f3n del proyecto transnacional<\/span><\/a><\/p>","protected":false},"author":1,"featured_media":6037,"comment_status":"closed","ping_status":"open","sticky":false,"template":"","format":"standard","meta":{"_acf_changed":false,"_jetpack_memberships_contains_paid_content":false,"footnotes":""},"categories":[111],"tags":[],"class_list":["post-6034","post","type-post","status-publish","format-standard","has-post-thumbnail","hentry","category-activity","entry"],"acf":[],"yoast_head":"<!-- This site is optimized with the Yoast SEO plugin v22.8 - https:\/\/yoast.com\/wordpress\/plugins\/seo\/ -->\n<title>&quot;Fostering a Culture of Participation: Mainstreaming Local Youth Councils in Europe&quot; Transnational Project Meeting - DYPALL Network<\/title>\n<meta name=\"robots\" content=\"index, follow, max-snippet:-1, max-image-preview:large, max-video-preview:-1\" \/>\n<link rel=\"canonical\" href=\"https:\/\/dypall.com\/es\/activity\/fostering-a-culture-of-participation-mainstreaming-local-youth-councils-in-europe-transnational-project-meeting\/\" \/>\n<meta property=\"og:locale\" content=\"es_ES\" \/>\n<meta property=\"og:type\" content=\"article\" \/>\n<meta property=\"og:title\" content=\"&quot;Fostering a Culture of Participation: Mainstreaming Local Youth Councils in Europe&quot; Transnational Project Meeting - DYPALL Network\" \/>\n<meta property=\"og:description\" content=\"The 2nd and last Transnational Project Meeting of the project &#8220;Fostering a Culture of Participation: Mainstreaming Local Youth Councils in Europe&#8221; took place from 18th &#8211; 19th October 2022 in Namur, Belgium. The meeting was hosted by CRECCIDE and gave the opportunity to explore the publication produced during the project, evaluate the different phases and&hellip; Seguir leyendo &#8220;Fostering a Culture of Participation: Mainstreaming Local Youth Councils in Europe&#8221; Transnational Project Meeting\" \/>\n<meta property=\"og:url\" content=\"https:\/\/dypall.com\/es\/activity\/fostering-a-culture-of-participation-mainstreaming-local-youth-councils-in-europe-transnational-project-meeting\/\" \/>\n<meta property=\"og:site_name\" content=\"DYPALL Network\" \/>\n<meta property=\"article:published_time\" content=\"2022-10-26T14:12:29+00:00\" \/>\n<meta name=\"author\" content=\"DYPALL Network\" \/>\n<meta name=\"twitter:card\" content=\"summary_large_image\" \/>\n<meta name=\"twitter:label1\" content=\"Written by\" \/>\n\t<meta name=\"twitter:data1\" content=\"DYPALL Network\" \/>\n\t<meta name=\"twitter:label2\" content=\"Est. reading time\" \/>\n\t<meta name=\"twitter:data2\" content=\"2 minutos\" \/>\n<script type=\"application\/ld+json\" class=\"yoast-schema-graph\">{\"@context\":\"https:\/\/schema.org\",\"@graph\":[{\"@type\":\"WebPage\",\"@id\":\"https:\/\/dypall.com\/activity\/fostering-a-culture-of-participation-mainstreaming-local-youth-councils-in-europe-transnational-project-meeting\/\",\"url\":\"https:\/\/dypall.com\/activity\/fostering-a-culture-of-participation-mainstreaming-local-youth-councils-in-europe-transnational-project-meeting\/\",\"name\":\"\\\"Fostering a Culture of Participation: Mainstreaming Local Youth Councils in Europe\\\" Transnational Project Meeting - DYPALL Network\",\"isPartOf\":{\"@id\":\"https:\/\/dypall.com\/#website\"},\"primaryImageOfPage\":{\"@id\":\"https:\/\/dypall.com\/activity\/fostering-a-culture-of-participation-mainstreaming-local-youth-councils-in-europe-transnational-project-meeting\/#primaryimage\"},\"image\":{\"@id\":\"https:\/\/dypall.com\/activity\/fostering-a-culture-of-participation-mainstreaming-local-youth-councils-in-europe-transnational-project-meeting\/#primaryimage\"},\"thumbnailUrl\":\"\",\"datePublished\":\"2022-10-26T14:12:29+00:00\",\"dateModified\":\"2022-10-26T14:12:29+00:00\",\"author\":{\"@id\":\"https:\/\/dypall.com\/#\/schema\/person\/f92e08aa15c8ba711a9d153129f03377\"},\"breadcrumb\":{\"@id\":\"https:\/\/dypall.com\/activity\/fostering-a-culture-of-participation-mainstreaming-local-youth-councils-in-europe-transnational-project-meeting\/#breadcrumb\"},\"inLanguage\":\"es\",\"potentialAction\":[{\"@type\":\"ReadAction\",\"target\":[\"https:\/\/dypall.com\/activity\/fostering-a-culture-of-participation-mainstreaming-local-youth-councils-in-europe-transnational-project-meeting\/\"]}]},{\"@type\":\"ImageObject\",\"inLanguage\":\"es\",\"@id\":\"https:\/\/dypall.com\/activity\/fostering-a-culture-of-participation-mainstreaming-local-youth-councils-in-europe-transnational-project-meeting\/#primaryimage\",\"url\":\"\",\"contentUrl\":\"\"},{\"@type\":\"BreadcrumbList\",\"@id\":\"https:\/\/dypall.com\/activity\/fostering-a-culture-of-participation-mainstreaming-local-youth-councils-in-europe-transnational-project-meeting\/#breadcrumb\",\"itemListElement\":[{\"@type\":\"ListItem\",\"position\":1,\"name\":\"Home\",\"item\":\"https:\/\/dypall.com\/\"},{\"@type\":\"ListItem\",\"position\":2,\"name\":\"&#8220;Fostering a Culture of Participation: Mainstreaming Local Youth Councils in Europe&#8221; Transnational Project Meeting\"}]},{\"@type\":\"WebSite\",\"@id\":\"https:\/\/dypall.com\/#website\",\"url\":\"https:\/\/dypall.com\/\",\"name\":\"DYPALL Network\",\"description\":\"We are a European network of civil society organisations, municipalities and research institutions dedicated to improving democracy through youth participation.\",\"potentialAction\":[{\"@type\":\"SearchAction\",\"target\":{\"@type\":\"EntryPoint\",\"urlTemplate\":\"https:\/\/dypall.com\/?s={search_term_string}\"},\"query-input\":\"required name=search_term_string\"}],\"inLanguage\":\"es\"},{\"@type\":\"Person\",\"@id\":\"https:\/\/dypall.com\/#\/schema\/person\/f92e08aa15c8ba711a9d153129f03377\",\"name\":\"DYPALL Network\",\"image\":{\"@type\":\"ImageObject\",\"inLanguage\":\"es\",\"@id\":\"https:\/\/dypall.com\/#\/schema\/person\/image\/\",\"url\":\"https:\/\/secure.gravatar.com\/avatar\/9c39e299279800c6d69c5e02cf613e7bab060889f373052a03d7ac399e8f0d3c?s=96&d=mm&r=g\",\"contentUrl\":\"https:\/\/secure.gravatar.com\/avatar\/9c39e299279800c6d69c5e02cf613e7bab060889f373052a03d7ac399e8f0d3c?s=96&d=mm&r=g\",\"caption\":\"DYPALL Network\"},\"sameAs\":[\"https:\/\/dypall.com\"],\"url\":\"https:\/\/dypall.com\/es\/author\/dypall\/\"}]}<\/script>\n<!-- \/ Yoast SEO plugin. -->","yoast_head_json":{"title":"\"Fostering a Culture of Participation: Mainstreaming Local Youth Councils in Europe\" Transnational Project Meeting - DYPALL Network","robots":{"index":"index","follow":"follow","max-snippet":"max-snippet:-1","max-image-preview":"max-image-preview:large","max-video-preview":"max-video-preview:-1"},"canonical":"https:\/\/dypall.com\/es\/activity\/fostering-a-culture-of-participation-mainstreaming-local-youth-councils-in-europe-transnational-project-meeting\/","og_locale":"es_ES","og_type":"article","og_title":"\"Fostering a Culture of Participation: Mainstreaming Local Youth Councils in Europe\" Transnational Project Meeting - DYPALL Network","og_description":"The 2nd and last Transnational Project Meeting of the project &#8220;Fostering a Culture of Participation: Mainstreaming Local Youth Councils in Europe&#8221; took place from 18th &#8211; 19th October 2022 in Namur, Belgium. The meeting was hosted by CRECCIDE and gave the opportunity to explore the publication produced during the project, evaluate the different phases and&hellip; Seguir leyendo &#8220;Fostering a Culture of Participation: Mainstreaming Local Youth Councils in Europe&#8221; Transnational Project Meeting","og_url":"https:\/\/dypall.com\/es\/activity\/fostering-a-culture-of-participation-mainstreaming-local-youth-councils-in-europe-transnational-project-meeting\/","og_site_name":"DYPALL Network","article_published_time":"2022-10-26T14:12:29+00:00","author":"DYPALL Network","twitter_card":"summary_large_image","twitter_misc":{"Written by":"DYPALL Network","Est. reading time":"2 minutos"},"schema":{"@context":"https:\/\/schema.org","@graph":[{"@type":"WebPage","@id":"https:\/\/dypall.com\/activity\/fostering-a-culture-of-participation-mainstreaming-local-youth-councils-in-europe-transnational-project-meeting\/","url":"https:\/\/dypall.com\/activity\/fostering-a-culture-of-participation-mainstreaming-local-youth-councils-in-europe-transnational-project-meeting\/","name":"\"Fostering a Culture of Participation: Mainstreaming Local Youth Councils in Europe\" Transnational Project Meeting - DYPALL Network","isPartOf":{"@id":"https:\/\/dypall.com\/#website"},"primaryImageOfPage":{"@id":"https:\/\/dypall.com\/activity\/fostering-a-culture-of-participation-mainstreaming-local-youth-councils-in-europe-transnational-project-meeting\/#primaryimage"},"image":{"@id":"https:\/\/dypall.com\/activity\/fostering-a-culture-of-participation-mainstreaming-local-youth-councils-in-europe-transnational-project-meeting\/#primaryimage"},"thumbnailUrl":"","datePublished":"2022-10-26T14:12:29+00:00","dateModified":"2022-10-26T14:12:29+00:00","author":{"@id":"https:\/\/dypall.com\/#\/schema\/person\/f92e08aa15c8ba711a9d153129f03377"},"breadcrumb":{"@id":"https:\/\/dypall.com\/activity\/fostering-a-culture-of-participation-mainstreaming-local-youth-councils-in-europe-transnational-project-meeting\/#breadcrumb"},"inLanguage":"es","potentialAction":[{"@type":"ReadAction","target":["https:\/\/dypall.com\/activity\/fostering-a-culture-of-participation-mainstreaming-local-youth-councils-in-europe-transnational-project-meeting\/"]}]},{"@type":"ImageObject","inLanguage":"es","@id":"https:\/\/dypall.com\/activity\/fostering-a-culture-of-participation-mainstreaming-local-youth-councils-in-europe-transnational-project-meeting\/#primaryimage","url":"","contentUrl":""},{"@type":"BreadcrumbList","@id":"https:\/\/dypall.com\/activity\/fostering-a-culture-of-participation-mainstreaming-local-youth-councils-in-europe-transnational-project-meeting\/#breadcrumb","itemListElement":[{"@type":"ListItem","position":1,"name":"Home","item":"https:\/\/dypall.com\/"},{"@type":"ListItem","position":2,"name":"&#8220;Fostering a Culture of Participation: Mainstreaming Local Youth Councils in Europe&#8221; Transnational Project Meeting"}]},{"@type":"WebSite","@id":"https:\/\/dypall.com\/#website","url":"https:\/\/dypall.com\/","name":"DYPALL Network","description":"We are a European network of civil society organisations, municipalities and research institutions dedicated to improving democracy through youth participation.","potentialAction":[{"@type":"SearchAction","target":{"@type":"EntryPoint","urlTemplate":"https:\/\/dypall.com\/?s={search_term_string}"},"query-input":"required name=search_term_string"}],"inLanguage":"es"},{"@type":"Person","@id":"https:\/\/dypall.com\/#\/schema\/person\/f92e08aa15c8ba711a9d153129f03377","name":"DYPALL Network","image":{"@type":"ImageObject","inLanguage":"es","@id":"https:\/\/dypall.com\/#\/schema\/person\/image\/","url":"https:\/\/secure.gravatar.com\/avatar\/9c39e299279800c6d69c5e02cf613e7bab060889f373052a03d7ac399e8f0d3c?s=96&d=mm&r=g","contentUrl":"https:\/\/secure.gravatar.com\/avatar\/9c39e299279800c6d69c5e02cf613e7bab060889f373052a03d7ac399e8f0d3c?s=96&d=mm&r=g","caption":"DYPALL Network"},"sameAs":["https:\/\/dypall.com"],"url":"https:\/\/dypall.com\/es\/author\/dypall\/"}]}},"jetpack_featured_media_url":"","jetpack_sharing_enabled":true,"_links":{"self":[{"href":"https:\/\/dypall.com\/es\/wp-json\/wp\/v2\/posts\/6034","targetHints":{"allow":["GET"]}}],"collection":[{"href":"https:\/\/dypall.com\/es\/wp-json\/wp\/v2\/posts"}],"about":[{"href":"https:\/\/dypall.com\/es\/wp-json\/wp\/v2\/types\/post"}],"author":[{"embeddable":true,"href":"https:\/\/dypall.com\/es\/wp-json\/wp\/v2\/users\/1"}],"replies":[{"embeddable":true,"href":"https:\/\/dypall.com\/es\/wp-json\/wp\/v2\/comments?post=6034"}],"version-history":[{"count":0,"href":"https:\/\/dypall.com\/es\/wp-json\/wp\/v2\/posts\/6034\/revisions"}],"wp:featuredmedia":[{"embeddable":true,"href":"https:\/\/dypall.com\/es\/wp-json\/"}],"wp:attachment":[{"href":"https:\/\/dypall.com\/es\/wp-json\/wp\/v2\/media?parent=6034"}],"wp:term":[{"taxonomy":"category","embeddable":true,"href":"https:\/\/dypall.com\/es\/wp-json\/wp\/v2\/categories?post=6034"},{"taxonomy":"post_tag","embeddable":true,"href":"https:\/\/dypall.com\/es\/wp-json\/wp\/v2\/tags?post=6034"}],"curies":[{"name":"wp","href":"https:\/\/api.w.org\/{rel}","templated":true}]}}