{"id":5721,"date":"2022-07-26T15:22:36","date_gmt":"2022-07-26T14:22:36","guid":{"rendered":"https:\/\/dypall.com\/?p=5721"},"modified":"2022-07-26T15:22:36","modified_gmt":"2022-07-26T14:22:36","slug":"1-st-transnational-partners-meeting-of-the-project-local-youth-councils-at-international-scale-20-23-07-2022-rabat-morocco","status":"publish","type":"post","link":"https:\/\/dypall.com\/es\/activity\/1-st-transnational-partners-meeting-of-the-project-local-youth-councils-at-international-scale-20-23-07-2022-rabat-morocco\/","title":{"rendered":"Reuni\u00f3n del proyecto \u00abConsejos locales de la juventud a escala internacional\u00bb en Rabat (Marruecos)"},"content":{"rendered":"<p>Del 20 al 23 de julio, la Red DYPALL encabez\u00f3 la primera Reuni\u00f3n de Socios Transnacionales de la <strong>proyecto \u00abConsejos locales de la juventud a escala internacional\u00bb<\/strong>. La reuni\u00f3n tuvo lugar en Rabat, Marruecos, y fue organizada por el Foro de la Juventud Marroqu\u00ed para el 3er Milenio.<\/p>\n<p>Fue una oportunidad para que los socios:<br \/>\n\u2013 conocerse en persona,<br \/>\n\u2013 informaci\u00f3n actualizada sobre el estado del proyecto, incluida la evoluci\u00f3n reciente del proyecto, como la <strong>Conferencia inicial en l\u00ednea \u00abConsejos locales de la juventud a escala internacional\u00bb<\/strong>,<br \/>\n\u2013 planificar en detalle las siguientes actividades del proyecto, incluida la convocatoria del grupo de expertos sobre consejos locales de la juventud, la finalizaci\u00f3n del estudio bibliogr\u00e1fico y el inicio de la cartograf\u00eda de buenas pr\u00e1cticas sobre consejos locales de la juventud en los pa\u00edses del proyecto,<br \/>\n\u2013 debatir las cuestiones administrativas, el plan de difusi\u00f3n y la estrategia de seguimiento.<\/p>\n<p>Proyecto \u00ab<em>Consejos Juveniles Locales a Escala Internacional<\/em>\u201d se centra en el <strong>calidad del trabajo en el \u00e1mbito de la juventud a nivel internacional<\/strong> en t\u00e9rminos de an\u00e1lisis y aumento de la<strong> capacidades<\/strong> y <strong>posibilidades<\/strong> de trabajadores en el \u00e1mbito de la juventud procedentes de organizaciones de la sociedad civil y municipios <strong>involucrar a los j\u00f3venes <\/strong>en los procesos de toma de decisiones a nivel local <strong>a trav\u00e9s de los consejos locales de la juventud<\/strong> y <strong>equipar a los j\u00f3venes<\/strong> con las habilidades y competencias para una participaci\u00f3n de calidad.<\/p>\n<p>El proyecto est\u00e1 coordinado por DYPALL Network en colaboraci\u00f3n con <a href=\"https:\/\/www.europiamo.org\/\">Europiamo ETS<\/a> (Italia), <a href=\"https:\/\/youthonboard.com.mk\/\">Juventud a bordo<\/a> (Macedonia del Norte), <a href=\"https:\/\/ysfi.ps\/En\/index.php\/en\/#\">Instituto del Foro Estudiantil<\/a> (Palestina), <a href=\"https:\/\/www.facebook.com\/fjmtm\">Foro de la Juventud Marroqu\u00ed para el 3er Milenio<\/a> (Marruecos), <a href=\"https:\/\/www.facebook.com\/Fhird.tn\/\">Instituto Farhat Hached para Investigaci\u00f3n y Democracia<\/a> (T\u00fanez). Se financia con cargo a la <strong>Programa Erasmus+ de desarrollo de capacidades en el \u00e1mbito de la juventud<\/strong> por el <strong>Agencia Ejecutiva Europea de Educaci\u00f3n y Cultura.<\/strong><\/p>\n<p><a href=\"https:\/\/dypall.com\/es\/2022\/07\/26\/1-st-transnational-partners-meeting-of-the-project-local-youth-councils-at-international-scale-20-23-07-2022-rabat-morocco\/img-20220721-wa0030\/#main\" rel=\"attachment wp-att-5730\"><br \/>\n<img loading=\"lazy\" decoding=\"async\" class=\"alignleft size-full wp-image-5730\" src=\"https:\/\/dypall.com\/wp-content\/uploads\/2022\/07\/IMG-20220721-WA0030.jpg\" alt=\"\" width=\"2048\" height=\"1536\" \/><\/a> <a href=\"https:\/\/dypall.com\/es\/2022\/07\/26\/1-st-transnational-partners-meeting-of-the-project-local-youth-councils-at-international-scale-20-23-07-2022-rabat-morocco\/img-20220721-wa0054\/#main\" rel=\"attachment wp-att-5729\"><img loading=\"lazy\" decoding=\"async\" class=\"alignleft size-full wp-image-5729\" src=\"https:\/\/dypall.com\/wp-content\/uploads\/2022\/07\/IMG-20220721-WA0054.jpg\" alt=\"\" width=\"1536\" height=\"2048\" \/><\/a> <a href=\"https:\/\/dypall.com\/es\/2022\/07\/26\/1-st-transnational-partners-meeting-of-the-project-local-youth-councils-at-international-scale-20-23-07-2022-rabat-morocco\/img-20220721-wa0045\/#main\" rel=\"attachment wp-att-5728\"><img loading=\"lazy\" decoding=\"async\" class=\"alignleft size-full wp-image-5728\" src=\"https:\/\/dypall.com\/wp-content\/uploads\/2022\/07\/IMG-20220721-WA0045.jpg\" alt=\"\" width=\"2048\" height=\"1536\" \/><\/a> <a href=\"https:\/\/dypall.com\/es\/2022\/07\/26\/1-st-transnational-partners-meeting-of-the-project-local-youth-councils-at-international-scale-20-23-07-2022-rabat-morocco\/img-20220723-wa0042\/#main\" rel=\"attachment wp-att-5727\"><img loading=\"lazy\" decoding=\"async\" class=\"alignleft size-full wp-image-5727\" src=\"https:\/\/dypall.com\/wp-content\/uploads\/2022\/07\/IMG-20220723-WA0042.jpg\" alt=\"\" width=\"1536\" height=\"2048\" \/><\/a> <a href=\"https:\/\/dypall.com\/es\/2022\/07\/26\/1-st-transnational-partners-meeting-of-the-project-local-youth-councils-at-international-scale-20-23-07-2022-rabat-morocco\/img-20220721-wa0026\/#main\" rel=\"attachment wp-att-5731\"><img loading=\"lazy\" decoding=\"async\" class=\"alignleft size-full wp-image-5731\" src=\"https:\/\/dypall.com\/wp-content\/uploads\/2022\/07\/IMG-20220721-WA0026.jpg\" alt=\"\" width=\"1536\" height=\"2048\" \/><\/a> <a href=\"https:\/\/dypall.com\/es\/2022\/07\/26\/1-st-transnational-partners-meeting-of-the-project-local-youth-councils-at-international-scale-20-23-07-2022-rabat-morocco\/img-20220723-wa0019\/#main\" rel=\"attachment wp-att-5725\"><img loading=\"lazy\" decoding=\"async\" class=\"alignleft size-full wp-image-5725\" src=\"https:\/\/dypall.com\/wp-content\/uploads\/2022\/07\/IMG-20220723-WA0019.jpg\" alt=\"\" width=\"2048\" height=\"1536\" \/><\/a> <a href=\"https:\/\/dypall.com\/es\/2022\/07\/26\/1-st-transnational-partners-meeting-of-the-project-local-youth-councils-at-international-scale-20-23-07-2022-rabat-morocco\/img-20220723-wa0024\/#main\" rel=\"attachment wp-att-5724\"><img loading=\"lazy\" decoding=\"async\" class=\"alignleft size-full wp-image-5724\" src=\"https:\/\/dypall.com\/wp-content\/uploads\/2022\/07\/IMG-20220723-WA0024.jpg\" alt=\"\" width=\"2048\" height=\"1536\" \/><\/a> <a href=\"https:\/\/dypall.com\/es\/2022\/07\/26\/1-st-transnational-partners-meeting-of-the-project-local-youth-councils-at-international-scale-20-23-07-2022-rabat-morocco\/img-20220723-wa0025\/#main\" rel=\"attachment wp-att-5723\"><img loading=\"lazy\" decoding=\"async\" class=\"alignleft size-full wp-image-5723\" src=\"https:\/\/dypall.com\/wp-content\/uploads\/2022\/07\/IMG-20220723-WA0025.jpg\" alt=\"\" width=\"1536\" height=\"2048\" \/><\/a> <a href=\"https:\/\/dypall.com\/es\/2022\/07\/26\/1-st-transnational-partners-meeting-of-the-project-local-youth-councils-at-international-scale-20-23-07-2022-rabat-morocco\/img-20220723-wa0014\/#main\" rel=\"attachment wp-att-5726\"><img loading=\"lazy\" decoding=\"async\" class=\"alignleft size-full wp-image-5726\" src=\"https:\/\/dypall.com\/wp-content\/uploads\/2022\/07\/IMG-20220723-WA0014.jpg\" alt=\"\" width=\"1536\" height=\"2048\" \/><\/a><\/p>","protected":false},"excerpt":{"rendered":"<p>Los d\u00edas 20 y 23 de julio, la Red DYPALL dirigi\u00f3 la primera reuni\u00f3n de socios transnacionales del proyecto \u00abConsejos locales de la juventud a escala internacional\u00bb. La reuni\u00f3n tuvo lugar en Rabat, Marruecos, y fue organizada por el Foro de la Juventud Marroqu\u00ed para el 3er Milenio. Fue una oportunidad para que los socios: \u2013 conocerse en... <a class=\"more-link\" href=\"https:\/\/dypall.com\/es\/activity\/1-st-transnational-partners-meeting-of-the-project-local-youth-councils-at-international-scale-20-23-07-2022-rabat-morocco\/\">Seguir leyendo <span class=\"screen-reader-text\">Reuni\u00f3n del proyecto \u00abConsejos locales de la juventud a escala internacional\u00bb en Rabat (Marruecos)<\/span><\/a><\/p>","protected":false},"author":2,"featured_media":5722,"comment_status":"closed","ping_status":"open","sticky":false,"template":"","format":"standard","meta":{"_acf_changed":false,"_jetpack_memberships_contains_paid_content":false,"footnotes":""},"categories":[111],"tags":[],"class_list":["post-5721","post","type-post","status-publish","format-standard","has-post-thumbnail","hentry","category-activity","entry"],"acf":[],"yoast_head":"<!-- This site is optimized with the Yoast SEO plugin v22.8 - https:\/\/yoast.com\/wordpress\/plugins\/seo\/ -->\n<title>\u201cLocal Youth Councils at International Scale\u201d Project Meeting in Rabat, Morocco - DYPALL Network<\/title>\n<meta name=\"robots\" content=\"index, follow, max-snippet:-1, max-image-preview:large, max-video-preview:-1\" \/>\n<link rel=\"canonical\" href=\"https:\/\/dypall.com\/es\/activity\/1-st-transnational-partners-meeting-of-the-project-local-youth-councils-at-international-scale-20-23-07-2022-rabat-morocco\/\" \/>\n<meta property=\"og:locale\" content=\"es_ES\" \/>\n<meta property=\"og:type\" content=\"article\" \/>\n<meta property=\"og:title\" content=\"\u201cLocal Youth Councils at International Scale\u201d Project Meeting in Rabat, Morocco - DYPALL Network\" \/>\n<meta property=\"og:description\" content=\"On the 20-23 July, DYPALL Network led the first Transnational Partners Meeting of the project &#8220;Local Youth Councils at International Scale&#8221;. The meeting took place in Rabat, Morocco, and was hosted by the Moroccan Youth Forum for the 3rd Millenium. It was an opportunity for the partners to: &#8211; get to know each other in&hellip; Seguir leyendo \u201cLocal Youth Councils at International Scale\u201d Project Meeting in Rabat, Morocco\" \/>\n<meta property=\"og:url\" content=\"https:\/\/dypall.com\/es\/activity\/1-st-transnational-partners-meeting-of-the-project-local-youth-councils-at-international-scale-20-23-07-2022-rabat-morocco\/\" \/>\n<meta property=\"og:site_name\" content=\"DYPALL Network\" \/>\n<meta property=\"article:published_time\" content=\"2022-07-26T14:22:36+00:00\" \/>\n<meta name=\"author\" content=\"dypall\" \/>\n<meta name=\"twitter:card\" content=\"summary_large_image\" \/>\n<meta name=\"twitter:label1\" content=\"Written by\" \/>\n\t<meta name=\"twitter:data1\" content=\"dypall\" \/>\n\t<meta name=\"twitter:label2\" content=\"Est. reading time\" \/>\n\t<meta name=\"twitter:data2\" content=\"1 minuto\" \/>\n<script type=\"application\/ld+json\" class=\"yoast-schema-graph\">{\"@context\":\"https:\/\/schema.org\",\"@graph\":[{\"@type\":\"WebPage\",\"@id\":\"https:\/\/dypall.com\/activity\/1-st-transnational-partners-meeting-of-the-project-local-youth-councils-at-international-scale-20-23-07-2022-rabat-morocco\/\",\"url\":\"https:\/\/dypall.com\/activity\/1-st-transnational-partners-meeting-of-the-project-local-youth-councils-at-international-scale-20-23-07-2022-rabat-morocco\/\",\"name\":\"\u201cLocal Youth Councils at International Scale\u201d Project Meeting in Rabat, Morocco - DYPALL Network\",\"isPartOf\":{\"@id\":\"https:\/\/dypall.com\/#website\"},\"primaryImageOfPage\":{\"@id\":\"https:\/\/dypall.com\/activity\/1-st-transnational-partners-meeting-of-the-project-local-youth-councils-at-international-scale-20-23-07-2022-rabat-morocco\/#primaryimage\"},\"image\":{\"@id\":\"https:\/\/dypall.com\/activity\/1-st-transnational-partners-meeting-of-the-project-local-youth-councils-at-international-scale-20-23-07-2022-rabat-morocco\/#primaryimage\"},\"thumbnailUrl\":\"\",\"datePublished\":\"2022-07-26T14:22:36+00:00\",\"dateModified\":\"2022-07-26T14:22:36+00:00\",\"author\":{\"@id\":\"https:\/\/dypall.com\/#\/schema\/person\/206350efe851997fcdedef75d118766b\"},\"breadcrumb\":{\"@id\":\"https:\/\/dypall.com\/activity\/1-st-transnational-partners-meeting-of-the-project-local-youth-councils-at-international-scale-20-23-07-2022-rabat-morocco\/#breadcrumb\"},\"inLanguage\":\"es\",\"potentialAction\":[{\"@type\":\"ReadAction\",\"target\":[\"https:\/\/dypall.com\/activity\/1-st-transnational-partners-meeting-of-the-project-local-youth-councils-at-international-scale-20-23-07-2022-rabat-morocco\/\"]}]},{\"@type\":\"ImageObject\",\"inLanguage\":\"es\",\"@id\":\"https:\/\/dypall.com\/activity\/1-st-transnational-partners-meeting-of-the-project-local-youth-councils-at-international-scale-20-23-07-2022-rabat-morocco\/#primaryimage\",\"url\":\"\",\"contentUrl\":\"\"},{\"@type\":\"BreadcrumbList\",\"@id\":\"https:\/\/dypall.com\/activity\/1-st-transnational-partners-meeting-of-the-project-local-youth-councils-at-international-scale-20-23-07-2022-rabat-morocco\/#breadcrumb\",\"itemListElement\":[{\"@type\":\"ListItem\",\"position\":1,\"name\":\"Home\",\"item\":\"https:\/\/dypall.com\/\"},{\"@type\":\"ListItem\",\"position\":2,\"name\":\"\u201cLocal Youth Councils at International Scale\u201d Project Meeting in Rabat, Morocco\"}]},{\"@type\":\"WebSite\",\"@id\":\"https:\/\/dypall.com\/#website\",\"url\":\"https:\/\/dypall.com\/\",\"name\":\"DYPALL Network\",\"description\":\"We are a European network of civil society organisations, municipalities and research institutions dedicated to improving democracy through youth participation.\",\"potentialAction\":[{\"@type\":\"SearchAction\",\"target\":{\"@type\":\"EntryPoint\",\"urlTemplate\":\"https:\/\/dypall.com\/?s={search_term_string}\"},\"query-input\":\"required name=search_term_string\"}],\"inLanguage\":\"es\"},{\"@type\":\"Person\",\"@id\":\"https:\/\/dypall.com\/#\/schema\/person\/206350efe851997fcdedef75d118766b\",\"name\":\"dypall\",\"image\":{\"@type\":\"ImageObject\",\"inLanguage\":\"es\",\"@id\":\"https:\/\/dypall.com\/#\/schema\/person\/image\/\",\"url\":\"https:\/\/secure.gravatar.com\/avatar\/14e8d3d8841cd0bdf69915120bcf9fcfac1567f1dc7035664907322ac47efe29?s=96&d=mm&r=g\",\"contentUrl\":\"https:\/\/secure.gravatar.com\/avatar\/14e8d3d8841cd0bdf69915120bcf9fcfac1567f1dc7035664907322ac47efe29?s=96&d=mm&r=g\",\"caption\":\"dypall\"},\"url\":\"https:\/\/dypall.com\/es\/author\/dypall_info\/\"}]}<\/script>\n<!-- \/ Yoast SEO plugin. -->","yoast_head_json":{"title":"\u201cLocal Youth Councils at International Scale\u201d Project Meeting in Rabat, Morocco - DYPALL Network","robots":{"index":"index","follow":"follow","max-snippet":"max-snippet:-1","max-image-preview":"max-image-preview:large","max-video-preview":"max-video-preview:-1"},"canonical":"https:\/\/dypall.com\/es\/activity\/1-st-transnational-partners-meeting-of-the-project-local-youth-councils-at-international-scale-20-23-07-2022-rabat-morocco\/","og_locale":"es_ES","og_type":"article","og_title":"\u201cLocal Youth Councils at International Scale\u201d Project Meeting in Rabat, Morocco - DYPALL Network","og_description":"On the 20-23 July, DYPALL Network led the first Transnational Partners Meeting of the project &#8220;Local Youth Councils at International Scale&#8221;. The meeting took place in Rabat, Morocco, and was hosted by the Moroccan Youth Forum for the 3rd Millenium. It was an opportunity for the partners to: &#8211; get to know each other in&hellip; Seguir leyendo \u201cLocal Youth Councils at International Scale\u201d Project Meeting in Rabat, Morocco","og_url":"https:\/\/dypall.com\/es\/activity\/1-st-transnational-partners-meeting-of-the-project-local-youth-councils-at-international-scale-20-23-07-2022-rabat-morocco\/","og_site_name":"DYPALL Network","article_published_time":"2022-07-26T14:22:36+00:00","author":"dypall","twitter_card":"summary_large_image","twitter_misc":{"Written by":"dypall","Est. reading time":"1 minuto"},"schema":{"@context":"https:\/\/schema.org","@graph":[{"@type":"WebPage","@id":"https:\/\/dypall.com\/activity\/1-st-transnational-partners-meeting-of-the-project-local-youth-councils-at-international-scale-20-23-07-2022-rabat-morocco\/","url":"https:\/\/dypall.com\/activity\/1-st-transnational-partners-meeting-of-the-project-local-youth-councils-at-international-scale-20-23-07-2022-rabat-morocco\/","name":"\u201cLocal Youth Councils at International Scale\u201d Project Meeting in Rabat, Morocco - DYPALL Network","isPartOf":{"@id":"https:\/\/dypall.com\/#website"},"primaryImageOfPage":{"@id":"https:\/\/dypall.com\/activity\/1-st-transnational-partners-meeting-of-the-project-local-youth-councils-at-international-scale-20-23-07-2022-rabat-morocco\/#primaryimage"},"image":{"@id":"https:\/\/dypall.com\/activity\/1-st-transnational-partners-meeting-of-the-project-local-youth-councils-at-international-scale-20-23-07-2022-rabat-morocco\/#primaryimage"},"thumbnailUrl":"","datePublished":"2022-07-26T14:22:36+00:00","dateModified":"2022-07-26T14:22:36+00:00","author":{"@id":"https:\/\/dypall.com\/#\/schema\/person\/206350efe851997fcdedef75d118766b"},"breadcrumb":{"@id":"https:\/\/dypall.com\/activity\/1-st-transnational-partners-meeting-of-the-project-local-youth-councils-at-international-scale-20-23-07-2022-rabat-morocco\/#breadcrumb"},"inLanguage":"es","potentialAction":[{"@type":"ReadAction","target":["https:\/\/dypall.com\/activity\/1-st-transnational-partners-meeting-of-the-project-local-youth-councils-at-international-scale-20-23-07-2022-rabat-morocco\/"]}]},{"@type":"ImageObject","inLanguage":"es","@id":"https:\/\/dypall.com\/activity\/1-st-transnational-partners-meeting-of-the-project-local-youth-councils-at-international-scale-20-23-07-2022-rabat-morocco\/#primaryimage","url":"","contentUrl":""},{"@type":"BreadcrumbList","@id":"https:\/\/dypall.com\/activity\/1-st-transnational-partners-meeting-of-the-project-local-youth-councils-at-international-scale-20-23-07-2022-rabat-morocco\/#breadcrumb","itemListElement":[{"@type":"ListItem","position":1,"name":"Home","item":"https:\/\/dypall.com\/"},{"@type":"ListItem","position":2,"name":"\u201cLocal Youth Councils at International Scale\u201d Project Meeting in Rabat, Morocco"}]},{"@type":"WebSite","@id":"https:\/\/dypall.com\/#website","url":"https:\/\/dypall.com\/","name":"DYPALL Network","description":"We are a European network of civil society organisations, municipalities and research institutions dedicated to improving democracy through youth participation.","potentialAction":[{"@type":"SearchAction","target":{"@type":"EntryPoint","urlTemplate":"https:\/\/dypall.com\/?s={search_term_string}"},"query-input":"required name=search_term_string"}],"inLanguage":"es"},{"@type":"Person","@id":"https:\/\/dypall.com\/#\/schema\/person\/206350efe851997fcdedef75d118766b","name":"dypall","image":{"@type":"ImageObject","inLanguage":"es","@id":"https:\/\/dypall.com\/#\/schema\/person\/image\/","url":"https:\/\/secure.gravatar.com\/avatar\/14e8d3d8841cd0bdf69915120bcf9fcfac1567f1dc7035664907322ac47efe29?s=96&d=mm&r=g","contentUrl":"https:\/\/secure.gravatar.com\/avatar\/14e8d3d8841cd0bdf69915120bcf9fcfac1567f1dc7035664907322ac47efe29?s=96&d=mm&r=g","caption":"dypall"},"url":"https:\/\/dypall.com\/es\/author\/dypall_info\/"}]}},"jetpack_featured_media_url":"","jetpack_sharing_enabled":true,"_links":{"self":[{"href":"https:\/\/dypall.com\/es\/wp-json\/wp\/v2\/posts\/5721","targetHints":{"allow":["GET"]}}],"collection":[{"href":"https:\/\/dypall.com\/es\/wp-json\/wp\/v2\/posts"}],"about":[{"href":"https:\/\/dypall.com\/es\/wp-json\/wp\/v2\/types\/post"}],"author":[{"embeddable":true,"href":"https:\/\/dypall.com\/es\/wp-json\/wp\/v2\/users\/2"}],"replies":[{"embeddable":true,"href":"https:\/\/dypall.com\/es\/wp-json\/wp\/v2\/comments?post=5721"}],"version-history":[{"count":0,"href":"https:\/\/dypall.com\/es\/wp-json\/wp\/v2\/posts\/5721\/revisions"}],"wp:featuredmedia":[{"embeddable":true,"href":"https:\/\/dypall.com\/es\/wp-json\/"}],"wp:attachment":[{"href":"https:\/\/dypall.com\/es\/wp-json\/wp\/v2\/media?parent=5721"}],"wp:term":[{"taxonomy":"category","embeddable":true,"href":"https:\/\/dypall.com\/es\/wp-json\/wp\/v2\/categories?post=5721"},{"taxonomy":"post_tag","embeddable":true,"href":"https:\/\/dypall.com\/es\/wp-json\/wp\/v2\/tags?post=5721"}],"curies":[{"name":"wp","href":"https:\/\/api.w.org\/{rel}","templated":true}]}}