{"id":5620,"date":"2022-06-06T13:56:40","date_gmt":"2022-06-06T12:56:40","guid":{"rendered":"https:\/\/dypall.com\/?p=5620"},"modified":"2022-06-06T13:56:40","modified_gmt":"2022-06-06T12:56:40","slug":"final-conference-of-the-project-migrant-children-and-communities-in-a-transforming-europe-ljubljana-slovenia","status":"publish","type":"post","link":"https:\/\/dypall.com\/es\/conference\/final-conference-of-the-project-migrant-children-and-communities-in-a-transforming-europe-ljubljana-slovenia\/","title":{"rendered":"Conferencia final del proyecto \u00abNi\u00f1os migrantes y comunidades en una Europa en transformaci\u00f3n\u00bb (Ljubljana, Eslovenia)"},"content":{"rendered":"<div><\/div>\n<div dir=\"auto\">\n<p>Los d\u00edas 2 y 3 de junio, en Liubliana (Eslovenia), la red DYPALL particip\u00f3 en la conferencia final del proyecto \u00abMigrant Children and Communities in a Transforming Europe\u00bb (MiCreate), en la que casi 80 investigadores de toda Europa tuvieron la oportunidad de compartir los resultados de su investigaci\u00f3n sobre la inclusi\u00f3n de los ni\u00f1os migrantes. Tambi\u00e9n fue una oportunidad para cerrar este proyecto de 3 a\u00f1os, resumir sus resultados y planificar posibles actividades de seguimiento.<\/p>\n<p>Todos los resultados del proyecto est\u00e1n disponibles en el sitio web del proyecto (<a href=\"http:\/\/micreate.eu\">micreate.eu<\/a>), entre otros:<\/p>\n<ul>\n<li><a href=\"https:\/\/www.micreate.eu\/index.php\/policy-lab\/\">Informes y recomendaciones sobre pol\u00edticas europeas y nacionales<\/a><\/li>\n<li><a href=\"https:\/\/www.micreate.eu\/index.php\/integration-lab\/\">herramientas pr\u00e1cticas para profesores: manual con buenas pr\u00e1cticas y aplicaciones digitales para la educaci\u00f3n inclusiva<\/a><\/li>\n<li><a href=\"https:\/\/www.micreate.eu\/index.php\/reports\/\">informes sobre el estado de la t\u00e9cnica, las comunidades de acogida, las comunidades educativas y los sistemas escolares o el trabajo de campo en las escuelas<\/a><\/li>\n<\/ul>\n<p>El proyecto MiCreate tiene como objetivo estimular la inclusi\u00f3n de diversos grupos de ni\u00f1os migrantes mediante la adopci\u00f3n de un enfoque centrado en los ni\u00f1os para la integraci\u00f3n de los ni\u00f1os migrantes en los niveles educativo y de pol\u00edticas. Se ha implementado como un proyecto Horizonte 2020 por un consorcio de 15 socios europeos liderados por <a href=\"https:\/\/www.facebook.com\/zrskp?__cft__[0]=AZXUsN8sA7LrYeDiOcTNh08JgNXBSLDZk8VRKbnBsZXrQZAGuf9inViM_jz4TdG-elA4SDzKlducPlaAgfcbX9yl2yoaLsmfVOn3GquEx5iX56y3-yg-y4t6bFT5o6qS5zSHWx6OsWbrkcRrPY3OOHy-TfO_gcj2dh0hlOiXR8I2o8znc4Y2cV-1i-C9BFs9JB3zGTmm4oSSpUQYsM3ullpW&amp;__tn__=-]K-R\">Znanstveno-raziskovalno sredi\u0161\u010de Koper,<\/a> y se bas\u00f3 en investigaciones de campo en 10 pa\u00edses y decenas de centros educativos. La mayor innovaci\u00f3n del proyecto fue el ENFOQUE CENTRADO EN EL NI\u00d1O en todas las actividades de investigaci\u00f3n.<\/p>\n<p>\u00bfQu\u00e9 es un enfoque centrado en el ni\u00f1o? Se trata de una metodolog\u00eda de investigaci\u00f3n que:<\/p>\n<ul>\n<li>Se centra en los ni\u00f1os (no en los ni\u00f1os como futuros adultos), con el enfoque en su bienestar y participaci\u00f3n,<\/li>\n<li>Centrarse en c\u00f3mo los ni\u00f1os experimentan y describen sus propias vidas, lo que es importante para ellos, c\u00f3mo entienden la integraci\u00f3n \/ bienestar y lo que es importante para ellos en este proceso,<\/li>\n<li>Incluye las voces y perspectivas de estos ni\u00f1os en la metodolog\u00eda, la investigaci\u00f3n, las recomendaciones pol\u00edticas y los materiales de aprendizaje del proyecto.<\/li>\n<\/ul>\n<\/div>\n<div class=\"cxmmr5t8 oygrvhab hcukyx3x c1et5uql o9v6fnle ii04i59q\">\n<div dir=\"auto\">\n<div dir=\"auto\"><a href=\"https:\/\/dypall.com\/es\/2022\/06\/27\/final-conference-of-the-project-migrant-children-and-communities-in-a-transforming-europe-ljubljana-slovenia\/1-22\/#main\" rel=\"attachment wp-att-5621\"><img loading=\"lazy\" decoding=\"async\" class=\"alignleft size-large wp-image-5621\" src=\"https:\/\/dypall.com\/wp-content\/uploads\/2022\/06\/1-1024x683.jpg\" alt=\"\" width=\"1024\" height=\"683\" \/><\/a> <a href=\"https:\/\/dypall.com\/es\/2022\/06\/27\/final-conference-of-the-project-migrant-children-and-communities-in-a-transforming-europe-ljubljana-slovenia\/2-24\/#main\" rel=\"attachment wp-att-5622\"><img loading=\"lazy\" decoding=\"async\" class=\"alignleft size-large wp-image-5622\" src=\"https:\/\/dypall.com\/wp-content\/uploads\/2022\/06\/2-1024x683.jpg\" alt=\"\" width=\"1024\" height=\"683\" \/><\/a> <a href=\"https:\/\/dypall.com\/es\/2022\/06\/27\/final-conference-of-the-project-migrant-children-and-communities-in-a-transforming-europe-ljubljana-slovenia\/3-21\/#main\" rel=\"attachment wp-att-5623\"><img loading=\"lazy\" decoding=\"async\" class=\"alignleft size-large wp-image-5623\" src=\"https:\/\/dypall.com\/wp-content\/uploads\/2022\/06\/3-1024x683.jpg\" alt=\"\" width=\"1024\" height=\"683\" \/><\/a><\/div>\n<\/div>\n<\/div>\n<div class=\"cxmmr5t8 oygrvhab hcukyx3x c1et5uql o9v6fnle ii04i59q\">\n<div dir=\"auto\"><\/div>\n<\/div>","protected":false},"excerpt":{"rendered":"<p>Los d\u00edas 2 y 3 de junio, en Liubliana (Eslovenia), la red DYPALL particip\u00f3 en la conferencia final del proyecto \u00abMigrant Children and Communities in a Transforming Europe\u00bb (MiCreate), en la que casi 80 investigadores de toda Europa tuvieron la oportunidad de compartir los resultados de su investigaci\u00f3n sobre la inclusi\u00f3n de los ni\u00f1os migrantes. Tambi\u00e9n fue un... <a class=\"more-link\" href=\"https:\/\/dypall.com\/es\/conference\/final-conference-of-the-project-migrant-children-and-communities-in-a-transforming-europe-ljubljana-slovenia\/\">Seguir leyendo <span class=\"screen-reader-text\">Conferencia final del proyecto \u00abNi\u00f1os migrantes y comunidades en una Europa en transformaci\u00f3n\u00bb (Ljubljana, Eslovenia)<\/span><\/a><\/p>","protected":false},"author":2,"featured_media":5623,"comment_status":"closed","ping_status":"open","sticky":false,"template":"","format":"standard","meta":{"_acf_changed":false,"_jetpack_memberships_contains_paid_content":false,"footnotes":""},"categories":[112],"tags":[],"class_list":["post-5620","post","type-post","status-publish","format-standard","has-post-thumbnail","hentry","category-conference","entry"],"acf":[],"yoast_head":"<!-- This site is optimized with the Yoast SEO plugin v22.8 - https:\/\/yoast.com\/wordpress\/plugins\/seo\/ -->\n<title>Final conference of the project \u201cMigrant Children and Communities in a Transforming Europe\u201d (Ljubljana, Slovenia) - DYPALL Network<\/title>\n<meta name=\"robots\" content=\"index, follow, max-snippet:-1, max-image-preview:large, max-video-preview:-1\" \/>\n<link rel=\"canonical\" href=\"https:\/\/dypall.com\/es\/conference\/final-conference-of-the-project-migrant-children-and-communities-in-a-transforming-europe-ljubljana-slovenia\/\" \/>\n<meta property=\"og:locale\" content=\"es_ES\" \/>\n<meta property=\"og:type\" content=\"article\" \/>\n<meta property=\"og:title\" content=\"Final conference of the project \u201cMigrant Children and Communities in a Transforming Europe\u201d (Ljubljana, Slovenia) - DYPALL Network\" \/>\n<meta property=\"og:description\" content=\"On the 2-3 June in Ljubljana, Slovenia, DYPALL Network took part in the final conference of the project \u201cMigrant Children and Communities in a Transforming Europe\u201d (MiCreate) where almost 80 researchers from all over Europe had a chance to share the outcomes of their research on the inclusiveness of migrant children. It was also an&hellip; Seguir leyendo Final conference of the project \u201cMigrant Children and Communities in a Transforming Europe\u201d (Ljubljana, Slovenia)\" \/>\n<meta property=\"og:url\" content=\"https:\/\/dypall.com\/es\/conference\/final-conference-of-the-project-migrant-children-and-communities-in-a-transforming-europe-ljubljana-slovenia\/\" \/>\n<meta property=\"og:site_name\" content=\"DYPALL Network\" \/>\n<meta property=\"article:published_time\" content=\"2022-06-06T12:56:40+00:00\" \/>\n<meta name=\"author\" content=\"dypall\" \/>\n<meta name=\"twitter:card\" content=\"summary_large_image\" \/>\n<meta name=\"twitter:label1\" content=\"Written by\" \/>\n\t<meta name=\"twitter:data1\" content=\"dypall\" \/>\n\t<meta name=\"twitter:label2\" content=\"Est. reading time\" \/>\n\t<meta name=\"twitter:data2\" content=\"1 minuto\" \/>\n<script type=\"application\/ld+json\" class=\"yoast-schema-graph\">{\"@context\":\"https:\/\/schema.org\",\"@graph\":[{\"@type\":\"WebPage\",\"@id\":\"https:\/\/dypall.com\/conference\/final-conference-of-the-project-migrant-children-and-communities-in-a-transforming-europe-ljubljana-slovenia\/\",\"url\":\"https:\/\/dypall.com\/conference\/final-conference-of-the-project-migrant-children-and-communities-in-a-transforming-europe-ljubljana-slovenia\/\",\"name\":\"Final conference of the project \u201cMigrant Children and Communities in a Transforming Europe\u201d (Ljubljana, Slovenia) - DYPALL Network\",\"isPartOf\":{\"@id\":\"https:\/\/dypall.com\/#website\"},\"primaryImageOfPage\":{\"@id\":\"https:\/\/dypall.com\/conference\/final-conference-of-the-project-migrant-children-and-communities-in-a-transforming-europe-ljubljana-slovenia\/#primaryimage\"},\"image\":{\"@id\":\"https:\/\/dypall.com\/conference\/final-conference-of-the-project-migrant-children-and-communities-in-a-transforming-europe-ljubljana-slovenia\/#primaryimage\"},\"thumbnailUrl\":\"\",\"datePublished\":\"2022-06-06T12:56:40+00:00\",\"dateModified\":\"2022-06-06T12:56:40+00:00\",\"author\":{\"@id\":\"https:\/\/dypall.com\/#\/schema\/person\/206350efe851997fcdedef75d118766b\"},\"breadcrumb\":{\"@id\":\"https:\/\/dypall.com\/conference\/final-conference-of-the-project-migrant-children-and-communities-in-a-transforming-europe-ljubljana-slovenia\/#breadcrumb\"},\"inLanguage\":\"es\",\"potentialAction\":[{\"@type\":\"ReadAction\",\"target\":[\"https:\/\/dypall.com\/conference\/final-conference-of-the-project-migrant-children-and-communities-in-a-transforming-europe-ljubljana-slovenia\/\"]}]},{\"@type\":\"ImageObject\",\"inLanguage\":\"es\",\"@id\":\"https:\/\/dypall.com\/conference\/final-conference-of-the-project-migrant-children-and-communities-in-a-transforming-europe-ljubljana-slovenia\/#primaryimage\",\"url\":\"\",\"contentUrl\":\"\"},{\"@type\":\"BreadcrumbList\",\"@id\":\"https:\/\/dypall.com\/conference\/final-conference-of-the-project-migrant-children-and-communities-in-a-transforming-europe-ljubljana-slovenia\/#breadcrumb\",\"itemListElement\":[{\"@type\":\"ListItem\",\"position\":1,\"name\":\"Home\",\"item\":\"https:\/\/dypall.com\/\"},{\"@type\":\"ListItem\",\"position\":2,\"name\":\"Final conference of the project \u201cMigrant Children and Communities in a Transforming Europe\u201d (Ljubljana, Slovenia)\"}]},{\"@type\":\"WebSite\",\"@id\":\"https:\/\/dypall.com\/#website\",\"url\":\"https:\/\/dypall.com\/\",\"name\":\"DYPALL Network\",\"description\":\"We are a European network of civil society organisations, municipalities and research institutions dedicated to improving democracy through youth participation.\",\"potentialAction\":[{\"@type\":\"SearchAction\",\"target\":{\"@type\":\"EntryPoint\",\"urlTemplate\":\"https:\/\/dypall.com\/?s={search_term_string}\"},\"query-input\":\"required name=search_term_string\"}],\"inLanguage\":\"es\"},{\"@type\":\"Person\",\"@id\":\"https:\/\/dypall.com\/#\/schema\/person\/206350efe851997fcdedef75d118766b\",\"name\":\"dypall\",\"image\":{\"@type\":\"ImageObject\",\"inLanguage\":\"es\",\"@id\":\"https:\/\/dypall.com\/#\/schema\/person\/image\/\",\"url\":\"https:\/\/secure.gravatar.com\/avatar\/14e8d3d8841cd0bdf69915120bcf9fcfac1567f1dc7035664907322ac47efe29?s=96&d=mm&r=g\",\"contentUrl\":\"https:\/\/secure.gravatar.com\/avatar\/14e8d3d8841cd0bdf69915120bcf9fcfac1567f1dc7035664907322ac47efe29?s=96&d=mm&r=g\",\"caption\":\"dypall\"},\"url\":\"https:\/\/dypall.com\/es\/author\/dypall_info\/\"}]}<\/script>\n<!-- \/ Yoast SEO plugin. -->","yoast_head_json":{"title":"Final conference of the project \u201cMigrant Children and Communities in a Transforming Europe\u201d (Ljubljana, Slovenia) - DYPALL Network","robots":{"index":"index","follow":"follow","max-snippet":"max-snippet:-1","max-image-preview":"max-image-preview:large","max-video-preview":"max-video-preview:-1"},"canonical":"https:\/\/dypall.com\/es\/conference\/final-conference-of-the-project-migrant-children-and-communities-in-a-transforming-europe-ljubljana-slovenia\/","og_locale":"es_ES","og_type":"article","og_title":"Final conference of the project \u201cMigrant Children and Communities in a Transforming Europe\u201d (Ljubljana, Slovenia) - DYPALL Network","og_description":"On the 2-3 June in Ljubljana, Slovenia, DYPALL Network took part in the final conference of the project \u201cMigrant Children and Communities in a Transforming Europe\u201d (MiCreate) where almost 80 researchers from all over Europe had a chance to share the outcomes of their research on the inclusiveness of migrant children. It was also an&hellip; Seguir leyendo Final conference of the project \u201cMigrant Children and Communities in a Transforming Europe\u201d (Ljubljana, Slovenia)","og_url":"https:\/\/dypall.com\/es\/conference\/final-conference-of-the-project-migrant-children-and-communities-in-a-transforming-europe-ljubljana-slovenia\/","og_site_name":"DYPALL Network","article_published_time":"2022-06-06T12:56:40+00:00","author":"dypall","twitter_card":"summary_large_image","twitter_misc":{"Written by":"dypall","Est. reading time":"1 minuto"},"schema":{"@context":"https:\/\/schema.org","@graph":[{"@type":"WebPage","@id":"https:\/\/dypall.com\/conference\/final-conference-of-the-project-migrant-children-and-communities-in-a-transforming-europe-ljubljana-slovenia\/","url":"https:\/\/dypall.com\/conference\/final-conference-of-the-project-migrant-children-and-communities-in-a-transforming-europe-ljubljana-slovenia\/","name":"Final conference of the project \u201cMigrant Children and Communities in a Transforming Europe\u201d (Ljubljana, Slovenia) - DYPALL Network","isPartOf":{"@id":"https:\/\/dypall.com\/#website"},"primaryImageOfPage":{"@id":"https:\/\/dypall.com\/conference\/final-conference-of-the-project-migrant-children-and-communities-in-a-transforming-europe-ljubljana-slovenia\/#primaryimage"},"image":{"@id":"https:\/\/dypall.com\/conference\/final-conference-of-the-project-migrant-children-and-communities-in-a-transforming-europe-ljubljana-slovenia\/#primaryimage"},"thumbnailUrl":"","datePublished":"2022-06-06T12:56:40+00:00","dateModified":"2022-06-06T12:56:40+00:00","author":{"@id":"https:\/\/dypall.com\/#\/schema\/person\/206350efe851997fcdedef75d118766b"},"breadcrumb":{"@id":"https:\/\/dypall.com\/conference\/final-conference-of-the-project-migrant-children-and-communities-in-a-transforming-europe-ljubljana-slovenia\/#breadcrumb"},"inLanguage":"es","potentialAction":[{"@type":"ReadAction","target":["https:\/\/dypall.com\/conference\/final-conference-of-the-project-migrant-children-and-communities-in-a-transforming-europe-ljubljana-slovenia\/"]}]},{"@type":"ImageObject","inLanguage":"es","@id":"https:\/\/dypall.com\/conference\/final-conference-of-the-project-migrant-children-and-communities-in-a-transforming-europe-ljubljana-slovenia\/#primaryimage","url":"","contentUrl":""},{"@type":"BreadcrumbList","@id":"https:\/\/dypall.com\/conference\/final-conference-of-the-project-migrant-children-and-communities-in-a-transforming-europe-ljubljana-slovenia\/#breadcrumb","itemListElement":[{"@type":"ListItem","position":1,"name":"Home","item":"https:\/\/dypall.com\/"},{"@type":"ListItem","position":2,"name":"Final conference of the project \u201cMigrant Children and Communities in a Transforming Europe\u201d (Ljubljana, Slovenia)"}]},{"@type":"WebSite","@id":"https:\/\/dypall.com\/#website","url":"https:\/\/dypall.com\/","name":"DYPALL Network","description":"We are a European network of civil society organisations, municipalities and research institutions dedicated to improving democracy through youth participation.","potentialAction":[{"@type":"SearchAction","target":{"@type":"EntryPoint","urlTemplate":"https:\/\/dypall.com\/?s={search_term_string}"},"query-input":"required name=search_term_string"}],"inLanguage":"es"},{"@type":"Person","@id":"https:\/\/dypall.com\/#\/schema\/person\/206350efe851997fcdedef75d118766b","name":"dypall","image":{"@type":"ImageObject","inLanguage":"es","@id":"https:\/\/dypall.com\/#\/schema\/person\/image\/","url":"https:\/\/secure.gravatar.com\/avatar\/14e8d3d8841cd0bdf69915120bcf9fcfac1567f1dc7035664907322ac47efe29?s=96&d=mm&r=g","contentUrl":"https:\/\/secure.gravatar.com\/avatar\/14e8d3d8841cd0bdf69915120bcf9fcfac1567f1dc7035664907322ac47efe29?s=96&d=mm&r=g","caption":"dypall"},"url":"https:\/\/dypall.com\/es\/author\/dypall_info\/"}]}},"jetpack_featured_media_url":"","jetpack_sharing_enabled":true,"_links":{"self":[{"href":"https:\/\/dypall.com\/es\/wp-json\/wp\/v2\/posts\/5620","targetHints":{"allow":["GET"]}}],"collection":[{"href":"https:\/\/dypall.com\/es\/wp-json\/wp\/v2\/posts"}],"about":[{"href":"https:\/\/dypall.com\/es\/wp-json\/wp\/v2\/types\/post"}],"author":[{"embeddable":true,"href":"https:\/\/dypall.com\/es\/wp-json\/wp\/v2\/users\/2"}],"replies":[{"embeddable":true,"href":"https:\/\/dypall.com\/es\/wp-json\/wp\/v2\/comments?post=5620"}],"version-history":[{"count":0,"href":"https:\/\/dypall.com\/es\/wp-json\/wp\/v2\/posts\/5620\/revisions"}],"wp:featuredmedia":[{"embeddable":true,"href":"https:\/\/dypall.com\/es\/wp-json\/"}],"wp:attachment":[{"href":"https:\/\/dypall.com\/es\/wp-json\/wp\/v2\/media?parent=5620"}],"wp:term":[{"taxonomy":"category","embeddable":true,"href":"https:\/\/dypall.com\/es\/wp-json\/wp\/v2\/categories?post=5620"},{"taxonomy":"post_tag","embeddable":true,"href":"https:\/\/dypall.com\/es\/wp-json\/wp\/v2\/tags?post=5620"}],"curies":[{"name":"wp","href":"https:\/\/api.w.org\/{rel}","templated":true}]}}