{"id":5608,"date":"2022-06-22T16:36:23","date_gmt":"2022-06-22T15:36:23","guid":{"rendered":"https:\/\/dypall.com\/?p=5608"},"modified":"2022-06-22T16:36:23","modified_gmt":"2022-06-22T15:36:23","slug":"online-conference-migrant-children-and-communities-in-transforming-europe","status":"publish","type":"post","link":"https:\/\/dypall.com\/es\/activity\/online-conference-migrant-children-and-communities-in-transforming-europe\/","title":{"rendered":"Conferencia en l\u00ednea \u00abMigrant Children and Communities in Transforming Europe\u00bb (Ni\u00f1os y comunidades migrantes en la transformaci\u00f3n de Europa)"},"content":{"rendered":"<p>El 22 de junio, DYPALL Network organiz\u00f3 una conferencia en l\u00ednea \u201d <span class=\"fontstyle0\">Migrant Children and Communities in a Transforming Europe\u00bb, que fue la \u00faltima actividad de difusi\u00f3n internacional del proyecto con el mismo t\u00edtulo (acr\u00f3nimo: MiCreate).\u00a0<\/span><\/p>\n<p>Aunque inicialmente no se plane\u00f3 un evento de difusi\u00f3n internacional en l\u00ednea como parte del proyecto, sabiendo la importancia del tema de la inclusi\u00f3n de los ni\u00f1os migrantes, la Red DYPALL propuso crear una oportunidad para que la comunidad internacional de todo el mundo participe y conozca los resultados del proyecto. M\u00e1s de 900 inscripciones de 48 pa\u00edses de todo el mundo y m\u00e1s de 260 participantes en los momentos pico confirmaron que una actividad de difusi\u00f3n en l\u00ednea puede crear un gran valor a\u00f1adido a la estrategia habitual de difusi\u00f3n presencial.<\/p>\n<p>La conferencia fue inaugurada por Ant\u00f3nio Palma de <a href=\"https:\/\/www.taipa-desenvolvimento.pt\/\">TAIPA Odemira,<\/a> que present\u00f3 el trabajo de su organizaci\u00f3n con ni\u00f1os migrantes, as\u00ed como los desaf\u00edos y oportunidades que surgen en las escuelas de Odemira, Portugal. Posteriormente, Vincent Catot, de la Unidad de V\u00edas Jur\u00eddicas e Integraci\u00f3n de la DG Migraci\u00f3n y Asuntos de Interior, present\u00f3 el Plan de Acci\u00f3n de la UE sobre Integraci\u00f3n e Inclusi\u00f3n. Esta introducci\u00f3n estableci\u00f3 un gran fondo para la introducci\u00f3n posterior al proyecto y los resultados clave del proyecto por la Dra.<\/p>\n<p>Posteriormente, los participantes pudieron elegir entre talleres m\u00e1s pr\u00e1cticos y paralelos:<\/p>\n<ul>\n<li><span class=\"fontstyle0\">TALLER PARA MAESTROS, durante el cual el Dr. Nektaria Palaiologou y Victoria Prekate compartieron buenas pr\u00e1cticas<span class=\"fontstyle2\"> en la educaci\u00f3n de los refugiados: el caso del campo de refugiados de Skaramagas, y los participantes pudieron conocer <a href=\"https:\/\/www.micreate.eu\/index.php\/integration-lab\/\">Manual para profesores: Viviendo en Escuelas Multiculturales<\/a>, que es uno de los resultados clave y m\u00e1s pr\u00e1cticos del proyecto. Consiste en decenas de buenas pr\u00e1cticas en diferentes \u00e1reas de inclusi\u00f3n de ni\u00f1os migrantes en entornos escolares, y herramientas digitales pr\u00e1cticas, que facilitan estos procesos.<\/span><\/span><\/li>\n<li>TALLER PARA PARTICIPANTES, durante el cual compartimos el <a href=\"https:\/\/www.micreate.eu\/index.php\/policy-lab\/\">recomendaciones pol\u00edticas clave para promover la integraci\u00f3n centrada en el ni\u00f1o de los ni\u00f1os migrantes en las escuelas.<\/a><span class=\"fontstyle0\"> M\u00e1s tarde, el Dr. <\/span><span class=\"fontstyle2\">Adam Bulandra (Polonia) e Ieva Johansson (Letonia) compartieron su experiencia en t\u00e9rminos del impacto del conflicto ucraniano en la educaci\u00f3n escolar en sus pa\u00edses, y las estrategias locales y nacionales para evaluar esta crisis.<\/span><\/li>\n<\/ul>\n<p><span class=\"fontstyle0\">El objetivo general del proyecto MiCreate era estimular la inclusi\u00f3n de diversos grupos de ni\u00f1os migrantes mediante la adopci\u00f3n de un enfoque centrado en los ni\u00f1os para la integraci\u00f3n de los ni\u00f1os migrantes a nivel educativo y pol\u00edtico. Partiendo de la necesidad de revisar las pol\u00edticas de integraci\u00f3n existentes, el proyecto de investigaci\u00f3n tuvo como objetivo un examen exhaustivo de los procesos de integraci\u00f3n contempor\u00e1neos de los ni\u00f1os migrantes con el fin de empoderarlos. El equipo de investigaci\u00f3n de MiCREATE ha llevado a cabo actividades de investigaci\u00f3n con ni\u00f1os reci\u00e9n llegados, migrantes de larga duraci\u00f3n y ni\u00f1os locales en Eslovenia, Dinamarca, Espa\u00f1a, el Reino Unido, Austria y Polonia. En la investigaci\u00f3n multim\u00e9todo que dur\u00f3 desde septiembre de 2019 hasta septiembre de 2021 participaron m\u00e1s de 6.000 ni\u00f1os. <\/span><span class=\"fontstyle0\">Especialmente ahora, los maestros y los encargados de formular pol\u00edticas enfrentan desaf\u00edos significativos para integrar a los ni\u00f1os migrantes en las comunidades y escuelas locales, debido a la falta de materiales efectivos y de informaci\u00f3n de calidad. Como miembro del consorcio del proyecto dirigido por el Centro de Ciencia e Investigaci\u00f3n Koper (Eslovenia), DYPALL Network fue responsable de la ejecuci\u00f3n de las actividades de difusi\u00f3n en Portugal, Letonia, Macedonia del Norte y los Pa\u00edses Bajos.<\/span><\/p>\n<p>Obtenga m\u00e1s informaci\u00f3n sobre el proyecto y sus resultados de <a href=\"http:\/\/micreate.eu\">este sitio web<\/a> o el video de abajo.<\/p>\n<p><iframe loading=\"lazy\" title=\"Presentaci\u00f3n de MiCREATE\" width=\"750\" height=\"422\" src=\"https:\/\/www.youtube.com\/embed\/b_K0Pj7gh8w?feature=oembed\" frameborder=\"0\" allow=\"accelerometer; autoplay; clipboard-write; encrypted-media; gyroscope; picture-in-picture; web-share\" referrerpolicy=\"strict-origin-when-cross-origin\" allowfullscreen><\/iframe><\/p>\n<p><a href=\"https:\/\/dypall.com\/es\/2022\/06\/27\/online-conference-migrant-children-and-communities-in-transforming-europe\/2-23\/#main\" rel=\"attachment wp-att-5609\"><img loading=\"lazy\" decoding=\"async\" class=\"alignleft size-large wp-image-5609\" src=\"https:\/\/dypall.com\/wp-content\/uploads\/2022\/06\/2-1-1024x576.jpeg\" alt=\"\" width=\"1024\" height=\"576\" \/><\/a> <a href=\"https:\/\/dypall.com\/es\/2022\/06\/27\/online-conference-migrant-children-and-communities-in-transforming-europe\/3-19\/#main\" rel=\"attachment wp-att-5610\"><img loading=\"lazy\" decoding=\"async\" class=\"alignleft size-large wp-image-5610\" src=\"https:\/\/dypall.com\/wp-content\/uploads\/2022\/06\/3-1-1024x576.jpeg\" alt=\"\" width=\"1024\" height=\"576\" \/><\/a> <a href=\"https:\/\/dypall.com\/es\/2022\/06\/27\/online-conference-migrant-children-and-communities-in-transforming-europe\/3-20\/#main\" rel=\"attachment wp-att-5611\"><img loading=\"lazy\" decoding=\"async\" class=\"alignleft size-large wp-image-5611\" src=\"https:\/\/dypall.com\/wp-content\/uploads\/2022\/06\/3-1024x576.png\" alt=\"\" width=\"1024\" height=\"576\" \/><\/a> <a href=\"https:\/\/dypall.com\/es\/2022\/06\/27\/online-conference-migrant-children-and-communities-in-transforming-europe\/whatsapp-image-2022-06-24-at-15-10-59\/#main\" rel=\"attachment wp-att-5612\"><img loading=\"lazy\" decoding=\"async\" class=\"alignleft size-large wp-image-5612\" src=\"https:\/\/dypall.com\/wp-content\/uploads\/2022\/06\/WhatsApp-Image-2022-06-24-at-15.10.59-1024x576.jpeg\" alt=\"\" width=\"1024\" height=\"576\" \/><\/a><\/p>","protected":false},"excerpt":{"rendered":"<p>El 22 de junio, la Red DYPALL organiz\u00f3 una conferencia en l\u00ednea titulada \u00abNi\u00f1os y comunidades migrantes en una Europa transformadora\u00bb, que fue la \u00faltima actividad de difusi\u00f3n internacional del proyecto con el mismo t\u00edtulo (acr\u00f3nimo: MiCreate).\u00a0 Aunque inicialmente no se plane\u00f3 un evento de difusi\u00f3n internacional en l\u00ednea como parte del proyecto, sabiendo la importancia de... <a class=\"more-link\" href=\"https:\/\/dypall.com\/es\/activity\/online-conference-migrant-children-and-communities-in-transforming-europe\/\">Seguir leyendo <span class=\"screen-reader-text\">Conferencia en l\u00ednea \u00abMigrant Children and Communities in Transforming Europe\u00bb (Ni\u00f1os y comunidades migrantes en la transformaci\u00f3n de Europa)<\/span><\/a><\/p>","protected":false},"author":2,"featured_media":5614,"comment_status":"closed","ping_status":"open","sticky":false,"template":"","format":"standard","meta":{"_acf_changed":false,"_jetpack_memberships_contains_paid_content":false,"footnotes":""},"categories":[111,112],"tags":[],"class_list":["post-5608","post","type-post","status-publish","format-standard","has-post-thumbnail","hentry","category-activity","category-conference","entry"],"acf":[],"yoast_head":"<!-- This site is optimized with the Yoast SEO plugin v22.8 - https:\/\/yoast.com\/wordpress\/plugins\/seo\/ -->\n<title>Online conference &quot;Migrant Children and Communities in Transforming Europe&quot; - DYPALL Network<\/title>\n<meta name=\"robots\" content=\"index, follow, max-snippet:-1, max-image-preview:large, max-video-preview:-1\" \/>\n<link rel=\"canonical\" href=\"https:\/\/dypall.com\/es\/activity\/online-conference-migrant-children-and-communities-in-transforming-europe\/\" \/>\n<meta property=\"og:locale\" content=\"es_ES\" \/>\n<meta property=\"og:type\" content=\"article\" \/>\n<meta property=\"og:title\" content=\"Online conference &quot;Migrant Children and Communities in Transforming Europe&quot; - DYPALL Network\" \/>\n<meta property=\"og:description\" content=\"On the 22nd of June, DYPALL Network hosted an online conference &#8221; Migrant Children and Communities in a Transforming Europe,&#8221; which was the final international dissemination activity of the project under the same title (acronym: MiCreate).\u00a0 Although an online international dissemination event was not initially planned as part of the project, knowing the importance of&hellip; Seguir leyendo Online conference &#8220;Migrant Children and Communities in Transforming Europe&#8221;\" \/>\n<meta property=\"og:url\" content=\"https:\/\/dypall.com\/es\/activity\/online-conference-migrant-children-and-communities-in-transforming-europe\/\" \/>\n<meta property=\"og:site_name\" content=\"DYPALL Network\" \/>\n<meta property=\"article:published_time\" content=\"2022-06-22T15:36:23+00:00\" \/>\n<meta name=\"author\" content=\"dypall\" \/>\n<meta name=\"twitter:card\" content=\"summary_large_image\" \/>\n<meta name=\"twitter:label1\" content=\"Written by\" \/>\n\t<meta name=\"twitter:data1\" content=\"dypall\" \/>\n\t<meta name=\"twitter:label2\" content=\"Est. reading time\" \/>\n\t<meta name=\"twitter:data2\" content=\"3 minutos\" \/>\n<script type=\"application\/ld+json\" class=\"yoast-schema-graph\">{\"@context\":\"https:\/\/schema.org\",\"@graph\":[{\"@type\":\"WebPage\",\"@id\":\"https:\/\/dypall.com\/activity\/online-conference-migrant-children-and-communities-in-transforming-europe\/\",\"url\":\"https:\/\/dypall.com\/activity\/online-conference-migrant-children-and-communities-in-transforming-europe\/\",\"name\":\"Online conference \\\"Migrant Children and Communities in Transforming Europe\\\" - DYPALL Network\",\"isPartOf\":{\"@id\":\"https:\/\/dypall.com\/#website\"},\"primaryImageOfPage\":{\"@id\":\"https:\/\/dypall.com\/activity\/online-conference-migrant-children-and-communities-in-transforming-europe\/#primaryimage\"},\"image\":{\"@id\":\"https:\/\/dypall.com\/activity\/online-conference-migrant-children-and-communities-in-transforming-europe\/#primaryimage\"},\"thumbnailUrl\":\"\",\"datePublished\":\"2022-06-22T15:36:23+00:00\",\"dateModified\":\"2022-06-22T15:36:23+00:00\",\"author\":{\"@id\":\"https:\/\/dypall.com\/#\/schema\/person\/206350efe851997fcdedef75d118766b\"},\"breadcrumb\":{\"@id\":\"https:\/\/dypall.com\/activity\/online-conference-migrant-children-and-communities-in-transforming-europe\/#breadcrumb\"},\"inLanguage\":\"es\",\"potentialAction\":[{\"@type\":\"ReadAction\",\"target\":[\"https:\/\/dypall.com\/activity\/online-conference-migrant-children-and-communities-in-transforming-europe\/\"]}]},{\"@type\":\"ImageObject\",\"inLanguage\":\"es\",\"@id\":\"https:\/\/dypall.com\/activity\/online-conference-migrant-children-and-communities-in-transforming-europe\/#primaryimage\",\"url\":\"\",\"contentUrl\":\"\"},{\"@type\":\"BreadcrumbList\",\"@id\":\"https:\/\/dypall.com\/activity\/online-conference-migrant-children-and-communities-in-transforming-europe\/#breadcrumb\",\"itemListElement\":[{\"@type\":\"ListItem\",\"position\":1,\"name\":\"Home\",\"item\":\"https:\/\/dypall.com\/\"},{\"@type\":\"ListItem\",\"position\":2,\"name\":\"Online conference &#8220;Migrant Children and Communities in Transforming Europe&#8221;\"}]},{\"@type\":\"WebSite\",\"@id\":\"https:\/\/dypall.com\/#website\",\"url\":\"https:\/\/dypall.com\/\",\"name\":\"DYPALL Network\",\"description\":\"We are a European network of civil society organisations, municipalities and research institutions dedicated to improving democracy through youth participation.\",\"potentialAction\":[{\"@type\":\"SearchAction\",\"target\":{\"@type\":\"EntryPoint\",\"urlTemplate\":\"https:\/\/dypall.com\/?s={search_term_string}\"},\"query-input\":\"required name=search_term_string\"}],\"inLanguage\":\"es\"},{\"@type\":\"Person\",\"@id\":\"https:\/\/dypall.com\/#\/schema\/person\/206350efe851997fcdedef75d118766b\",\"name\":\"dypall\",\"image\":{\"@type\":\"ImageObject\",\"inLanguage\":\"es\",\"@id\":\"https:\/\/dypall.com\/#\/schema\/person\/image\/\",\"url\":\"https:\/\/secure.gravatar.com\/avatar\/14e8d3d8841cd0bdf69915120bcf9fcfac1567f1dc7035664907322ac47efe29?s=96&d=mm&r=g\",\"contentUrl\":\"https:\/\/secure.gravatar.com\/avatar\/14e8d3d8841cd0bdf69915120bcf9fcfac1567f1dc7035664907322ac47efe29?s=96&d=mm&r=g\",\"caption\":\"dypall\"},\"url\":\"https:\/\/dypall.com\/es\/author\/dypall_info\/\"}]}<\/script>\n<!-- \/ Yoast SEO plugin. -->","yoast_head_json":{"title":"Online conference \"Migrant Children and Communities in Transforming Europe\" - DYPALL Network","robots":{"index":"index","follow":"follow","max-snippet":"max-snippet:-1","max-image-preview":"max-image-preview:large","max-video-preview":"max-video-preview:-1"},"canonical":"https:\/\/dypall.com\/es\/activity\/online-conference-migrant-children-and-communities-in-transforming-europe\/","og_locale":"es_ES","og_type":"article","og_title":"Online conference \"Migrant Children and Communities in Transforming Europe\" - DYPALL Network","og_description":"On the 22nd of June, DYPALL Network hosted an online conference &#8221; Migrant Children and Communities in a Transforming Europe,&#8221; which was the final international dissemination activity of the project under the same title (acronym: MiCreate).\u00a0 Although an online international dissemination event was not initially planned as part of the project, knowing the importance of&hellip; Seguir leyendo Online conference &#8220;Migrant Children and Communities in Transforming Europe&#8221;","og_url":"https:\/\/dypall.com\/es\/activity\/online-conference-migrant-children-and-communities-in-transforming-europe\/","og_site_name":"DYPALL Network","article_published_time":"2022-06-22T15:36:23+00:00","author":"dypall","twitter_card":"summary_large_image","twitter_misc":{"Written by":"dypall","Est. reading time":"3 minutos"},"schema":{"@context":"https:\/\/schema.org","@graph":[{"@type":"WebPage","@id":"https:\/\/dypall.com\/activity\/online-conference-migrant-children-and-communities-in-transforming-europe\/","url":"https:\/\/dypall.com\/activity\/online-conference-migrant-children-and-communities-in-transforming-europe\/","name":"Online conference \"Migrant Children and Communities in Transforming Europe\" - DYPALL Network","isPartOf":{"@id":"https:\/\/dypall.com\/#website"},"primaryImageOfPage":{"@id":"https:\/\/dypall.com\/activity\/online-conference-migrant-children-and-communities-in-transforming-europe\/#primaryimage"},"image":{"@id":"https:\/\/dypall.com\/activity\/online-conference-migrant-children-and-communities-in-transforming-europe\/#primaryimage"},"thumbnailUrl":"","datePublished":"2022-06-22T15:36:23+00:00","dateModified":"2022-06-22T15:36:23+00:00","author":{"@id":"https:\/\/dypall.com\/#\/schema\/person\/206350efe851997fcdedef75d118766b"},"breadcrumb":{"@id":"https:\/\/dypall.com\/activity\/online-conference-migrant-children-and-communities-in-transforming-europe\/#breadcrumb"},"inLanguage":"es","potentialAction":[{"@type":"ReadAction","target":["https:\/\/dypall.com\/activity\/online-conference-migrant-children-and-communities-in-transforming-europe\/"]}]},{"@type":"ImageObject","inLanguage":"es","@id":"https:\/\/dypall.com\/activity\/online-conference-migrant-children-and-communities-in-transforming-europe\/#primaryimage","url":"","contentUrl":""},{"@type":"BreadcrumbList","@id":"https:\/\/dypall.com\/activity\/online-conference-migrant-children-and-communities-in-transforming-europe\/#breadcrumb","itemListElement":[{"@type":"ListItem","position":1,"name":"Home","item":"https:\/\/dypall.com\/"},{"@type":"ListItem","position":2,"name":"Online conference &#8220;Migrant Children and Communities in Transforming Europe&#8221;"}]},{"@type":"WebSite","@id":"https:\/\/dypall.com\/#website","url":"https:\/\/dypall.com\/","name":"DYPALL Network","description":"We are a European network of civil society organisations, municipalities and research institutions dedicated to improving democracy through youth participation.","potentialAction":[{"@type":"SearchAction","target":{"@type":"EntryPoint","urlTemplate":"https:\/\/dypall.com\/?s={search_term_string}"},"query-input":"required name=search_term_string"}],"inLanguage":"es"},{"@type":"Person","@id":"https:\/\/dypall.com\/#\/schema\/person\/206350efe851997fcdedef75d118766b","name":"dypall","image":{"@type":"ImageObject","inLanguage":"es","@id":"https:\/\/dypall.com\/#\/schema\/person\/image\/","url":"https:\/\/secure.gravatar.com\/avatar\/14e8d3d8841cd0bdf69915120bcf9fcfac1567f1dc7035664907322ac47efe29?s=96&d=mm&r=g","contentUrl":"https:\/\/secure.gravatar.com\/avatar\/14e8d3d8841cd0bdf69915120bcf9fcfac1567f1dc7035664907322ac47efe29?s=96&d=mm&r=g","caption":"dypall"},"url":"https:\/\/dypall.com\/es\/author\/dypall_info\/"}]}},"jetpack_featured_media_url":"","jetpack_sharing_enabled":true,"_links":{"self":[{"href":"https:\/\/dypall.com\/es\/wp-json\/wp\/v2\/posts\/5608","targetHints":{"allow":["GET"]}}],"collection":[{"href":"https:\/\/dypall.com\/es\/wp-json\/wp\/v2\/posts"}],"about":[{"href":"https:\/\/dypall.com\/es\/wp-json\/wp\/v2\/types\/post"}],"author":[{"embeddable":true,"href":"https:\/\/dypall.com\/es\/wp-json\/wp\/v2\/users\/2"}],"replies":[{"embeddable":true,"href":"https:\/\/dypall.com\/es\/wp-json\/wp\/v2\/comments?post=5608"}],"version-history":[{"count":0,"href":"https:\/\/dypall.com\/es\/wp-json\/wp\/v2\/posts\/5608\/revisions"}],"wp:featuredmedia":[{"embeddable":true,"href":"https:\/\/dypall.com\/es\/wp-json\/"}],"wp:attachment":[{"href":"https:\/\/dypall.com\/es\/wp-json\/wp\/v2\/media?parent=5608"}],"wp:term":[{"taxonomy":"category","embeddable":true,"href":"https:\/\/dypall.com\/es\/wp-json\/wp\/v2\/categories?post=5608"},{"taxonomy":"post_tag","embeddable":true,"href":"https:\/\/dypall.com\/es\/wp-json\/wp\/v2\/tags?post=5608"}],"curies":[{"name":"wp","href":"https:\/\/api.w.org\/{rel}","templated":true}]}}