{"id":5573,"date":"2022-06-23T14:35:08","date_gmt":"2022-06-23T13:35:08","guid":{"rendered":"https:\/\/dypall.com\/?p=5573"},"modified":"2022-06-23T14:35:08","modified_gmt":"2022-06-23T13:35:08","slug":"register-to-the-conference-local-youth-councils-at-international-scale-on-the-6-7-july-2022-1030-1400-brussels-time","status":"publish","type":"post","link":"https:\/\/dypall.com\/es\/activity\/register-to-the-conference-local-youth-councils-at-international-scale-on-the-6-7-july-2022-1030-1400-brussels-time\/","title":{"rendered":"Inscr\u00edbase en la conferencia \u00abLOCAL YOUTH COUNCILS AT INTERNATIONAL SCALE\u00bb los d\u00edas 6 y 7 de julio de 2022 (hora de Bruselas, de las 10.30 a las 14.00 horas)."},"content":{"rendered":"<p>\u00danase a nosotros para la conferencia \u00ab<span class=\"JsGRdQ\"><strong>CONSEJOS LOCALES DE JUVENTUD A ESCALA INTERNACIONAL<\/strong>\u201d sobre el<strong> 6-7 de julio de 2022 (10.30-14.00 horas, hora de Bruselas)<\/strong>.<\/span><\/p>\n<p>La conferencia es un espacio perfecto para el <span class=\"JsGRdQ\">intercambio internacional de experiencias y perspectivas sobre la calidad de los consejos juveniles locales a nivel amplio, internacional e intercontinental. Re\u00fane a diversas partes interesadas en el \u00e1mbito de la juventud, como organizaciones no gubernamentales, representantes municipales, investigadores, trabajadores en el \u00e1mbito de la juventud y l\u00edderes juveniles, para debatir la importancia de la participaci\u00f3n de los j\u00f3venes a nivel local en los pa\u00edses y continentes participantes. Los participantes de la conferencia tendr\u00e1n la oportunidad de discutir y compartir ideas, experiencias y mejores pr\u00e1cticas para involucrar a los j\u00f3venes en los procesos de toma de decisiones, d\u00e1ndoles as\u00ed una voz y un papel activo en sus comunidades locales.<\/span><\/p>\n<p class=\"_04xlpA direction-ltr align-justify para-style-body\"><span class=\"JsGRdQ\">La conferencia es tambi\u00e9n un momento de lanzamiento de los CONSEJOS LOCALES DE JUVENTUD A ESCALA INTERNACIONAL, un proyecto de dos a\u00f1os financiado por la Uni\u00f3n Europea, con muchas experiencias emocionantes, formaci\u00f3n y resultados a\u00fan por venir.<\/span><\/p>\n<p><strong>Orden del d\u00eda completo:<\/strong> <a href=\"http:\/\/tiny.cc\/lycisconfagenda\">http:\/\/tiny.cc\/lycisconfagenda<\/a><\/p>\n<p class=\"_04xlpA direction-ltr align-justify para-style-body\"><span class=\"JsGRdQ\">Invitamos cordialmente a todos los participantes interesados en intercambiar experiencias sobre el tema del consejo local de la juventud a nivel internacional e intercontinental, especialmente:<\/span><\/p>\n<ul>\n<li><span class=\"JsGRdQ\">j\u00f3venes y miembros de consejos locales de la juventud o estructuras similares<\/span><\/li>\n<li><span class=\"JsGRdQ\">animadores juveniles del \u00e1mbito de la participaci\u00f3n de los j\u00f3venes<\/span><\/li>\n<li><span class=\"JsGRdQ\">responsables pol\u00edticos, funcionarios municipales responsables de la participaci\u00f3n de los j\u00f3venes<\/span><\/li>\n<li><span class=\"JsGRdQ\">investigadores en el \u00e1mbito de los consejos locales de la juventud<\/span><\/li>\n<li><span class=\"JsGRdQ\">representantes de ONG e instituciones interesadas en nuevas herramientas y argumentos para el debate sobre los consejos locales de la juventud<\/span> <span class=\"JsGRdQ\">en sus pa\u00edses<\/span><\/li>\n<\/ul>\n<p class=\"_04xlpA direction-ltr align-justify para-style-body\"><span class=\"JsGRdQ\"><strong>Reg\u00edstrese aqu\u00ed<\/strong>: <\/span><a class=\"JsGRdQ\" draggable=\"false\" href=\"http:\/\/tiny.cc\/lycisconfregistration\" target=\"_blank\" rel=\"noopener\">http:\/\/tiny.cc\/lycisconfregistration<\/a><\/p>\n<p>Todos los participantes recibir\u00e1n un certificado de asistencia.<\/p>\n<p>La participaci\u00f3n en ambos d\u00edas de la actividad no es obligatoria.<\/p>","protected":false},"excerpt":{"rendered":"<p>\u00danase a nosotros en la conferencia \u00abLOCAL YOUTH COUNCILS AT INTERNATIONAL SCALE\u00bb los d\u00edas 6 y 7 de julio de 2022 (10:30-14:00, hora de Bruselas). La conferencia es un espacio perfecto para el intercambio internacional de experiencias y perspectivas sobre la calidad de los consejos juveniles locales a un nivel amplio, internacional e intercontinental. Re\u00fane a varias partes interesadas en la juventud... <a class=\"more-link\" href=\"https:\/\/dypall.com\/es\/activity\/register-to-the-conference-local-youth-councils-at-international-scale-on-the-6-7-july-2022-1030-1400-brussels-time\/\">Seguir leyendo <span class=\"screen-reader-text\">Inscr\u00edbase en la conferencia \u00abLOCAL YOUTH COUNCILS AT INTERNATIONAL SCALE\u00bb los d\u00edas 6 y 7 de julio de 2022 (hora de Bruselas, de las 10.30 a las 14.00 horas).<\/span><\/a><\/p>","protected":false},"author":1,"featured_media":5574,"comment_status":"closed","ping_status":"open","sticky":false,"template":"","format":"standard","meta":{"_acf_changed":false,"_jetpack_memberships_contains_paid_content":false,"footnotes":""},"categories":[111,112],"tags":[],"class_list":["post-5573","post","type-post","status-publish","format-standard","has-post-thumbnail","hentry","category-activity","category-conference","entry"],"acf":[],"yoast_head":"<!-- This site is optimized with the Yoast SEO plugin v22.8 - https:\/\/yoast.com\/wordpress\/plugins\/seo\/ -->\n<title>Register to the conference &quot;LOCAL YOUTH COUNCILS AT INTERNATIONAL SCALE&quot; on the 6-7 July 2022 (10:30-14:00 Brussels time). - DYPALL Network<\/title>\n<meta name=\"robots\" content=\"index, follow, max-snippet:-1, max-image-preview:large, max-video-preview:-1\" \/>\n<link rel=\"canonical\" href=\"https:\/\/dypall.com\/es\/activity\/register-to-the-conference-local-youth-councils-at-international-scale-on-the-6-7-july-2022-1030-1400-brussels-time\/\" \/>\n<meta property=\"og:locale\" content=\"es_ES\" \/>\n<meta property=\"og:type\" content=\"article\" \/>\n<meta property=\"og:title\" content=\"Register to the conference &quot;LOCAL YOUTH COUNCILS AT INTERNATIONAL SCALE&quot; on the 6-7 July 2022 (10:30-14:00 Brussels time). - DYPALL Network\" \/>\n<meta property=\"og:description\" content=\"Join us for the conference &#8220;LOCAL YOUTH COUNCILS AT INTERNATIONAL SCALE&#8221; on the 6-7 July 2022 (10:30-14:00 Brussels time). The conference is a perfect space for the international exchange of experiences and perspectives on the quality of local youth councils at a broad, international and intercontinental level. It brings together various stakeholders in the youth&hellip; Seguir leyendo Register to the conference &#8220;LOCAL YOUTH COUNCILS AT INTERNATIONAL SCALE&#8221; on the 6-7 July 2022 (10:30-14:00 Brussels time).\" \/>\n<meta property=\"og:url\" content=\"https:\/\/dypall.com\/es\/activity\/register-to-the-conference-local-youth-councils-at-international-scale-on-the-6-7-july-2022-1030-1400-brussels-time\/\" \/>\n<meta property=\"og:site_name\" content=\"DYPALL Network\" \/>\n<meta property=\"article:published_time\" content=\"2022-06-23T13:35:08+00:00\" \/>\n<meta name=\"author\" content=\"DYPALL Network\" \/>\n<meta name=\"twitter:card\" content=\"summary_large_image\" \/>\n<meta name=\"twitter:label1\" content=\"Written by\" \/>\n\t<meta name=\"twitter:data1\" content=\"DYPALL Network\" \/>\n\t<meta name=\"twitter:label2\" content=\"Est. reading time\" \/>\n\t<meta name=\"twitter:data2\" content=\"1 minuto\" \/>\n<script type=\"application\/ld+json\" class=\"yoast-schema-graph\">{\"@context\":\"https:\/\/schema.org\",\"@graph\":[{\"@type\":\"WebPage\",\"@id\":\"https:\/\/dypall.com\/activity\/register-to-the-conference-local-youth-councils-at-international-scale-on-the-6-7-july-2022-1030-1400-brussels-time\/\",\"url\":\"https:\/\/dypall.com\/activity\/register-to-the-conference-local-youth-councils-at-international-scale-on-the-6-7-july-2022-1030-1400-brussels-time\/\",\"name\":\"Register to the conference \\\"LOCAL YOUTH COUNCILS AT INTERNATIONAL SCALE\\\" on the 6-7 July 2022 (10:30-14:00 Brussels time). - DYPALL Network\",\"isPartOf\":{\"@id\":\"https:\/\/dypall.com\/#website\"},\"primaryImageOfPage\":{\"@id\":\"https:\/\/dypall.com\/activity\/register-to-the-conference-local-youth-councils-at-international-scale-on-the-6-7-july-2022-1030-1400-brussels-time\/#primaryimage\"},\"image\":{\"@id\":\"https:\/\/dypall.com\/activity\/register-to-the-conference-local-youth-councils-at-international-scale-on-the-6-7-july-2022-1030-1400-brussels-time\/#primaryimage\"},\"thumbnailUrl\":\"\",\"datePublished\":\"2022-06-23T13:35:08+00:00\",\"dateModified\":\"2022-06-23T13:35:08+00:00\",\"author\":{\"@id\":\"https:\/\/dypall.com\/#\/schema\/person\/f92e08aa15c8ba711a9d153129f03377\"},\"breadcrumb\":{\"@id\":\"https:\/\/dypall.com\/activity\/register-to-the-conference-local-youth-councils-at-international-scale-on-the-6-7-july-2022-1030-1400-brussels-time\/#breadcrumb\"},\"inLanguage\":\"es\",\"potentialAction\":[{\"@type\":\"ReadAction\",\"target\":[\"https:\/\/dypall.com\/activity\/register-to-the-conference-local-youth-councils-at-international-scale-on-the-6-7-july-2022-1030-1400-brussels-time\/\"]}]},{\"@type\":\"ImageObject\",\"inLanguage\":\"es\",\"@id\":\"https:\/\/dypall.com\/activity\/register-to-the-conference-local-youth-councils-at-international-scale-on-the-6-7-july-2022-1030-1400-brussels-time\/#primaryimage\",\"url\":\"\",\"contentUrl\":\"\"},{\"@type\":\"BreadcrumbList\",\"@id\":\"https:\/\/dypall.com\/activity\/register-to-the-conference-local-youth-councils-at-international-scale-on-the-6-7-july-2022-1030-1400-brussels-time\/#breadcrumb\",\"itemListElement\":[{\"@type\":\"ListItem\",\"position\":1,\"name\":\"Home\",\"item\":\"https:\/\/dypall.com\/\"},{\"@type\":\"ListItem\",\"position\":2,\"name\":\"Register to the conference &#8220;LOCAL YOUTH COUNCILS AT INTERNATIONAL SCALE&#8221; on the 6-7 July 2022 (10:30-14:00 Brussels time).\"}]},{\"@type\":\"WebSite\",\"@id\":\"https:\/\/dypall.com\/#website\",\"url\":\"https:\/\/dypall.com\/\",\"name\":\"DYPALL Network\",\"description\":\"We are a European network of civil society organisations, municipalities and research institutions dedicated to improving democracy through youth participation.\",\"potentialAction\":[{\"@type\":\"SearchAction\",\"target\":{\"@type\":\"EntryPoint\",\"urlTemplate\":\"https:\/\/dypall.com\/?s={search_term_string}\"},\"query-input\":\"required name=search_term_string\"}],\"inLanguage\":\"es\"},{\"@type\":\"Person\",\"@id\":\"https:\/\/dypall.com\/#\/schema\/person\/f92e08aa15c8ba711a9d153129f03377\",\"name\":\"DYPALL Network\",\"image\":{\"@type\":\"ImageObject\",\"inLanguage\":\"es\",\"@id\":\"https:\/\/dypall.com\/#\/schema\/person\/image\/\",\"url\":\"https:\/\/secure.gravatar.com\/avatar\/9c39e299279800c6d69c5e02cf613e7bab060889f373052a03d7ac399e8f0d3c?s=96&d=mm&r=g\",\"contentUrl\":\"https:\/\/secure.gravatar.com\/avatar\/9c39e299279800c6d69c5e02cf613e7bab060889f373052a03d7ac399e8f0d3c?s=96&d=mm&r=g\",\"caption\":\"DYPALL Network\"},\"sameAs\":[\"https:\/\/dypall.com\"],\"url\":\"https:\/\/dypall.com\/es\/author\/dypall\/\"}]}<\/script>\n<!-- \/ Yoast SEO plugin. -->","yoast_head_json":{"title":"Register to the conference \"LOCAL YOUTH COUNCILS AT INTERNATIONAL SCALE\" on the 6-7 July 2022 (10:30-14:00 Brussels time). - DYPALL Network","robots":{"index":"index","follow":"follow","max-snippet":"max-snippet:-1","max-image-preview":"max-image-preview:large","max-video-preview":"max-video-preview:-1"},"canonical":"https:\/\/dypall.com\/es\/activity\/register-to-the-conference-local-youth-councils-at-international-scale-on-the-6-7-july-2022-1030-1400-brussels-time\/","og_locale":"es_ES","og_type":"article","og_title":"Register to the conference \"LOCAL YOUTH COUNCILS AT INTERNATIONAL SCALE\" on the 6-7 July 2022 (10:30-14:00 Brussels time). - DYPALL Network","og_description":"Join us for the conference &#8220;LOCAL YOUTH COUNCILS AT INTERNATIONAL SCALE&#8221; on the 6-7 July 2022 (10:30-14:00 Brussels time). The conference is a perfect space for the international exchange of experiences and perspectives on the quality of local youth councils at a broad, international and intercontinental level. It brings together various stakeholders in the youth&hellip; Seguir leyendo Register to the conference &#8220;LOCAL YOUTH COUNCILS AT INTERNATIONAL SCALE&#8221; on the 6-7 July 2022 (10:30-14:00 Brussels time).","og_url":"https:\/\/dypall.com\/es\/activity\/register-to-the-conference-local-youth-councils-at-international-scale-on-the-6-7-july-2022-1030-1400-brussels-time\/","og_site_name":"DYPALL Network","article_published_time":"2022-06-23T13:35:08+00:00","author":"DYPALL Network","twitter_card":"summary_large_image","twitter_misc":{"Written by":"DYPALL Network","Est. reading time":"1 minuto"},"schema":{"@context":"https:\/\/schema.org","@graph":[{"@type":"WebPage","@id":"https:\/\/dypall.com\/activity\/register-to-the-conference-local-youth-councils-at-international-scale-on-the-6-7-july-2022-1030-1400-brussels-time\/","url":"https:\/\/dypall.com\/activity\/register-to-the-conference-local-youth-councils-at-international-scale-on-the-6-7-july-2022-1030-1400-brussels-time\/","name":"Register to the conference \"LOCAL YOUTH COUNCILS AT INTERNATIONAL SCALE\" on the 6-7 July 2022 (10:30-14:00 Brussels time). - DYPALL Network","isPartOf":{"@id":"https:\/\/dypall.com\/#website"},"primaryImageOfPage":{"@id":"https:\/\/dypall.com\/activity\/register-to-the-conference-local-youth-councils-at-international-scale-on-the-6-7-july-2022-1030-1400-brussels-time\/#primaryimage"},"image":{"@id":"https:\/\/dypall.com\/activity\/register-to-the-conference-local-youth-councils-at-international-scale-on-the-6-7-july-2022-1030-1400-brussels-time\/#primaryimage"},"thumbnailUrl":"","datePublished":"2022-06-23T13:35:08+00:00","dateModified":"2022-06-23T13:35:08+00:00","author":{"@id":"https:\/\/dypall.com\/#\/schema\/person\/f92e08aa15c8ba711a9d153129f03377"},"breadcrumb":{"@id":"https:\/\/dypall.com\/activity\/register-to-the-conference-local-youth-councils-at-international-scale-on-the-6-7-july-2022-1030-1400-brussels-time\/#breadcrumb"},"inLanguage":"es","potentialAction":[{"@type":"ReadAction","target":["https:\/\/dypall.com\/activity\/register-to-the-conference-local-youth-councils-at-international-scale-on-the-6-7-july-2022-1030-1400-brussels-time\/"]}]},{"@type":"ImageObject","inLanguage":"es","@id":"https:\/\/dypall.com\/activity\/register-to-the-conference-local-youth-councils-at-international-scale-on-the-6-7-july-2022-1030-1400-brussels-time\/#primaryimage","url":"","contentUrl":""},{"@type":"BreadcrumbList","@id":"https:\/\/dypall.com\/activity\/register-to-the-conference-local-youth-councils-at-international-scale-on-the-6-7-july-2022-1030-1400-brussels-time\/#breadcrumb","itemListElement":[{"@type":"ListItem","position":1,"name":"Home","item":"https:\/\/dypall.com\/"},{"@type":"ListItem","position":2,"name":"Register to the conference &#8220;LOCAL YOUTH COUNCILS AT INTERNATIONAL SCALE&#8221; on the 6-7 July 2022 (10:30-14:00 Brussels time)."}]},{"@type":"WebSite","@id":"https:\/\/dypall.com\/#website","url":"https:\/\/dypall.com\/","name":"DYPALL Network","description":"We are a European network of civil society organisations, municipalities and research institutions dedicated to improving democracy through youth participation.","potentialAction":[{"@type":"SearchAction","target":{"@type":"EntryPoint","urlTemplate":"https:\/\/dypall.com\/?s={search_term_string}"},"query-input":"required name=search_term_string"}],"inLanguage":"es"},{"@type":"Person","@id":"https:\/\/dypall.com\/#\/schema\/person\/f92e08aa15c8ba711a9d153129f03377","name":"DYPALL Network","image":{"@type":"ImageObject","inLanguage":"es","@id":"https:\/\/dypall.com\/#\/schema\/person\/image\/","url":"https:\/\/secure.gravatar.com\/avatar\/9c39e299279800c6d69c5e02cf613e7bab060889f373052a03d7ac399e8f0d3c?s=96&d=mm&r=g","contentUrl":"https:\/\/secure.gravatar.com\/avatar\/9c39e299279800c6d69c5e02cf613e7bab060889f373052a03d7ac399e8f0d3c?s=96&d=mm&r=g","caption":"DYPALL Network"},"sameAs":["https:\/\/dypall.com"],"url":"https:\/\/dypall.com\/es\/author\/dypall\/"}]}},"jetpack_featured_media_url":"","jetpack_sharing_enabled":true,"_links":{"self":[{"href":"https:\/\/dypall.com\/es\/wp-json\/wp\/v2\/posts\/5573","targetHints":{"allow":["GET"]}}],"collection":[{"href":"https:\/\/dypall.com\/es\/wp-json\/wp\/v2\/posts"}],"about":[{"href":"https:\/\/dypall.com\/es\/wp-json\/wp\/v2\/types\/post"}],"author":[{"embeddable":true,"href":"https:\/\/dypall.com\/es\/wp-json\/wp\/v2\/users\/1"}],"replies":[{"embeddable":true,"href":"https:\/\/dypall.com\/es\/wp-json\/wp\/v2\/comments?post=5573"}],"version-history":[{"count":0,"href":"https:\/\/dypall.com\/es\/wp-json\/wp\/v2\/posts\/5573\/revisions"}],"wp:featuredmedia":[{"embeddable":true,"href":"https:\/\/dypall.com\/es\/wp-json\/"}],"wp:attachment":[{"href":"https:\/\/dypall.com\/es\/wp-json\/wp\/v2\/media?parent=5573"}],"wp:term":[{"taxonomy":"category","embeddable":true,"href":"https:\/\/dypall.com\/es\/wp-json\/wp\/v2\/categories?post=5573"},{"taxonomy":"post_tag","embeddable":true,"href":"https:\/\/dypall.com\/es\/wp-json\/wp\/v2\/tags?post=5573"}],"curies":[{"name":"wp","href":"https:\/\/api.w.org\/{rel}","templated":true}]}}