{"id":5547,"date":"2016-06-10T12:00:36","date_gmt":"2016-06-10T10:00:36","guid":{"rendered":"http:\/\/dypall.com\/?p=519"},"modified":"2016-06-10T12:00:36","modified_gmt":"2016-06-10T10:00:36","slug":"first-iberian-meeting-of-municipality-youth-departments","status":"publish","type":"post","link":"https:\/\/dypall.com\/es\/calls\/first-iberian-meeting-of-municipality-youth-departments\/","title":{"rendered":"Primer Encuentro Ib\u00e9rico de Departamentos Municipales de Juventud"},"content":{"rendered":"<h1>1<sup>st<\/sup> Reuni\u00f3n Ib\u00e9rica de Departamentos Municipales de Juventud<\/h1>\n<blockquote class=\"\"><p><strong>\u00abLas pol\u00edticas de juventud son una parte integral y crucial de la gesti\u00f3n municipal. Queremos reforzar el componente institucional, haciendo de Braga un punto de referencia sobre c\u00f3mo deber\u00edan ser estas pol\u00edticas en el futuro\u00bb.<\/strong> Ricardo Rio, alcalde de Braga<\/p><\/blockquote>\n<p><img loading=\"lazy\" decoding=\"async\" class=\"wp-image-522 alignleft\" src=\"http:\/\/dypall.com\/wp-content\/uploads\/2016\/07\/Encontro_iberico_2.jpg\" alt=\"Encontro_iberico_2\" width=\"485\" height=\"323\" \/>El 9 de junio, ECOS y DYPALL tuvieron la oportunidad de compartir la experiencia sobre el dise\u00f1o y la implementaci\u00f3n de la pol\u00edtica de juventud local y regional junto con representantes de m\u00e1s de <strong>30 municipios de Portugal y Espa\u00f1a,<\/strong> en lo que fue el primer evento con este alcance.\u00a0El alcalde de Braga subray\u00f3 la importancia de compartir experiencias e identificar buenas pr\u00e1cticas para fortalecer los esfuerzos de las autoridades locales hacia la juventud, apoyar a los municipios en la creaci\u00f3n de nuevas estrategias innovadoras y garantizar que este compromiso contin\u00fae.<\/p>\n<p>Este acto demuestra el impulso y la importancia que est\u00e1 adquiriendo el trabajo local en el \u00e1mbito de la juventud en los municipios, lo que refuerza la importancia de pensar en la juventud en una \u00abdimensi\u00f3n pol\u00edtica\u00bb tambi\u00e9n a nivel local.<\/p>\n<p>&nbsp;<\/p>\n<p>&nbsp;<\/p>\n<p>&nbsp;<\/p>\n<p>El evento tuvo lugar en el marco de Braga 2016 Capital Iberoamericana de la Juventud, tuvimos la oportunidad de compartir y conocer diferentes mejores pr\u00e1cticas, pero tambi\u00e9n de establecer contactos con futuros socios.<\/p>\n<p>Encuentra el programa del evento <a href=\"http:\/\/bragaciaj.cm-braga.pt\/index.php\/noticias\/238-1-encontro-iberico-de-responsaveis-municipais-de-juventude\">aqu\u00ed &gt;<\/a><a href=\"http:\/\/dypall.com\/es\/2016\/06\/10\/first-iberian-meeting-of-municipality-youth-departments\/braga-16-capital\/\" rel=\"attachment wp-att-520\"><br \/>\n<img loading=\"lazy\" decoding=\"async\" class=\"wp-image-521 alignleft\" src=\"http:\/\/dypall.com\/wp-content\/uploads\/2016\/07\/braga.jpg\" alt=\"braga\" width=\"141\" height=\"141\" \/><img loading=\"lazy\" decoding=\"async\" class=\"wp-image-520 alignleft\" src=\"http:\/\/dypall.com\/wp-content\/uploads\/2016\/07\/braga-16-capital-1024x352.jpg\" alt=\"Braga (16 may\u00fasculas)\" width=\"382\" height=\"96\" \/><\/a><\/p>","protected":false},"excerpt":{"rendered":"<p>1a Reuni\u00f3n Ib\u00e9rica de Departamentos Municipales de Juventud \u00abLas pol\u00edticas de juventud son una parte integral y crucial de la gesti\u00f3n municipal. Queremos reforzar el componente institucional, haciendo de Braga un punto de referencia sobre c\u00f3mo deber\u00edan ser estas pol\u00edticas en el futuro\u00bb Ricardo R\u00edo, alcalde de Braga El 9 de junio, ECOS y DYPALL tuvieron la oportunidad de... <a class=\"more-link\" href=\"https:\/\/dypall.com\/es\/calls\/first-iberian-meeting-of-municipality-youth-departments\/\">Seguir leyendo <span class=\"screen-reader-text\">Primer Encuentro Ib\u00e9rico de Departamentos Municipales de Juventud<\/span><\/a><\/p>","protected":false},"author":2,"featured_media":522,"comment_status":"closed","ping_status":"open","sticky":false,"template":"","format":"standard","meta":{"_acf_changed":false,"_jetpack_memberships_contains_paid_content":false,"footnotes":""},"categories":[1],"tags":[134],"class_list":["post-5547","post","type-post","status-publish","format-standard","has-post-thumbnail","hentry","category-calls","tag-consultancy","entry"],"acf":[],"yoast_head":"<!-- This site is optimized with the Yoast SEO plugin v22.8 - https:\/\/yoast.com\/wordpress\/plugins\/seo\/ -->\n<title>First Iberian Meeting of Municipality Youth Departments - DYPALL Network<\/title>\n<meta name=\"robots\" content=\"index, follow, max-snippet:-1, max-image-preview:large, max-video-preview:-1\" \/>\n<link rel=\"canonical\" href=\"https:\/\/dypall.com\/es\/calls\/first-iberian-meeting-of-municipality-youth-departments\/\" \/>\n<meta property=\"og:locale\" content=\"es_ES\" \/>\n<meta property=\"og:type\" content=\"article\" \/>\n<meta property=\"og:title\" content=\"First Iberian Meeting of Municipality Youth Departments - DYPALL Network\" \/>\n<meta property=\"og:description\" content=\"1st Iberian Meeting of Municipality Youth Departments &#8220;Youth policies are an integral and crucial part of municipality management. We want to reinforce the institutional component, making of Braga a reference point for what these policies should look like in the future&#8221; Ricardo Rio, Mayor of Braga On\u00a0June 9, ECOS and DYPALL had the opportunity to&hellip; Seguir leyendo First Iberian Meeting of Municipality Youth Departments\" \/>\n<meta property=\"og:url\" content=\"https:\/\/dypall.com\/es\/calls\/first-iberian-meeting-of-municipality-youth-departments\/\" \/>\n<meta property=\"og:site_name\" content=\"DYPALL Network\" \/>\n<meta property=\"article:published_time\" content=\"2016-06-10T10:00:36+00:00\" \/>\n<meta name=\"author\" content=\"dypall\" \/>\n<meta name=\"twitter:card\" content=\"summary_large_image\" \/>\n<meta name=\"twitter:label1\" content=\"Written by\" \/>\n\t<meta name=\"twitter:data1\" content=\"dypall\" \/>\n\t<meta name=\"twitter:label2\" content=\"Est. reading time\" \/>\n\t<meta name=\"twitter:data2\" content=\"1 minuto\" \/>\n<script type=\"application\/ld+json\" class=\"yoast-schema-graph\">{\"@context\":\"https:\/\/schema.org\",\"@graph\":[{\"@type\":\"WebPage\",\"@id\":\"https:\/\/dypall.com\/calls\/first-iberian-meeting-of-municipality-youth-departments\/\",\"url\":\"https:\/\/dypall.com\/calls\/first-iberian-meeting-of-municipality-youth-departments\/\",\"name\":\"First Iberian Meeting of Municipality Youth Departments - DYPALL Network\",\"isPartOf\":{\"@id\":\"https:\/\/dypall.com\/#website\"},\"primaryImageOfPage\":{\"@id\":\"https:\/\/dypall.com\/calls\/first-iberian-meeting-of-municipality-youth-departments\/#primaryimage\"},\"image\":{\"@id\":\"https:\/\/dypall.com\/calls\/first-iberian-meeting-of-municipality-youth-departments\/#primaryimage\"},\"thumbnailUrl\":\"\",\"datePublished\":\"2016-06-10T10:00:36+00:00\",\"dateModified\":\"2016-06-10T10:00:36+00:00\",\"author\":{\"@id\":\"https:\/\/dypall.com\/#\/schema\/person\/206350efe851997fcdedef75d118766b\"},\"breadcrumb\":{\"@id\":\"https:\/\/dypall.com\/calls\/first-iberian-meeting-of-municipality-youth-departments\/#breadcrumb\"},\"inLanguage\":\"es\",\"potentialAction\":[{\"@type\":\"ReadAction\",\"target\":[\"https:\/\/dypall.com\/calls\/first-iberian-meeting-of-municipality-youth-departments\/\"]}]},{\"@type\":\"ImageObject\",\"inLanguage\":\"es\",\"@id\":\"https:\/\/dypall.com\/calls\/first-iberian-meeting-of-municipality-youth-departments\/#primaryimage\",\"url\":\"\",\"contentUrl\":\"\"},{\"@type\":\"BreadcrumbList\",\"@id\":\"https:\/\/dypall.com\/calls\/first-iberian-meeting-of-municipality-youth-departments\/#breadcrumb\",\"itemListElement\":[{\"@type\":\"ListItem\",\"position\":1,\"name\":\"Home\",\"item\":\"https:\/\/dypall.com\/\"},{\"@type\":\"ListItem\",\"position\":2,\"name\":\"First Iberian Meeting of Municipality Youth Departments\"}]},{\"@type\":\"WebSite\",\"@id\":\"https:\/\/dypall.com\/#website\",\"url\":\"https:\/\/dypall.com\/\",\"name\":\"DYPALL Network\",\"description\":\"We are a European network of civil society organisations, municipalities and research institutions dedicated to improving democracy through youth participation.\",\"potentialAction\":[{\"@type\":\"SearchAction\",\"target\":{\"@type\":\"EntryPoint\",\"urlTemplate\":\"https:\/\/dypall.com\/?s={search_term_string}\"},\"query-input\":\"required name=search_term_string\"}],\"inLanguage\":\"es\"},{\"@type\":\"Person\",\"@id\":\"https:\/\/dypall.com\/#\/schema\/person\/206350efe851997fcdedef75d118766b\",\"name\":\"dypall\",\"image\":{\"@type\":\"ImageObject\",\"inLanguage\":\"es\",\"@id\":\"https:\/\/dypall.com\/#\/schema\/person\/image\/\",\"url\":\"https:\/\/secure.gravatar.com\/avatar\/14e8d3d8841cd0bdf69915120bcf9fcfac1567f1dc7035664907322ac47efe29?s=96&d=mm&r=g\",\"contentUrl\":\"https:\/\/secure.gravatar.com\/avatar\/14e8d3d8841cd0bdf69915120bcf9fcfac1567f1dc7035664907322ac47efe29?s=96&d=mm&r=g\",\"caption\":\"dypall\"},\"url\":\"https:\/\/dypall.com\/es\/author\/dypall_info\/\"}]}<\/script>\n<!-- \/ Yoast SEO plugin. -->","yoast_head_json":{"title":"First Iberian Meeting of Municipality Youth Departments - DYPALL Network","robots":{"index":"index","follow":"follow","max-snippet":"max-snippet:-1","max-image-preview":"max-image-preview:large","max-video-preview":"max-video-preview:-1"},"canonical":"https:\/\/dypall.com\/es\/calls\/first-iberian-meeting-of-municipality-youth-departments\/","og_locale":"es_ES","og_type":"article","og_title":"First Iberian Meeting of Municipality Youth Departments - DYPALL Network","og_description":"1st Iberian Meeting of Municipality Youth Departments &#8220;Youth policies are an integral and crucial part of municipality management. We want to reinforce the institutional component, making of Braga a reference point for what these policies should look like in the future&#8221; Ricardo Rio, Mayor of Braga On\u00a0June 9, ECOS and DYPALL had the opportunity to&hellip; Seguir leyendo First Iberian Meeting of Municipality Youth Departments","og_url":"https:\/\/dypall.com\/es\/calls\/first-iberian-meeting-of-municipality-youth-departments\/","og_site_name":"DYPALL Network","article_published_time":"2016-06-10T10:00:36+00:00","author":"dypall","twitter_card":"summary_large_image","twitter_misc":{"Written by":"dypall","Est. reading time":"1 minuto"},"schema":{"@context":"https:\/\/schema.org","@graph":[{"@type":"WebPage","@id":"https:\/\/dypall.com\/calls\/first-iberian-meeting-of-municipality-youth-departments\/","url":"https:\/\/dypall.com\/calls\/first-iberian-meeting-of-municipality-youth-departments\/","name":"First Iberian Meeting of Municipality Youth Departments - DYPALL Network","isPartOf":{"@id":"https:\/\/dypall.com\/#website"},"primaryImageOfPage":{"@id":"https:\/\/dypall.com\/calls\/first-iberian-meeting-of-municipality-youth-departments\/#primaryimage"},"image":{"@id":"https:\/\/dypall.com\/calls\/first-iberian-meeting-of-municipality-youth-departments\/#primaryimage"},"thumbnailUrl":"","datePublished":"2016-06-10T10:00:36+00:00","dateModified":"2016-06-10T10:00:36+00:00","author":{"@id":"https:\/\/dypall.com\/#\/schema\/person\/206350efe851997fcdedef75d118766b"},"breadcrumb":{"@id":"https:\/\/dypall.com\/calls\/first-iberian-meeting-of-municipality-youth-departments\/#breadcrumb"},"inLanguage":"es","potentialAction":[{"@type":"ReadAction","target":["https:\/\/dypall.com\/calls\/first-iberian-meeting-of-municipality-youth-departments\/"]}]},{"@type":"ImageObject","inLanguage":"es","@id":"https:\/\/dypall.com\/calls\/first-iberian-meeting-of-municipality-youth-departments\/#primaryimage","url":"","contentUrl":""},{"@type":"BreadcrumbList","@id":"https:\/\/dypall.com\/calls\/first-iberian-meeting-of-municipality-youth-departments\/#breadcrumb","itemListElement":[{"@type":"ListItem","position":1,"name":"Home","item":"https:\/\/dypall.com\/"},{"@type":"ListItem","position":2,"name":"First Iberian Meeting of Municipality Youth Departments"}]},{"@type":"WebSite","@id":"https:\/\/dypall.com\/#website","url":"https:\/\/dypall.com\/","name":"DYPALL Network","description":"We are a European network of civil society organisations, municipalities and research institutions dedicated to improving democracy through youth participation.","potentialAction":[{"@type":"SearchAction","target":{"@type":"EntryPoint","urlTemplate":"https:\/\/dypall.com\/?s={search_term_string}"},"query-input":"required name=search_term_string"}],"inLanguage":"es"},{"@type":"Person","@id":"https:\/\/dypall.com\/#\/schema\/person\/206350efe851997fcdedef75d118766b","name":"dypall","image":{"@type":"ImageObject","inLanguage":"es","@id":"https:\/\/dypall.com\/#\/schema\/person\/image\/","url":"https:\/\/secure.gravatar.com\/avatar\/14e8d3d8841cd0bdf69915120bcf9fcfac1567f1dc7035664907322ac47efe29?s=96&d=mm&r=g","contentUrl":"https:\/\/secure.gravatar.com\/avatar\/14e8d3d8841cd0bdf69915120bcf9fcfac1567f1dc7035664907322ac47efe29?s=96&d=mm&r=g","caption":"dypall"},"url":"https:\/\/dypall.com\/es\/author\/dypall_info\/"}]}},"jetpack_featured_media_url":"","jetpack_sharing_enabled":true,"_links":{"self":[{"href":"https:\/\/dypall.com\/es\/wp-json\/wp\/v2\/posts\/5547","targetHints":{"allow":["GET"]}}],"collection":[{"href":"https:\/\/dypall.com\/es\/wp-json\/wp\/v2\/posts"}],"about":[{"href":"https:\/\/dypall.com\/es\/wp-json\/wp\/v2\/types\/post"}],"author":[{"embeddable":true,"href":"https:\/\/dypall.com\/es\/wp-json\/wp\/v2\/users\/2"}],"replies":[{"embeddable":true,"href":"https:\/\/dypall.com\/es\/wp-json\/wp\/v2\/comments?post=5547"}],"version-history":[{"count":0,"href":"https:\/\/dypall.com\/es\/wp-json\/wp\/v2\/posts\/5547\/revisions"}],"wp:featuredmedia":[{"embeddable":true,"href":"https:\/\/dypall.com\/es\/wp-json\/wp\/v2\/youth_empowerment\/522"}],"wp:attachment":[{"href":"https:\/\/dypall.com\/es\/wp-json\/wp\/v2\/media?parent=5547"}],"wp:term":[{"taxonomy":"category","embeddable":true,"href":"https:\/\/dypall.com\/es\/wp-json\/wp\/v2\/categories?post=5547"},{"taxonomy":"post_tag","embeddable":true,"href":"https:\/\/dypall.com\/es\/wp-json\/wp\/v2\/tags?post=5547"}],"curies":[{"name":"wp","href":"https:\/\/api.w.org\/{rel}","templated":true}]}}