{"id":5413,"date":"2022-03-17T15:25:07","date_gmt":"2022-03-17T15:25:07","guid":{"rendered":"https:\/\/dypall.com\/?p=5413"},"modified":"2022-03-17T15:25:07","modified_gmt":"2022-03-17T15:25:07","slug":"level-up-life-after-mobilities-final-conference-and-partners-meeting-in-brussels-belgium","status":"publish","type":"post","link":"https:\/\/dypall.com\/es\/activity\/level-up-life-after-mobilities-final-conference-and-partners-meeting-in-brussels-belgium\/","title":{"rendered":"\u00a1Sube de nivel! Vida despu\u00e9s de las movilidades \u2013 CONFERENCIA FINAL Y REUNI\u00d3N DE SOCIOS EN BRUSELAS, B\u00c9LGICA"},"content":{"rendered":"<p>La reuni\u00f3n final del proyecto \u00abLevel up! Life after mobilities\u00bb tuvo lugar los d\u00edas 16 y 19 de marzo en Bruselas (B\u00e9lgica). Los socios del consorcio se reunieron para presentar los resultados del proyecto, evaluar el proceso de desarrollo del proyecto y discutir y planificar futuras ideas de seguimiento.<\/p>\n<p>El primer d\u00eda de la reuni\u00f3n estuvo dedicado a la conferencia internacional \u00abLevel up! Vida despu\u00e9s de las movilidades\u00bb, organizado por Youth for Exchange and Understanding, durante el cual los socios del proyecto compartieron sus principales resultados:<\/p>\n<ul>\n<li><a href=\"https:\/\/www.levelup-project.com\/\">Herramienta digital \u00abLEVEL UP!\u00bb para el seguimiento despu\u00e9s de las movilidades<\/a> (IO1), que proporciona espacio para compartir y organizar eventos de difusi\u00f3n de seguimiento de las movilidades de aprendizaje. El objetivo de este sitio es proporcionar a los participantes en proyectos Erasmus+ las herramientas y las oportunidades para canalizar su compromiso y su motivaci\u00f3n hacia las realidades locales, ofreciendo espacio y tiempo para eventos de seguimiento efectivos que devuelvan a las comunidades.<\/li>\n<li><a href=\"https:\/\/www.levelup-project.com\/_files\/ugd\/615d28_4979522a6ebe42b09d8e018259f9bd88.pdf\">Publicaci\u00f3n \u00abLEVEL UP!\u00bb (IO2)<\/a>, que es una gu\u00eda paso a paso sobre c\u00f3mo crear una estrategia de seguimiento de calidad.<\/li>\n<\/ul>\n<p>El proyecto \u00abLevel Up! Life After Mobility\u00bb ten\u00eda por objeto colmar la brecha entre las movilidades internacionales y la vida en las comunidades locales despu\u00e9s de esas experiencias. Por lo tanto, el objetivo principal del proyecto era apoyar el seguimiento de las movilidades internacionales a nivel local, tratando de involucrar a los j\u00f3venes que participan activamente en experiencias similares para ser m\u00e1s activos dentro de sus propias comunidades, y tener la oportunidad de transmitir su aprendizaje y los conocimientos \/ competencias reci\u00e9n adquiridos para mejorar sus propias realidades.<\/p>\n<p>El proyecto ten\u00eda como objetivo proporcionar a los j\u00f3venes las herramientas y los mecanismos que permiten este compromiso con sus comunidades locales, as\u00ed como las actividades de seguimiento antes mencionadas. M\u00e1s concretamente, este proyecto ten\u00eda por objeto apoyar el desarrollo de capacidades de los trabajadores en el \u00e1mbito de la juventud y las organizaciones juveniles para aplicar estrategias de seguimiento eficaces y garantizar el impacto local de las movilidades internacionales. Adem\u00e1s, tiene la intenci\u00f3n de fomentar el compromiso, el voluntariado y la participaci\u00f3n de los j\u00f3venes que han participado en movilidades internacionales, en<br \/>\nsus propias comunidades.<\/p>\n<p>Con el fin de aumentar la participaci\u00f3n de los j\u00f3venes a nivel local como resultado de las movilidades internacionales, el proyecto ten\u00eda como objetivo permitir que los j\u00f3venes que participan en las movilidades internacionales se conecten entre s\u00ed, con los responsables pol\u00edticos, la administraci\u00f3n p\u00fablica, las organizaciones juveniles, y<br \/>\notros, y de esta manera permitir que estos, que han formado parte de las movilidades en el extranjero, \u00abdevuelvan\u00bb a sus comunidades locales.<\/p>\n<p>Este proyecto de 24 meses se ha desarrollado bajo la coordinaci\u00f3n de Active Bulgarian Society en asociaci\u00f3n con DYPALL Network, Youth for Exchange and Understanding y United Society of Balkans, en el marco del programa Erasmus+ KA2.<\/p>\n<p><a href=\"https:\/\/dypall.com\/es\/2022\/03\/19\/level-up-life-after-mobilities-final-conference-and-partners-meeting-in-cracow-poland\/2-21\/#main\" rel=\"attachment wp-att-5414\"><img loading=\"lazy\" decoding=\"async\" class=\"alignleft size-large wp-image-5414\" src=\"https:\/\/dypall.com\/wp-content\/uploads\/2022\/03\/2-1-1024x1024.jpeg\" alt=\"\" width=\"1024\" height=\"1024\" \/><\/a><\/p>\n<p><a href=\"https:\/\/dypall.com\/es\/2022\/03\/19\/level-up-life-after-mobilities-final-conference-and-partners-meeting-in-cracow-poland\/5-2-3\/#main\" rel=\"attachment wp-att-5416\"><img loading=\"lazy\" decoding=\"async\" class=\"alignleft size-large wp-image-5416\" src=\"https:\/\/dypall.com\/wp-content\/uploads\/2022\/03\/5-2-1024x768.jpeg\" alt=\"\" width=\"1024\" height=\"768\" \/><\/a><a href=\"https:\/\/dypall.com\/es\/2022\/03\/19\/level-up-life-after-mobilities-final-conference-and-partners-meeting-in-cracow-poland\/1-20\/#main\" rel=\"attachment wp-att-5415\"><img loading=\"lazy\" decoding=\"async\" class=\"alignleft size-large wp-image-5415\" src=\"https:\/\/dypall.com\/wp-content\/uploads\/2022\/03\/1-1024x1024.jpeg\" alt=\"\" width=\"1024\" height=\"1024\" \/><\/a><\/p>","protected":false},"excerpt":{"rendered":"<p>La reuni\u00f3n final del proyecto \u00abLevel up! Life after mobilities\u00bb tuvo lugar los d\u00edas 16 y 19 de marzo en Bruselas (B\u00e9lgica). Los socios del consorcio se reunieron para presentar los resultados del proyecto, evaluar el proceso de desarrollo del proyecto y discutir y planificar futuras ideas de seguimiento. El primer d\u00eda de la reuni\u00f3n estuvo dedicado a la conferencia internacional \u00abLevel up! La vida despu\u00e9s de... <a class=\"more-link\" href=\"https:\/\/dypall.com\/es\/activity\/level-up-life-after-mobilities-final-conference-and-partners-meeting-in-brussels-belgium\/\">Seguir leyendo <span class=\"screen-reader-text\">\u00a1Sube de nivel! Vida despu\u00e9s de las movilidades \u2013 CONFERENCIA FINAL Y REUNI\u00d3N DE SOCIOS EN BRUSELAS, B\u00c9LGICA<\/span><\/a><\/p>","protected":false},"author":3,"featured_media":5414,"comment_status":"closed","ping_status":"open","sticky":false,"template":"","format":"standard","meta":{"_acf_changed":false,"_jetpack_memberships_contains_paid_content":false,"footnotes":""},"categories":[111,183],"tags":[],"class_list":["post-5413","post","type-post","status-publish","format-standard","has-post-thumbnail","hentry","category-activity","category-research","entry"],"acf":[],"yoast_head":"<!-- This site is optimized with the Yoast SEO plugin v22.8 - https:\/\/yoast.com\/wordpress\/plugins\/seo\/ -->\n<title>Level up! Life after mobilities \u2013 FINAL CONFERENCE AND PARTNERS MEETING IN BRUSSELS, BELGIUM - DYPALL Network<\/title>\n<meta name=\"robots\" content=\"index, follow, max-snippet:-1, max-image-preview:large, max-video-preview:-1\" \/>\n<link rel=\"canonical\" href=\"https:\/\/dypall.com\/es\/activity\/level-up-life-after-mobilities-final-conference-and-partners-meeting-in-brussels-belgium\/\" \/>\n<meta property=\"og:locale\" content=\"es_ES\" \/>\n<meta property=\"og:type\" content=\"article\" \/>\n<meta property=\"og:title\" content=\"Level up! Life after mobilities \u2013 FINAL CONFERENCE AND PARTNERS MEETING IN BRUSSELS, BELGIUM - DYPALL Network\" \/>\n<meta property=\"og:description\" content=\"The final meeting of the project \u201cLevel up! Life after mobilities\u201d took place 16-19 March in Brussels, Belgium. The consortium partners met to present the project results, evaluate the project development process and discuss and plan future follow-up ideas. The first day of the meeting was dedicated to the international conference \u201cLevel up! Life after&hellip; Seguir leyendo Level up! Life after mobilities \u2013 FINAL CONFERENCE AND PARTNERS MEETING IN BRUSSELS, BELGIUM\" \/>\n<meta property=\"og:url\" content=\"https:\/\/dypall.com\/es\/activity\/level-up-life-after-mobilities-final-conference-and-partners-meeting-in-brussels-belgium\/\" \/>\n<meta property=\"og:site_name\" content=\"DYPALL Network\" \/>\n<meta property=\"article:published_time\" content=\"2022-03-17T15:25:07+00:00\" \/>\n<meta name=\"author\" content=\"Admin\" \/>\n<meta name=\"twitter:card\" content=\"summary_large_image\" \/>\n<meta name=\"twitter:label1\" content=\"Written by\" \/>\n\t<meta name=\"twitter:data1\" content=\"Admin\" \/>\n\t<meta name=\"twitter:label2\" content=\"Est. reading time\" \/>\n\t<meta name=\"twitter:data2\" content=\"2 minutos\" \/>\n<script type=\"application\/ld+json\" class=\"yoast-schema-graph\">{\"@context\":\"https:\/\/schema.org\",\"@graph\":[{\"@type\":\"WebPage\",\"@id\":\"https:\/\/dypall.com\/activity\/level-up-life-after-mobilities-final-conference-and-partners-meeting-in-brussels-belgium\/\",\"url\":\"https:\/\/dypall.com\/activity\/level-up-life-after-mobilities-final-conference-and-partners-meeting-in-brussels-belgium\/\",\"name\":\"Level up! Life after mobilities \u2013 FINAL CONFERENCE AND PARTNERS MEETING IN BRUSSELS, BELGIUM - DYPALL Network\",\"isPartOf\":{\"@id\":\"https:\/\/dypall.com\/#website\"},\"primaryImageOfPage\":{\"@id\":\"https:\/\/dypall.com\/activity\/level-up-life-after-mobilities-final-conference-and-partners-meeting-in-brussels-belgium\/#primaryimage\"},\"image\":{\"@id\":\"https:\/\/dypall.com\/activity\/level-up-life-after-mobilities-final-conference-and-partners-meeting-in-brussels-belgium\/#primaryimage\"},\"thumbnailUrl\":\"\",\"datePublished\":\"2022-03-17T15:25:07+00:00\",\"dateModified\":\"2022-03-17T15:25:07+00:00\",\"author\":{\"@id\":\"https:\/\/dypall.com\/#\/schema\/person\/15b093a5f6054aadaa6a2f9da7b7f73a\"},\"breadcrumb\":{\"@id\":\"https:\/\/dypall.com\/activity\/level-up-life-after-mobilities-final-conference-and-partners-meeting-in-brussels-belgium\/#breadcrumb\"},\"inLanguage\":\"es\",\"potentialAction\":[{\"@type\":\"ReadAction\",\"target\":[\"https:\/\/dypall.com\/activity\/level-up-life-after-mobilities-final-conference-and-partners-meeting-in-brussels-belgium\/\"]}]},{\"@type\":\"ImageObject\",\"inLanguage\":\"es\",\"@id\":\"https:\/\/dypall.com\/activity\/level-up-life-after-mobilities-final-conference-and-partners-meeting-in-brussels-belgium\/#primaryimage\",\"url\":\"\",\"contentUrl\":\"\"},{\"@type\":\"BreadcrumbList\",\"@id\":\"https:\/\/dypall.com\/activity\/level-up-life-after-mobilities-final-conference-and-partners-meeting-in-brussels-belgium\/#breadcrumb\",\"itemListElement\":[{\"@type\":\"ListItem\",\"position\":1,\"name\":\"Home\",\"item\":\"https:\/\/dypall.com\/\"},{\"@type\":\"ListItem\",\"position\":2,\"name\":\"Level up! Life after mobilities \u2013 FINAL CONFERENCE AND PARTNERS MEETING IN BRUSSELS, BELGIUM\"}]},{\"@type\":\"WebSite\",\"@id\":\"https:\/\/dypall.com\/#website\",\"url\":\"https:\/\/dypall.com\/\",\"name\":\"DYPALL Network\",\"description\":\"We are a European network of civil society organisations, municipalities and research institutions dedicated to improving democracy through youth participation.\",\"potentialAction\":[{\"@type\":\"SearchAction\",\"target\":{\"@type\":\"EntryPoint\",\"urlTemplate\":\"https:\/\/dypall.com\/?s={search_term_string}\"},\"query-input\":\"required name=search_term_string\"}],\"inLanguage\":\"es\"},{\"@type\":\"Person\",\"@id\":\"https:\/\/dypall.com\/#\/schema\/person\/15b093a5f6054aadaa6a2f9da7b7f73a\",\"name\":\"Admin\",\"image\":{\"@type\":\"ImageObject\",\"inLanguage\":\"es\",\"@id\":\"https:\/\/dypall.com\/#\/schema\/person\/image\/\",\"url\":\"https:\/\/secure.gravatar.com\/avatar\/d61590bc1c655fab87f188c8b9d55a8d8f3680a64ab062456660c4c4bf4019e5?s=96&d=mm&r=g\",\"contentUrl\":\"https:\/\/secure.gravatar.com\/avatar\/d61590bc1c655fab87f188c8b9d55a8d8f3680a64ab062456660c4c4bf4019e5?s=96&d=mm&r=g\",\"caption\":\"Admin\"},\"url\":\"https:\/\/dypall.com\/es\/author\/dypall5_wp\/\"}]}<\/script>\n<!-- \/ Yoast SEO plugin. -->","yoast_head_json":{"title":"Level up! Life after mobilities \u2013 FINAL CONFERENCE AND PARTNERS MEETING IN BRUSSELS, BELGIUM - DYPALL Network","robots":{"index":"index","follow":"follow","max-snippet":"max-snippet:-1","max-image-preview":"max-image-preview:large","max-video-preview":"max-video-preview:-1"},"canonical":"https:\/\/dypall.com\/es\/activity\/level-up-life-after-mobilities-final-conference-and-partners-meeting-in-brussels-belgium\/","og_locale":"es_ES","og_type":"article","og_title":"Level up! Life after mobilities \u2013 FINAL CONFERENCE AND PARTNERS MEETING IN BRUSSELS, BELGIUM - DYPALL Network","og_description":"The final meeting of the project \u201cLevel up! Life after mobilities\u201d took place 16-19 March in Brussels, Belgium. The consortium partners met to present the project results, evaluate the project development process and discuss and plan future follow-up ideas. The first day of the meeting was dedicated to the international conference \u201cLevel up! Life after&hellip; Seguir leyendo Level up! Life after mobilities \u2013 FINAL CONFERENCE AND PARTNERS MEETING IN BRUSSELS, BELGIUM","og_url":"https:\/\/dypall.com\/es\/activity\/level-up-life-after-mobilities-final-conference-and-partners-meeting-in-brussels-belgium\/","og_site_name":"DYPALL Network","article_published_time":"2022-03-17T15:25:07+00:00","author":"Admin","twitter_card":"summary_large_image","twitter_misc":{"Written by":"Admin","Est. reading time":"2 minutos"},"schema":{"@context":"https:\/\/schema.org","@graph":[{"@type":"WebPage","@id":"https:\/\/dypall.com\/activity\/level-up-life-after-mobilities-final-conference-and-partners-meeting-in-brussels-belgium\/","url":"https:\/\/dypall.com\/activity\/level-up-life-after-mobilities-final-conference-and-partners-meeting-in-brussels-belgium\/","name":"Level up! Life after mobilities \u2013 FINAL CONFERENCE AND PARTNERS MEETING IN BRUSSELS, BELGIUM - DYPALL Network","isPartOf":{"@id":"https:\/\/dypall.com\/#website"},"primaryImageOfPage":{"@id":"https:\/\/dypall.com\/activity\/level-up-life-after-mobilities-final-conference-and-partners-meeting-in-brussels-belgium\/#primaryimage"},"image":{"@id":"https:\/\/dypall.com\/activity\/level-up-life-after-mobilities-final-conference-and-partners-meeting-in-brussels-belgium\/#primaryimage"},"thumbnailUrl":"","datePublished":"2022-03-17T15:25:07+00:00","dateModified":"2022-03-17T15:25:07+00:00","author":{"@id":"https:\/\/dypall.com\/#\/schema\/person\/15b093a5f6054aadaa6a2f9da7b7f73a"},"breadcrumb":{"@id":"https:\/\/dypall.com\/activity\/level-up-life-after-mobilities-final-conference-and-partners-meeting-in-brussels-belgium\/#breadcrumb"},"inLanguage":"es","potentialAction":[{"@type":"ReadAction","target":["https:\/\/dypall.com\/activity\/level-up-life-after-mobilities-final-conference-and-partners-meeting-in-brussels-belgium\/"]}]},{"@type":"ImageObject","inLanguage":"es","@id":"https:\/\/dypall.com\/activity\/level-up-life-after-mobilities-final-conference-and-partners-meeting-in-brussels-belgium\/#primaryimage","url":"","contentUrl":""},{"@type":"BreadcrumbList","@id":"https:\/\/dypall.com\/activity\/level-up-life-after-mobilities-final-conference-and-partners-meeting-in-brussels-belgium\/#breadcrumb","itemListElement":[{"@type":"ListItem","position":1,"name":"Home","item":"https:\/\/dypall.com\/"},{"@type":"ListItem","position":2,"name":"Level up! Life after mobilities \u2013 FINAL CONFERENCE AND PARTNERS MEETING IN BRUSSELS, BELGIUM"}]},{"@type":"WebSite","@id":"https:\/\/dypall.com\/#website","url":"https:\/\/dypall.com\/","name":"DYPALL Network","description":"We are a European network of civil society organisations, municipalities and research institutions dedicated to improving democracy through youth participation.","potentialAction":[{"@type":"SearchAction","target":{"@type":"EntryPoint","urlTemplate":"https:\/\/dypall.com\/?s={search_term_string}"},"query-input":"required name=search_term_string"}],"inLanguage":"es"},{"@type":"Person","@id":"https:\/\/dypall.com\/#\/schema\/person\/15b093a5f6054aadaa6a2f9da7b7f73a","name":"Admin","image":{"@type":"ImageObject","inLanguage":"es","@id":"https:\/\/dypall.com\/#\/schema\/person\/image\/","url":"https:\/\/secure.gravatar.com\/avatar\/d61590bc1c655fab87f188c8b9d55a8d8f3680a64ab062456660c4c4bf4019e5?s=96&d=mm&r=g","contentUrl":"https:\/\/secure.gravatar.com\/avatar\/d61590bc1c655fab87f188c8b9d55a8d8f3680a64ab062456660c4c4bf4019e5?s=96&d=mm&r=g","caption":"Admin"},"url":"https:\/\/dypall.com\/es\/author\/dypall5_wp\/"}]}},"jetpack_featured_media_url":"","jetpack_sharing_enabled":true,"_links":{"self":[{"href":"https:\/\/dypall.com\/es\/wp-json\/wp\/v2\/posts\/5413","targetHints":{"allow":["GET"]}}],"collection":[{"href":"https:\/\/dypall.com\/es\/wp-json\/wp\/v2\/posts"}],"about":[{"href":"https:\/\/dypall.com\/es\/wp-json\/wp\/v2\/types\/post"}],"author":[{"embeddable":true,"href":"https:\/\/dypall.com\/es\/wp-json\/wp\/v2\/users\/3"}],"replies":[{"embeddable":true,"href":"https:\/\/dypall.com\/es\/wp-json\/wp\/v2\/comments?post=5413"}],"version-history":[{"count":0,"href":"https:\/\/dypall.com\/es\/wp-json\/wp\/v2\/posts\/5413\/revisions"}],"wp:featuredmedia":[{"embeddable":true,"href":"https:\/\/dypall.com\/es\/wp-json\/"}],"wp:attachment":[{"href":"https:\/\/dypall.com\/es\/wp-json\/wp\/v2\/media?parent=5413"}],"wp:term":[{"taxonomy":"category","embeddable":true,"href":"https:\/\/dypall.com\/es\/wp-json\/wp\/v2\/categories?post=5413"},{"taxonomy":"post_tag","embeddable":true,"href":"https:\/\/dypall.com\/es\/wp-json\/wp\/v2\/tags?post=5413"}],"curies":[{"name":"wp","href":"https:\/\/api.w.org\/{rel}","templated":true}]}}