{"id":4753,"date":"2021-02-12T14:09:10","date_gmt":"2021-02-12T14:09:10","guid":{"rendered":"https:\/\/dypall.com\/?p=4753"},"modified":"2021-02-12T14:09:10","modified_gmt":"2021-02-12T14:09:10","slug":"kick-off-coworking-for-social-innovation","status":"publish","type":"post","link":"https:\/\/dypall.com\/es\/activity\/kick-off-coworking-for-social-innovation\/","title":{"rendered":"Coworking para la innovaci\u00f3n social \u2013 reuni\u00f3n inaugural"},"content":{"rendered":"<p>Hoy hemos puesto en marcha oficialmente nuestro proyecto<strong>Sistemas de gesti\u00f3n de espacios de coworking para la innovaci\u00f3n social\u00bb<\/strong>. Durante los pr\u00f3ximos 16 meses, identificaremos buenas pr\u00e1cticas entre los espacios de coworking existentes para la innovaci\u00f3n social que:<\/p>\n<ul>\n<li>aumentar su potencial de aprendizaje;<\/li>\n<li>hacerlos m\u00e1s inclusivos y adaptados a las necesidades de los j\u00f3venes;<\/li>\n<li>fomentar el desarrollo de la innovaci\u00f3n social y aumentar su impacto a nivel local;<\/li>\n<li>desarrollar la cooperaci\u00f3n entre un sector privado, p\u00fablico y no gubernamental;<\/li>\n<li>reforzar su sostenibilidad<\/li>\n<\/ul>\n<p>El proyecto consta de 3 actividades transnacionales: un seminario en Viena, una formaci\u00f3n para el desarrollo de capacidades en Lisboa y una conferencia final en Atenas. Las buenas pr\u00e1cticas recogidas en el proyecto se difundir\u00e1n ampliamente a nivel nacional y europeo. <strong>apoyar la creaci\u00f3n de espacios de coworking m\u00e1s favorables a los j\u00f3venes y m\u00e1s impactantes que impulsen la innovaci\u00f3n social.<\/strong><\/p>\n<p>El proyecto est\u00e1 siendo implementado por el consorcio de 6 socios: DYPALL Network (Portugal), Centrum Rozwoju Inicjatyw Spo\u0142ecznych (Polonia), Sende (Espa\u00f1a), Social City Vienna (Austria), HIGGS (Grecia) y una red internacional de espacios de coworking Impact Hub. Se financia en el marco del programa Erasmus+ de Intercambio de Buenas Pr\u00e1cticas.<\/p>\n<p><a href=\"https:\/\/dypall.com\/es\/2021\/02\/12\/kick-off-coworking-for-social-innovation\/screenshot_20210212_125218\/#main\" rel=\"attachment wp-att-4754\"><img loading=\"lazy\" decoding=\"async\" class=\"aligncenter wp-image-4754 size-large\" src=\"https:\/\/dypall.com\/wp-content\/uploads\/2021\/02\/screenshot_20210212_125218-e1613138896300-1024x574.png\" alt=\"\" width=\"1024\" height=\"574\" \/><\/a><\/p>\n<p>&nbsp;<\/p>\n<p><a href=\"https:\/\/dypall.com\/es\/2021\/02\/12\/kick-off-coworking-for-social-innovation\/3-8\/#main\" rel=\"attachment wp-att-4755\"><img loading=\"lazy\" decoding=\"async\" class=\"aligncenter size-large wp-image-4755\" src=\"https:\/\/dypall.com\/wp-content\/uploads\/2021\/02\/3-1024x703.png\" alt=\"\" width=\"1024\" height=\"703\" \/><\/a><\/p>","protected":false},"excerpt":{"rendered":"<p>Hoy lanzamos oficialmente nuestro proyecto \u00abSistemas de gesti\u00f3n de espacios de coworking para la innovaci\u00f3n social\u00bb. Durante los pr\u00f3ximos 16 meses, identificaremos buenas pr\u00e1cticas entre los espacios de coworking existentes para la innovaci\u00f3n social que: aumentar su potencial de aprendizaje; hacerlos m\u00e1s inclusivos y adaptados a las necesidades de los j\u00f3venes; fomentar el desarrollo de la innovaci\u00f3n social... <a class=\"more-link\" href=\"https:\/\/dypall.com\/es\/activity\/kick-off-coworking-for-social-innovation\/\">Seguir leyendo <span class=\"screen-reader-text\">Coworking para la innovaci\u00f3n social \u2013 reuni\u00f3n inaugural<\/span><\/a><\/p>","protected":false},"author":2,"featured_media":4756,"comment_status":"closed","ping_status":"open","sticky":false,"template":"","format":"standard","meta":{"_acf_changed":false,"_jetpack_memberships_contains_paid_content":false,"footnotes":""},"categories":[111],"tags":[],"class_list":["post-4753","post","type-post","status-publish","format-standard","has-post-thumbnail","hentry","category-activity","entry"],"acf":[],"yoast_head":"<!-- This site is optimized with the Yoast SEO plugin v22.8 - https:\/\/yoast.com\/wordpress\/plugins\/seo\/ -->\n<title>Coworking for social innovation - kick-off meeting - DYPALL Network<\/title>\n<meta name=\"robots\" content=\"index, follow, max-snippet:-1, max-image-preview:large, max-video-preview:-1\" \/>\n<link rel=\"canonical\" href=\"https:\/\/dypall.com\/es\/activity\/kick-off-coworking-for-social-innovation\/\" \/>\n<meta property=\"og:locale\" content=\"es_ES\" \/>\n<meta property=\"og:type\" content=\"article\" \/>\n<meta property=\"og:title\" content=\"Coworking for social innovation - kick-off meeting - DYPALL Network\" \/>\n<meta property=\"og:description\" content=\"Today we officially launched our project \u201eManagement systems of coworking spaces for social innovation\u201d. For the next 16 months, we will be identifying good practices among the existing coworking spaces for social innovation that: boost their learning potential; make them more inclusive and adjusted to the needs of youth; foster the development of social innovation&hellip; Seguir leyendo Coworking for social innovation &#8211; kick-off meeting\" \/>\n<meta property=\"og:url\" content=\"https:\/\/dypall.com\/es\/activity\/kick-off-coworking-for-social-innovation\/\" \/>\n<meta property=\"og:site_name\" content=\"DYPALL Network\" \/>\n<meta property=\"article:published_time\" content=\"2021-02-12T14:09:10+00:00\" \/>\n<meta name=\"author\" content=\"dypall\" \/>\n<meta name=\"twitter:card\" content=\"summary_large_image\" \/>\n<meta name=\"twitter:label1\" content=\"Written by\" \/>\n\t<meta name=\"twitter:data1\" content=\"dypall\" \/>\n\t<meta name=\"twitter:label2\" content=\"Est. reading time\" \/>\n\t<meta name=\"twitter:data2\" content=\"1 minuto\" \/>\n<script type=\"application\/ld+json\" class=\"yoast-schema-graph\">{\"@context\":\"https:\/\/schema.org\",\"@graph\":[{\"@type\":\"WebPage\",\"@id\":\"https:\/\/dypall.com\/activity\/kick-off-coworking-for-social-innovation\/\",\"url\":\"https:\/\/dypall.com\/activity\/kick-off-coworking-for-social-innovation\/\",\"name\":\"Coworking for social innovation - kick-off meeting - DYPALL Network\",\"isPartOf\":{\"@id\":\"https:\/\/dypall.com\/#website\"},\"primaryImageOfPage\":{\"@id\":\"https:\/\/dypall.com\/activity\/kick-off-coworking-for-social-innovation\/#primaryimage\"},\"image\":{\"@id\":\"https:\/\/dypall.com\/activity\/kick-off-coworking-for-social-innovation\/#primaryimage\"},\"thumbnailUrl\":\"\",\"datePublished\":\"2021-02-12T14:09:10+00:00\",\"dateModified\":\"2021-02-12T14:09:10+00:00\",\"author\":{\"@id\":\"https:\/\/dypall.com\/#\/schema\/person\/206350efe851997fcdedef75d118766b\"},\"breadcrumb\":{\"@id\":\"https:\/\/dypall.com\/activity\/kick-off-coworking-for-social-innovation\/#breadcrumb\"},\"inLanguage\":\"es\",\"potentialAction\":[{\"@type\":\"ReadAction\",\"target\":[\"https:\/\/dypall.com\/activity\/kick-off-coworking-for-social-innovation\/\"]}]},{\"@type\":\"ImageObject\",\"inLanguage\":\"es\",\"@id\":\"https:\/\/dypall.com\/activity\/kick-off-coworking-for-social-innovation\/#primaryimage\",\"url\":\"\",\"contentUrl\":\"\"},{\"@type\":\"BreadcrumbList\",\"@id\":\"https:\/\/dypall.com\/activity\/kick-off-coworking-for-social-innovation\/#breadcrumb\",\"itemListElement\":[{\"@type\":\"ListItem\",\"position\":1,\"name\":\"Home\",\"item\":\"https:\/\/dypall.com\/\"},{\"@type\":\"ListItem\",\"position\":2,\"name\":\"Coworking for social innovation &#8211; kick-off meeting\"}]},{\"@type\":\"WebSite\",\"@id\":\"https:\/\/dypall.com\/#website\",\"url\":\"https:\/\/dypall.com\/\",\"name\":\"DYPALL Network\",\"description\":\"We are a European network of civil society organisations, municipalities and research institutions dedicated to improving democracy through youth participation.\",\"potentialAction\":[{\"@type\":\"SearchAction\",\"target\":{\"@type\":\"EntryPoint\",\"urlTemplate\":\"https:\/\/dypall.com\/?s={search_term_string}\"},\"query-input\":\"required name=search_term_string\"}],\"inLanguage\":\"es\"},{\"@type\":\"Person\",\"@id\":\"https:\/\/dypall.com\/#\/schema\/person\/206350efe851997fcdedef75d118766b\",\"name\":\"dypall\",\"image\":{\"@type\":\"ImageObject\",\"inLanguage\":\"es\",\"@id\":\"https:\/\/dypall.com\/#\/schema\/person\/image\/\",\"url\":\"https:\/\/secure.gravatar.com\/avatar\/14e8d3d8841cd0bdf69915120bcf9fcfac1567f1dc7035664907322ac47efe29?s=96&d=mm&r=g\",\"contentUrl\":\"https:\/\/secure.gravatar.com\/avatar\/14e8d3d8841cd0bdf69915120bcf9fcfac1567f1dc7035664907322ac47efe29?s=96&d=mm&r=g\",\"caption\":\"dypall\"},\"url\":\"https:\/\/dypall.com\/es\/author\/dypall_info\/\"}]}<\/script>\n<!-- \/ Yoast SEO plugin. -->","yoast_head_json":{"title":"Coworking for social innovation - kick-off meeting - DYPALL Network","robots":{"index":"index","follow":"follow","max-snippet":"max-snippet:-1","max-image-preview":"max-image-preview:large","max-video-preview":"max-video-preview:-1"},"canonical":"https:\/\/dypall.com\/es\/activity\/kick-off-coworking-for-social-innovation\/","og_locale":"es_ES","og_type":"article","og_title":"Coworking for social innovation - kick-off meeting - DYPALL Network","og_description":"Today we officially launched our project \u201eManagement systems of coworking spaces for social innovation\u201d. For the next 16 months, we will be identifying good practices among the existing coworking spaces for social innovation that: boost their learning potential; make them more inclusive and adjusted to the needs of youth; foster the development of social innovation&hellip; Seguir leyendo Coworking for social innovation &#8211; kick-off meeting","og_url":"https:\/\/dypall.com\/es\/activity\/kick-off-coworking-for-social-innovation\/","og_site_name":"DYPALL Network","article_published_time":"2021-02-12T14:09:10+00:00","author":"dypall","twitter_card":"summary_large_image","twitter_misc":{"Written by":"dypall","Est. reading time":"1 minuto"},"schema":{"@context":"https:\/\/schema.org","@graph":[{"@type":"WebPage","@id":"https:\/\/dypall.com\/activity\/kick-off-coworking-for-social-innovation\/","url":"https:\/\/dypall.com\/activity\/kick-off-coworking-for-social-innovation\/","name":"Coworking for social innovation - kick-off meeting - DYPALL Network","isPartOf":{"@id":"https:\/\/dypall.com\/#website"},"primaryImageOfPage":{"@id":"https:\/\/dypall.com\/activity\/kick-off-coworking-for-social-innovation\/#primaryimage"},"image":{"@id":"https:\/\/dypall.com\/activity\/kick-off-coworking-for-social-innovation\/#primaryimage"},"thumbnailUrl":"","datePublished":"2021-02-12T14:09:10+00:00","dateModified":"2021-02-12T14:09:10+00:00","author":{"@id":"https:\/\/dypall.com\/#\/schema\/person\/206350efe851997fcdedef75d118766b"},"breadcrumb":{"@id":"https:\/\/dypall.com\/activity\/kick-off-coworking-for-social-innovation\/#breadcrumb"},"inLanguage":"es","potentialAction":[{"@type":"ReadAction","target":["https:\/\/dypall.com\/activity\/kick-off-coworking-for-social-innovation\/"]}]},{"@type":"ImageObject","inLanguage":"es","@id":"https:\/\/dypall.com\/activity\/kick-off-coworking-for-social-innovation\/#primaryimage","url":"","contentUrl":""},{"@type":"BreadcrumbList","@id":"https:\/\/dypall.com\/activity\/kick-off-coworking-for-social-innovation\/#breadcrumb","itemListElement":[{"@type":"ListItem","position":1,"name":"Home","item":"https:\/\/dypall.com\/"},{"@type":"ListItem","position":2,"name":"Coworking for social innovation &#8211; kick-off meeting"}]},{"@type":"WebSite","@id":"https:\/\/dypall.com\/#website","url":"https:\/\/dypall.com\/","name":"DYPALL Network","description":"We are a European network of civil society organisations, municipalities and research institutions dedicated to improving democracy through youth participation.","potentialAction":[{"@type":"SearchAction","target":{"@type":"EntryPoint","urlTemplate":"https:\/\/dypall.com\/?s={search_term_string}"},"query-input":"required name=search_term_string"}],"inLanguage":"es"},{"@type":"Person","@id":"https:\/\/dypall.com\/#\/schema\/person\/206350efe851997fcdedef75d118766b","name":"dypall","image":{"@type":"ImageObject","inLanguage":"es","@id":"https:\/\/dypall.com\/#\/schema\/person\/image\/","url":"https:\/\/secure.gravatar.com\/avatar\/14e8d3d8841cd0bdf69915120bcf9fcfac1567f1dc7035664907322ac47efe29?s=96&d=mm&r=g","contentUrl":"https:\/\/secure.gravatar.com\/avatar\/14e8d3d8841cd0bdf69915120bcf9fcfac1567f1dc7035664907322ac47efe29?s=96&d=mm&r=g","caption":"dypall"},"url":"https:\/\/dypall.com\/es\/author\/dypall_info\/"}]}},"jetpack_featured_media_url":"","jetpack_sharing_enabled":true,"_links":{"self":[{"href":"https:\/\/dypall.com\/es\/wp-json\/wp\/v2\/posts\/4753","targetHints":{"allow":["GET"]}}],"collection":[{"href":"https:\/\/dypall.com\/es\/wp-json\/wp\/v2\/posts"}],"about":[{"href":"https:\/\/dypall.com\/es\/wp-json\/wp\/v2\/types\/post"}],"author":[{"embeddable":true,"href":"https:\/\/dypall.com\/es\/wp-json\/wp\/v2\/users\/2"}],"replies":[{"embeddable":true,"href":"https:\/\/dypall.com\/es\/wp-json\/wp\/v2\/comments?post=4753"}],"version-history":[{"count":0,"href":"https:\/\/dypall.com\/es\/wp-json\/wp\/v2\/posts\/4753\/revisions"}],"wp:featuredmedia":[{"embeddable":true,"href":"https:\/\/dypall.com\/es\/wp-json\/"}],"wp:attachment":[{"href":"https:\/\/dypall.com\/es\/wp-json\/wp\/v2\/media?parent=4753"}],"wp:term":[{"taxonomy":"category","embeddable":true,"href":"https:\/\/dypall.com\/es\/wp-json\/wp\/v2\/categories?post=4753"},{"taxonomy":"post_tag","embeddable":true,"href":"https:\/\/dypall.com\/es\/wp-json\/wp\/v2\/tags?post=4753"}],"curies":[{"name":"wp","href":"https:\/\/api.w.org\/{rel}","templated":true}]}}