{"id":1477,"date":"2016-04-12T15:02:24","date_gmt":"2016-04-12T13:02:24","guid":{"rendered":"http:\/\/dypall.com\/?p=1477"},"modified":"2016-04-12T15:02:24","modified_gmt":"2016-04-12T13:02:24","slug":"hearyourvoices","status":"publish","type":"post","link":"https:\/\/dypall.com\/es\/activity\/hearyourvoices\/","title":{"rendered":"#hearyourvoices : vislumbres de la Conferencia"},"content":{"rendered":"<p><em>&#8220;<a href=\"http:\/\/dypall.com\/es\/2016\/04\/12\/hearyourvoices\/natalia\/#main\" rel=\"attachment wp-att-1480\"><img loading=\"lazy\" decoding=\"async\" class=\"size-medium wp-image-1480 alignleft\" src=\"http:\/\/dypall.com\/wp-content\/uploads\/2016\/11\/NAtalia-300x188.png\" alt=\"natalia\" width=\"300\" height=\"188\" \/><\/a>Vine a Portim\u00e3o para la Conferencia internacional \u00abPol\u00edtica juvenil a nivel local y regional\u00bb organizada por ECOS y DYPALL Network, ya que CAT es uno de los miembros de la Red. Una vez que recibimos la invitaci\u00f3n sab\u00edamos que era muy importante para nosotros estar aqu\u00ed.<\/em><\/p>\n<p><em>Deseo aprender m\u00e1s sobre c\u00f3mo mostrar a los j\u00f3venes que la participaci\u00f3n de los j\u00f3venes es muy importante, especialmente para ellos y para todos nosotros como sociedad. Los j\u00f3venes tienen sus ideas y su opini\u00f3n peculiar sobre muchos asuntos. Tambi\u00e9n deseo aprender nuevas herramientas de participaci\u00f3n y hacer algunas asociaciones para futuros proyectos.<\/em><\/p>\n<p><em>La participaci\u00f3n de los j\u00f3venes para m\u00ed es ser activo. Podemos hablar mucho sobre el nivel europeo y el nivel global, pero vivimos en nuestra sociedad local, por lo que si queremos cambiar algo, primero debemos centrarnos en nuestra realidad local y podemos marcar la diferencia a nivel local y luego podemos cambiar el resto.<\/em>&#8221;<\/p>\n<p><strong>Milena Nadolna-Dr\u00f3\u017cd\u017c, <\/strong>Vicepresidente de <a href=\"http:\/\/www.fundacja-cat.pl\/home.php\"><strong>Fundacja Centrum Aktywno\u015bci Tw\u00f3rczej<\/strong> <strong>(CAT)<\/strong><\/a> <strong> (Polonia)<\/strong><\/p>\n<p>&nbsp;<\/p>\n<p>Lea acerca de la Conferencia Internacional sobre <a href=\"https:\/\/dypall.com\/es\/activity\/international-conference-developing-our-territories-through-youth-participation-in-decision-making\/\">\u00abPol\u00edtica juvenil a nivel local y regional \u2013 Desarrollo de nuestros territorios mediante la participaci\u00f3n de los j\u00f3venes en la toma de decisiones\u00bb<\/a> Portim\u00e3o (Portugal) 12-15 de abril de 2016<\/p>","protected":false},"excerpt":{"rendered":"<p>\u00abVine a Portim\u00e3o para la Conferencia Internacional sobre Pol\u00edtica Juvenil a nivel local y regional organizada por ECOS y DYPALL Network, ya que CAT es uno de los miembros de la Red. Una vez que recibimos la invitaci\u00f3n sab\u00edamos que era muy importante para nosotros estar aqu\u00ed. Deseo aprender m\u00e1s sobre c\u00f3mo... <a class=\"more-link\" href=\"https:\/\/dypall.com\/es\/activity\/hearyourvoices\/\">Seguir leyendo <span class=\"screen-reader-text\">#hearyourvoices : vislumbres de la Conferencia<\/span><\/a><\/p>","protected":false},"author":2,"featured_media":1480,"comment_status":"closed","ping_status":"open","sticky":false,"template":"","format":"standard","meta":{"_acf_changed":false,"_jetpack_memberships_contains_paid_content":false,"footnotes":""},"categories":[111,112],"tags":[113,115,121],"class_list":["post-1477","post","type-post","status-publish","format-standard","has-post-thumbnail","hentry","category-activity","category-conference","tag-conference","tag-seminar","tag-testimony","entry"],"acf":[],"yoast_head":"<!-- This site is optimized with the Yoast SEO plugin v22.8 - https:\/\/yoast.com\/wordpress\/plugins\/seo\/ -->\n<title>#hearyourvoices : glimpses of the Conference - DYPALL Network<\/title>\n<meta name=\"robots\" content=\"index, follow, max-snippet:-1, max-image-preview:large, max-video-preview:-1\" \/>\n<link rel=\"canonical\" href=\"https:\/\/dypall.com\/es\/activity\/hearyourvoices\/\" \/>\n<meta property=\"og:locale\" content=\"es_ES\" \/>\n<meta property=\"og:type\" content=\"article\" \/>\n<meta property=\"og:title\" content=\"#hearyourvoices : glimpses of the Conference - DYPALL Network\" \/>\n<meta property=\"og:description\" content=\"&#8220;I came to Portim\u00e3o for the International Conference \u201cYouth Policy at Local and Regional level\u201d organized by ECOS and DYPALL Network, as CAT is one of the members of the Network. Once we received the invitation we knew it was very important for us to be here. I wish to learn more on how to&hellip; Seguir leyendo #hearyourvoices : glimpses of the Conference\" \/>\n<meta property=\"og:url\" content=\"https:\/\/dypall.com\/es\/activity\/hearyourvoices\/\" \/>\n<meta property=\"og:site_name\" content=\"DYPALL Network\" \/>\n<meta property=\"article:published_time\" content=\"2016-04-12T13:02:24+00:00\" \/>\n<meta name=\"author\" content=\"dypall\" \/>\n<meta name=\"twitter:card\" content=\"summary_large_image\" \/>\n<meta name=\"twitter:label1\" content=\"Written by\" \/>\n\t<meta name=\"twitter:data1\" content=\"dypall\" \/>\n\t<meta name=\"twitter:label2\" content=\"Est. reading time\" \/>\n\t<meta name=\"twitter:data2\" content=\"1 minuto\" \/>\n<script type=\"application\/ld+json\" class=\"yoast-schema-graph\">{\"@context\":\"https:\/\/schema.org\",\"@graph\":[{\"@type\":\"WebPage\",\"@id\":\"https:\/\/dypall.com\/activity\/hearyourvoices\/\",\"url\":\"https:\/\/dypall.com\/activity\/hearyourvoices\/\",\"name\":\"#hearyourvoices : glimpses of the Conference - DYPALL Network\",\"isPartOf\":{\"@id\":\"https:\/\/dypall.com\/#website\"},\"primaryImageOfPage\":{\"@id\":\"https:\/\/dypall.com\/activity\/hearyourvoices\/#primaryimage\"},\"image\":{\"@id\":\"https:\/\/dypall.com\/activity\/hearyourvoices\/#primaryimage\"},\"thumbnailUrl\":\"\",\"datePublished\":\"2016-04-12T13:02:24+00:00\",\"dateModified\":\"2016-04-12T13:02:24+00:00\",\"author\":{\"@id\":\"https:\/\/dypall.com\/#\/schema\/person\/206350efe851997fcdedef75d118766b\"},\"breadcrumb\":{\"@id\":\"https:\/\/dypall.com\/activity\/hearyourvoices\/#breadcrumb\"},\"inLanguage\":\"es\",\"potentialAction\":[{\"@type\":\"ReadAction\",\"target\":[\"https:\/\/dypall.com\/activity\/hearyourvoices\/\"]}]},{\"@type\":\"ImageObject\",\"inLanguage\":\"es\",\"@id\":\"https:\/\/dypall.com\/activity\/hearyourvoices\/#primaryimage\",\"url\":\"\",\"contentUrl\":\"\"},{\"@type\":\"BreadcrumbList\",\"@id\":\"https:\/\/dypall.com\/activity\/hearyourvoices\/#breadcrumb\",\"itemListElement\":[{\"@type\":\"ListItem\",\"position\":1,\"name\":\"Home\",\"item\":\"https:\/\/dypall.com\/\"},{\"@type\":\"ListItem\",\"position\":2,\"name\":\"#hearyourvoices : glimpses of the Conference\"}]},{\"@type\":\"WebSite\",\"@id\":\"https:\/\/dypall.com\/#website\",\"url\":\"https:\/\/dypall.com\/\",\"name\":\"DYPALL Network\",\"description\":\"We are a European network of civil society organisations, municipalities and research institutions dedicated to improving democracy through youth participation.\",\"potentialAction\":[{\"@type\":\"SearchAction\",\"target\":{\"@type\":\"EntryPoint\",\"urlTemplate\":\"https:\/\/dypall.com\/?s={search_term_string}\"},\"query-input\":\"required name=search_term_string\"}],\"inLanguage\":\"es\"},{\"@type\":\"Person\",\"@id\":\"https:\/\/dypall.com\/#\/schema\/person\/206350efe851997fcdedef75d118766b\",\"name\":\"dypall\",\"image\":{\"@type\":\"ImageObject\",\"inLanguage\":\"es\",\"@id\":\"https:\/\/dypall.com\/#\/schema\/person\/image\/\",\"url\":\"https:\/\/secure.gravatar.com\/avatar\/14e8d3d8841cd0bdf69915120bcf9fcfac1567f1dc7035664907322ac47efe29?s=96&d=mm&r=g\",\"contentUrl\":\"https:\/\/secure.gravatar.com\/avatar\/14e8d3d8841cd0bdf69915120bcf9fcfac1567f1dc7035664907322ac47efe29?s=96&d=mm&r=g\",\"caption\":\"dypall\"},\"url\":\"https:\/\/dypall.com\/es\/author\/dypall_info\/\"}]}<\/script>\n<!-- \/ Yoast SEO plugin. -->","yoast_head_json":{"title":"#hearyourvoices : glimpses of the Conference - DYPALL Network","robots":{"index":"index","follow":"follow","max-snippet":"max-snippet:-1","max-image-preview":"max-image-preview:large","max-video-preview":"max-video-preview:-1"},"canonical":"https:\/\/dypall.com\/es\/activity\/hearyourvoices\/","og_locale":"es_ES","og_type":"article","og_title":"#hearyourvoices : glimpses of the Conference - DYPALL Network","og_description":"&#8220;I came to Portim\u00e3o for the International Conference \u201cYouth Policy at Local and Regional level\u201d organized by ECOS and DYPALL Network, as CAT is one of the members of the Network. Once we received the invitation we knew it was very important for us to be here. I wish to learn more on how to&hellip; Seguir leyendo #hearyourvoices : glimpses of the Conference","og_url":"https:\/\/dypall.com\/es\/activity\/hearyourvoices\/","og_site_name":"DYPALL Network","article_published_time":"2016-04-12T13:02:24+00:00","author":"dypall","twitter_card":"summary_large_image","twitter_misc":{"Written by":"dypall","Est. reading time":"1 minuto"},"schema":{"@context":"https:\/\/schema.org","@graph":[{"@type":"WebPage","@id":"https:\/\/dypall.com\/activity\/hearyourvoices\/","url":"https:\/\/dypall.com\/activity\/hearyourvoices\/","name":"#hearyourvoices : glimpses of the Conference - DYPALL Network","isPartOf":{"@id":"https:\/\/dypall.com\/#website"},"primaryImageOfPage":{"@id":"https:\/\/dypall.com\/activity\/hearyourvoices\/#primaryimage"},"image":{"@id":"https:\/\/dypall.com\/activity\/hearyourvoices\/#primaryimage"},"thumbnailUrl":"","datePublished":"2016-04-12T13:02:24+00:00","dateModified":"2016-04-12T13:02:24+00:00","author":{"@id":"https:\/\/dypall.com\/#\/schema\/person\/206350efe851997fcdedef75d118766b"},"breadcrumb":{"@id":"https:\/\/dypall.com\/activity\/hearyourvoices\/#breadcrumb"},"inLanguage":"es","potentialAction":[{"@type":"ReadAction","target":["https:\/\/dypall.com\/activity\/hearyourvoices\/"]}]},{"@type":"ImageObject","inLanguage":"es","@id":"https:\/\/dypall.com\/activity\/hearyourvoices\/#primaryimage","url":"","contentUrl":""},{"@type":"BreadcrumbList","@id":"https:\/\/dypall.com\/activity\/hearyourvoices\/#breadcrumb","itemListElement":[{"@type":"ListItem","position":1,"name":"Home","item":"https:\/\/dypall.com\/"},{"@type":"ListItem","position":2,"name":"#hearyourvoices : glimpses of the Conference"}]},{"@type":"WebSite","@id":"https:\/\/dypall.com\/#website","url":"https:\/\/dypall.com\/","name":"DYPALL Network","description":"We are a European network of civil society organisations, municipalities and research institutions dedicated to improving democracy through youth participation.","potentialAction":[{"@type":"SearchAction","target":{"@type":"EntryPoint","urlTemplate":"https:\/\/dypall.com\/?s={search_term_string}"},"query-input":"required name=search_term_string"}],"inLanguage":"es"},{"@type":"Person","@id":"https:\/\/dypall.com\/#\/schema\/person\/206350efe851997fcdedef75d118766b","name":"dypall","image":{"@type":"ImageObject","inLanguage":"es","@id":"https:\/\/dypall.com\/#\/schema\/person\/image\/","url":"https:\/\/secure.gravatar.com\/avatar\/14e8d3d8841cd0bdf69915120bcf9fcfac1567f1dc7035664907322ac47efe29?s=96&d=mm&r=g","contentUrl":"https:\/\/secure.gravatar.com\/avatar\/14e8d3d8841cd0bdf69915120bcf9fcfac1567f1dc7035664907322ac47efe29?s=96&d=mm&r=g","caption":"dypall"},"url":"https:\/\/dypall.com\/es\/author\/dypall_info\/"}]}},"jetpack_featured_media_url":"","jetpack_sharing_enabled":true,"_links":{"self":[{"href":"https:\/\/dypall.com\/es\/wp-json\/wp\/v2\/posts\/1477","targetHints":{"allow":["GET"]}}],"collection":[{"href":"https:\/\/dypall.com\/es\/wp-json\/wp\/v2\/posts"}],"about":[{"href":"https:\/\/dypall.com\/es\/wp-json\/wp\/v2\/types\/post"}],"author":[{"embeddable":true,"href":"https:\/\/dypall.com\/es\/wp-json\/wp\/v2\/users\/2"}],"replies":[{"embeddable":true,"href":"https:\/\/dypall.com\/es\/wp-json\/wp\/v2\/comments?post=1477"}],"version-history":[{"count":0,"href":"https:\/\/dypall.com\/es\/wp-json\/wp\/v2\/posts\/1477\/revisions"}],"wp:featuredmedia":[{"embeddable":true,"href":"https:\/\/dypall.com\/es\/wp-json\/"}],"wp:attachment":[{"href":"https:\/\/dypall.com\/es\/wp-json\/wp\/v2\/media?parent=1477"}],"wp:term":[{"taxonomy":"category","embeddable":true,"href":"https:\/\/dypall.com\/es\/wp-json\/wp\/v2\/categories?post=1477"},{"taxonomy":"post_tag","embeddable":true,"href":"https:\/\/dypall.com\/es\/wp-json\/wp\/v2\/tags?post=1477"}],"curies":[{"name":"wp","href":"https:\/\/api.w.org\/{rel}","templated":true}]}}