{"id":8146,"date":"2024-12-19T16:50:57","date_gmt":"2024-12-19T16:50:57","guid":{"rendered":"https:\/\/dypall.com\/?p=8146"},"modified":"2024-12-19T16:50:57","modified_gmt":"2024-12-19T16:50:57","slug":"climbing-the-ladder-fostering-a-culture-of-youth-engagement-cl-ye-study-visit-to-brussels-belgium","status":"publish","type":"post","link":"https:\/\/dypall.com\/de\/activity\/climbing-the-ladder-fostering-a-culture-of-youth-engagement-cl-ye-study-visit-to-brussels-belgium\/","title":{"rendered":"\u201eDie Leiter besteigen: F\u00f6rderung einer Kultur des Engagements junger Menschen (CL-YE)\u201c Studienreise nach Br\u00fcssel, Belgien"},"content":{"rendered":"<p>Dritter und letzter Studienbesuch im Rahmen des Projekts \u201eClimbing the Ladder: F\u00f6rderung einer Kultur des Jugendengagements CL-YE\u201c vom 2. bis 6. Dezember 2024 in Br\u00fcssel (Belgien), Gastgeber der Versammlung der Europ\u00e4ischen Regionen (AER). Dieses Projekt brachte Vertreter des Projektkonsortiums zusammen, um mit den wichtigsten Institutionen Europas in Kontakt zu treten und zu untersuchen, wie Jugendperspektiven in Entscheidungsprozesse auf regionaler und europ\u00e4ischer Ebene integriert werden.<\/p>\n\n\n\n<p>Die Teilnehmer nahmen am Herbstpr\u00e4sidium der EAR im Europ\u00e4ischen Parlament teil und beobachteten die Entscheidungsprozesse, die die europ\u00e4ischen Regionen pr\u00e4gen. Im Verbindungsb\u00fcro des Europarats tauschte die Politikberaterin Aleksandra Celar Informationen \u00fcber die Bem\u00fchungen zur F\u00f6rderung der Beteiligung junger Menschen an demokratischen Prozessen aus. Die Teilnehmer untersuchten Erasmus+-Finanzierungsm\u00f6glichkeiten mit der Europ\u00e4ischen Exekutivagentur f\u00fcr Bildung und Kultur und erfuhren mehr \u00fcber die Unterst\u00fctzung von Initiativen zur Einbeziehung junger Menschen in ganz Europa. Bei dem Treffen mit Susannah Hallgren von der Ad-hoc-Gruppe \u201eJugend\u201c des EWSA wurden die Erfolge und Herausforderungen bei der Einbeziehung der Jugendperspektiven in die Konsultationsprozesse der EU hervorgehoben.<\/p>\n\n\n\n<p>Sie hatten auch die Gelegenheit, Vertreter des Europ\u00e4ischen Jugendforums und des Conseil de la Jeunesse Belgique (belgischer Jugendrat der franz\u00f6sischsprachigen Gemeinschaft) zu treffen, um zu untersuchen, wie Jugendstimmen Governance und Interessenvertretung pr\u00e4gen.<\/p>\n\n\n\n<p>Der Besuch in Br\u00fcssel war nach fr\u00fcheren Besuchen in Bratislava und Wien ein wichtiger Schritt des CL-YE-Projekts. Die Teilnehmer reflektierten die gewonnenen Erkenntnisse und betonten die Bedeutung der grenz\u00fcberschreitenden Zusammenarbeit, um die Stimme junger Menschen in der Governance zu st\u00e4rken.<\/p>\n\n\n\n<p>Klettern auf der Leiter: Die F\u00f6rderung einer Kultur des Jugendengagements (CL-YE) wird vom DYPALL-Netzwerk in Partnerschaft mit Europiamo (Italien), Nordland fylkeskommune (Norwegen), EDYN (Slowakei), YEPP Europe (Deutschland), Assembl\u00e9e des R\u00e9gions d\u2019Europe \u2013 AER (Frankreich) und SQ Learn (Griechenland) im Rahmen des Programms Erasmus+ geleitet.<\/p>\n\n\n\n<figure class=\"wp-block-gallery has-nested-images columns-default is-cropped wp-block-gallery-1 is-layout-flex wp-block-gallery-is-layout-flex\">\n<figure class=\"wp-block-image size-large\"><img loading=\"lazy\" decoding=\"async\" width=\"1200\" height=\"900\" data-id=\"8152\" src=\"https:\/\/dypall.com\/wp-content\/uploads\/2024\/12\/469287225_18336862057194866_2075258328803176463_n.jpg\" alt=\"\" class=\"wp-image-8152\" srcset=\"https:\/\/dypall.com\/wp-content\/uploads\/2024\/12\/469287225_18336862057194866_2075258328803176463_n.jpg 1200w, https:\/\/dypall.com\/wp-content\/uploads\/2024\/12\/469287225_18336862057194866_2075258328803176463_n-768x576.jpg 768w\" sizes=\"auto, (max-width: 1200px) 100vw, 1200px\" \/><\/figure>\n\n\n\n<figure class=\"wp-block-image size-large\"><img loading=\"lazy\" decoding=\"async\" width=\"1200\" height=\"900\" data-id=\"8150\" src=\"https:\/\/dypall.com\/wp-content\/uploads\/2024\/12\/469529369_18336862090194866_2331180784438110933_n.jpg\" alt=\"\" class=\"wp-image-8150\" srcset=\"https:\/\/dypall.com\/wp-content\/uploads\/2024\/12\/469529369_18336862090194866_2331180784438110933_n.jpg 1200w, https:\/\/dypall.com\/wp-content\/uploads\/2024\/12\/469529369_18336862090194866_2331180784438110933_n-768x576.jpg 768w\" sizes=\"auto, (max-width: 1200px) 100vw, 1200px\" \/><\/figure>\n\n\n\n<figure class=\"wp-block-image size-large\"><img loading=\"lazy\" decoding=\"async\" width=\"2000\" height=\"1500\" data-id=\"8149\" src=\"https:\/\/dypall.com\/wp-content\/uploads\/2024\/12\/WhatsApp-Image-2024-12-19-at-16.30.22.jpeg\" alt=\"\" class=\"wp-image-8149\" srcset=\"https:\/\/dypall.com\/wp-content\/uploads\/2024\/12\/WhatsApp-Image-2024-12-19-at-16.30.22.jpeg 2000w, https:\/\/dypall.com\/wp-content\/uploads\/2024\/12\/WhatsApp-Image-2024-12-19-at-16.30.22-768x576.jpeg 768w, https:\/\/dypall.com\/wp-content\/uploads\/2024\/12\/WhatsApp-Image-2024-12-19-at-16.30.22-1536x1152.jpeg 1536w, https:\/\/dypall.com\/wp-content\/uploads\/2024\/12\/WhatsApp-Image-2024-12-19-at-16.30.22-1568x1176.jpeg 1568w\" sizes=\"auto, (max-width: 2000px) 100vw, 2000px\" \/><\/figure>\n\n\n\n<figure class=\"wp-block-image size-large\"><img loading=\"lazy\" decoding=\"async\" width=\"1200\" height=\"900\" data-id=\"8151\" src=\"https:\/\/dypall.com\/wp-content\/uploads\/2024\/12\/469705963_18336862075194866_9128199404775648445_n.jpg\" alt=\"\" class=\"wp-image-8151\" srcset=\"https:\/\/dypall.com\/wp-content\/uploads\/2024\/12\/469705963_18336862075194866_9128199404775648445_n.jpg 1200w, https:\/\/dypall.com\/wp-content\/uploads\/2024\/12\/469705963_18336862075194866_9128199404775648445_n-768x576.jpg 768w\" sizes=\"auto, (max-width: 1200px) 100vw, 1200px\" \/><\/figure>\n\n\n\n<figure class=\"wp-block-image size-large\"><img loading=\"lazy\" decoding=\"async\" width=\"1600\" height=\"1200\" data-id=\"8147\" src=\"https:\/\/dypall.com\/wp-content\/uploads\/2024\/12\/WhatsApp-Image-2024-12-19-at-16.31.05.jpeg\" alt=\"\" class=\"wp-image-8147\" srcset=\"https:\/\/dypall.com\/wp-content\/uploads\/2024\/12\/WhatsApp-Image-2024-12-19-at-16.31.05.jpeg 1600w, https:\/\/dypall.com\/wp-content\/uploads\/2024\/12\/WhatsApp-Image-2024-12-19-at-16.31.05-768x576.jpeg 768w, https:\/\/dypall.com\/wp-content\/uploads\/2024\/12\/WhatsApp-Image-2024-12-19-at-16.31.05-1536x1152.jpeg 1536w, https:\/\/dypall.com\/wp-content\/uploads\/2024\/12\/WhatsApp-Image-2024-12-19-at-16.31.05-1568x1176.jpeg 1568w\" sizes=\"auto, (max-width: 1600px) 100vw, 1600px\" \/><\/figure>\n<\/figure>","protected":false},"excerpt":{"rendered":"<p>Dritter und letzter Studienbesuch im Rahmen des Projekts \u201eClimbing the Ladder: F\u00f6rderung einer Kultur des Jugendengagements CL-YE\u201c vom 2. bis 6. Dezember 2024 in Br\u00fcssel (Belgien), Gastgeber der Versammlung der Europ\u00e4ischen Regionen (AER). An diesem Abend kamen Vertreter des Projektkonsortiums zusammen, um mit den wichtigsten Institutionen Europas in Kontakt zu treten und zu untersuchen, wie junge Menschen... <a class=\"more-link\" href=\"https:\/\/dypall.com\/de\/activity\/climbing-the-ladder-fostering-a-culture-of-youth-engagement-cl-ye-study-visit-to-brussels-belgium\/\"><span class=\"screen-reader-text\">\u201eDie Leiter besteigen: F\u00f6rderung einer Kultur des Engagements junger Menschen (CL-YE)\u201c Studienreise nach Br\u00fcssel, Belgien<\/span> weiterlesen<\/a><\/p>","protected":false},"author":5,"featured_media":8149,"comment_status":"open","ping_status":"open","sticky":false,"template":"","format":"standard","meta":{"_acf_changed":false,"_jetpack_memberships_contains_paid_content":false,"footnotes":""},"categories":[111],"tags":[],"class_list":["post-8146","post","type-post","status-publish","format-standard","has-post-thumbnail","hentry","category-activity","entry"],"acf":[],"yoast_head":"<!-- This site is optimized with the Yoast SEO plugin v22.8 - https:\/\/yoast.com\/wordpress\/plugins\/seo\/ -->\n<title>\u201cClimbing the Ladder: fostering a culture of Youth Engagement (CL-YE)\u201d Study visit to Brussels, Belgium - DYPALL Network<\/title>\n<meta name=\"robots\" content=\"index, follow, max-snippet:-1, max-image-preview:large, max-video-preview:-1\" \/>\n<link rel=\"canonical\" href=\"https:\/\/dypall.com\/de\/activity\/climbing-the-ladder-fostering-a-culture-of-youth-engagement-cl-ye-study-visit-to-brussels-belgium\/\" \/>\n<meta property=\"og:locale\" content=\"de_DE\" \/>\n<meta property=\"og:type\" content=\"article\" \/>\n<meta property=\"og:title\" content=\"\u201cClimbing the Ladder: fostering a culture of Youth Engagement (CL-YE)\u201d Study visit to Brussels, Belgium - DYPALL Network\" \/>\n<meta property=\"og:description\" content=\"The third and final Study visit of the project \u201cClimbing the Ladder: Fostering a Culture of Youth Engagement CL-YE\u201d\u2019 took place from 2nd-6th December 2024 in Brussels, Belgium, hoste by the Assembly of European Regions (AER). This evebt brought together representatives of the project consortium to connect with Europe\u2019s key institutions, delving into how youth&hellip; \u201cClimbing the Ladder: fostering a culture of Youth Engagement (CL-YE)\u201d Study visit to Brussels, Belgium weiterlesen\" \/>\n<meta property=\"og:url\" content=\"https:\/\/dypall.com\/de\/activity\/climbing-the-ladder-fostering-a-culture-of-youth-engagement-cl-ye-study-visit-to-brussels-belgium\/\" \/>\n<meta property=\"og:site_name\" content=\"DYPALL Network\" \/>\n<meta property=\"article:published_time\" content=\"2024-12-19T16:50:57+00:00\" \/>\n<meta property=\"og:image\" content=\"https:\/\/dypall.com\/wp-content\/uploads\/2024\/12\/WhatsApp-Image-2024-12-19-at-16.30.22.jpeg\" \/>\n\t<meta property=\"og:image:width\" content=\"2000\" \/>\n\t<meta property=\"og:image:height\" content=\"1500\" \/>\n\t<meta property=\"og:image:type\" content=\"image\/jpeg\" \/>\n<meta name=\"author\" content=\"DYPALL Network\" \/>\n<meta name=\"twitter:card\" content=\"summary_large_image\" \/>\n<meta name=\"twitter:label1\" content=\"Written by\" \/>\n\t<meta name=\"twitter:data1\" content=\"DYPALL Network\" \/>\n\t<meta name=\"twitter:label2\" content=\"Est. reading time\" \/>\n\t<meta name=\"twitter:data2\" content=\"3\u00a0Minuten\" \/>\n<script type=\"application\/ld+json\" class=\"yoast-schema-graph\">{\"@context\":\"https:\/\/schema.org\",\"@graph\":[{\"@type\":\"WebPage\",\"@id\":\"https:\/\/dypall.com\/activity\/climbing-the-ladder-fostering-a-culture-of-youth-engagement-cl-ye-study-visit-to-brussels-belgium\/\",\"url\":\"https:\/\/dypall.com\/activity\/climbing-the-ladder-fostering-a-culture-of-youth-engagement-cl-ye-study-visit-to-brussels-belgium\/\",\"name\":\"\u201cClimbing the Ladder: fostering a culture of Youth Engagement (CL-YE)\u201d Study visit to Brussels, Belgium - DYPALL Network\",\"isPartOf\":{\"@id\":\"https:\/\/dypall.com\/#website\"},\"primaryImageOfPage\":{\"@id\":\"https:\/\/dypall.com\/activity\/climbing-the-ladder-fostering-a-culture-of-youth-engagement-cl-ye-study-visit-to-brussels-belgium\/#primaryimage\"},\"image\":{\"@id\":\"https:\/\/dypall.com\/activity\/climbing-the-ladder-fostering-a-culture-of-youth-engagement-cl-ye-study-visit-to-brussels-belgium\/#primaryimage\"},\"thumbnailUrl\":\"https:\/\/dypall.com\/wp-content\/uploads\/2024\/12\/WhatsApp-Image-2024-12-19-at-16.30.22.jpeg\",\"datePublished\":\"2024-12-19T16:50:57+00:00\",\"dateModified\":\"2024-12-19T16:50:57+00:00\",\"author\":{\"@id\":\"https:\/\/dypall.com\/#\/schema\/person\/e87206094ce8bcf88449b35f00e40fb1\"},\"breadcrumb\":{\"@id\":\"https:\/\/dypall.com\/activity\/climbing-the-ladder-fostering-a-culture-of-youth-engagement-cl-ye-study-visit-to-brussels-belgium\/#breadcrumb\"},\"inLanguage\":\"de\",\"potentialAction\":[{\"@type\":\"ReadAction\",\"target\":[\"https:\/\/dypall.com\/activity\/climbing-the-ladder-fostering-a-culture-of-youth-engagement-cl-ye-study-visit-to-brussels-belgium\/\"]}]},{\"@type\":\"ImageObject\",\"inLanguage\":\"de\",\"@id\":\"https:\/\/dypall.com\/activity\/climbing-the-ladder-fostering-a-culture-of-youth-engagement-cl-ye-study-visit-to-brussels-belgium\/#primaryimage\",\"url\":\"https:\/\/dypall.com\/wp-content\/uploads\/2024\/12\/WhatsApp-Image-2024-12-19-at-16.30.22.jpeg\",\"contentUrl\":\"https:\/\/dypall.com\/wp-content\/uploads\/2024\/12\/WhatsApp-Image-2024-12-19-at-16.30.22.jpeg\",\"width\":2000,\"height\":1500},{\"@type\":\"BreadcrumbList\",\"@id\":\"https:\/\/dypall.com\/activity\/climbing-the-ladder-fostering-a-culture-of-youth-engagement-cl-ye-study-visit-to-brussels-belgium\/#breadcrumb\",\"itemListElement\":[{\"@type\":\"ListItem\",\"position\":1,\"name\":\"Home\",\"item\":\"https:\/\/dypall.com\/\"},{\"@type\":\"ListItem\",\"position\":2,\"name\":\"\u201cClimbing the Ladder: fostering a culture of Youth Engagement (CL-YE)\u201d Study visit to Brussels, Belgium\"}]},{\"@type\":\"WebSite\",\"@id\":\"https:\/\/dypall.com\/#website\",\"url\":\"https:\/\/dypall.com\/\",\"name\":\"DYPALL Network\",\"description\":\"We are a European network of civil society organisations, municipalities and research institutions dedicated to improving democracy through youth participation.\",\"potentialAction\":[{\"@type\":\"SearchAction\",\"target\":{\"@type\":\"EntryPoint\",\"urlTemplate\":\"https:\/\/dypall.com\/?s={search_term_string}\"},\"query-input\":\"required name=search_term_string\"}],\"inLanguage\":\"de\"},{\"@type\":\"Person\",\"@id\":\"https:\/\/dypall.com\/#\/schema\/person\/e87206094ce8bcf88449b35f00e40fb1\",\"name\":\"DYPALL Network\",\"image\":{\"@type\":\"ImageObject\",\"inLanguage\":\"de\",\"@id\":\"https:\/\/dypall.com\/#\/schema\/person\/image\/\",\"url\":\"https:\/\/secure.gravatar.com\/avatar\/1061d2d4c9b4f1a9b496774795b5deac1200dfd1d3abecb8f85cf8b580e6963b?s=96&d=mm&r=g\",\"contentUrl\":\"https:\/\/secure.gravatar.com\/avatar\/1061d2d4c9b4f1a9b496774795b5deac1200dfd1d3abecb8f85cf8b580e6963b?s=96&d=mm&r=g\",\"caption\":\"DYPALL Network\"},\"sameAs\":[\"https:\/\/dypall.com\/\"],\"url\":\"https:\/\/dypall.com\/de\/author\/dypallonsteroids\/\"}]}<\/script>\n<!-- \/ Yoast SEO plugin. -->","yoast_head_json":{"title":"\u201cClimbing the Ladder: fostering a culture of Youth Engagement (CL-YE)\u201d Study visit to Brussels, Belgium - DYPALL Network","robots":{"index":"index","follow":"follow","max-snippet":"max-snippet:-1","max-image-preview":"max-image-preview:large","max-video-preview":"max-video-preview:-1"},"canonical":"https:\/\/dypall.com\/de\/activity\/climbing-the-ladder-fostering-a-culture-of-youth-engagement-cl-ye-study-visit-to-brussels-belgium\/","og_locale":"de_DE","og_type":"article","og_title":"\u201cClimbing the Ladder: fostering a culture of Youth Engagement (CL-YE)\u201d Study visit to Brussels, Belgium - DYPALL Network","og_description":"The third and final Study visit of the project \u201cClimbing the Ladder: Fostering a Culture of Youth Engagement CL-YE\u201d\u2019 took place from 2nd-6th December 2024 in Brussels, Belgium, hoste by the Assembly of European Regions (AER). This evebt brought together representatives of the project consortium to connect with Europe\u2019s key institutions, delving into how youth&hellip; \u201cClimbing the Ladder: fostering a culture of Youth Engagement (CL-YE)\u201d Study visit to Brussels, Belgium weiterlesen","og_url":"https:\/\/dypall.com\/de\/activity\/climbing-the-ladder-fostering-a-culture-of-youth-engagement-cl-ye-study-visit-to-brussels-belgium\/","og_site_name":"DYPALL Network","article_published_time":"2024-12-19T16:50:57+00:00","og_image":[{"width":2000,"height":1500,"url":"https:\/\/dypall.com\/wp-content\/uploads\/2024\/12\/WhatsApp-Image-2024-12-19-at-16.30.22.jpeg","type":"image\/jpeg"}],"author":"DYPALL Network","twitter_card":"summary_large_image","twitter_misc":{"Written by":"DYPALL Network","Est. reading time":"3\u00a0Minuten"},"schema":{"@context":"https:\/\/schema.org","@graph":[{"@type":"WebPage","@id":"https:\/\/dypall.com\/activity\/climbing-the-ladder-fostering-a-culture-of-youth-engagement-cl-ye-study-visit-to-brussels-belgium\/","url":"https:\/\/dypall.com\/activity\/climbing-the-ladder-fostering-a-culture-of-youth-engagement-cl-ye-study-visit-to-brussels-belgium\/","name":"\u201cClimbing the Ladder: fostering a culture of Youth Engagement (CL-YE)\u201d Study visit to Brussels, Belgium - DYPALL Network","isPartOf":{"@id":"https:\/\/dypall.com\/#website"},"primaryImageOfPage":{"@id":"https:\/\/dypall.com\/activity\/climbing-the-ladder-fostering-a-culture-of-youth-engagement-cl-ye-study-visit-to-brussels-belgium\/#primaryimage"},"image":{"@id":"https:\/\/dypall.com\/activity\/climbing-the-ladder-fostering-a-culture-of-youth-engagement-cl-ye-study-visit-to-brussels-belgium\/#primaryimage"},"thumbnailUrl":"https:\/\/dypall.com\/wp-content\/uploads\/2024\/12\/WhatsApp-Image-2024-12-19-at-16.30.22.jpeg","datePublished":"2024-12-19T16:50:57+00:00","dateModified":"2024-12-19T16:50:57+00:00","author":{"@id":"https:\/\/dypall.com\/#\/schema\/person\/e87206094ce8bcf88449b35f00e40fb1"},"breadcrumb":{"@id":"https:\/\/dypall.com\/activity\/climbing-the-ladder-fostering-a-culture-of-youth-engagement-cl-ye-study-visit-to-brussels-belgium\/#breadcrumb"},"inLanguage":"de","potentialAction":[{"@type":"ReadAction","target":["https:\/\/dypall.com\/activity\/climbing-the-ladder-fostering-a-culture-of-youth-engagement-cl-ye-study-visit-to-brussels-belgium\/"]}]},{"@type":"ImageObject","inLanguage":"de","@id":"https:\/\/dypall.com\/activity\/climbing-the-ladder-fostering-a-culture-of-youth-engagement-cl-ye-study-visit-to-brussels-belgium\/#primaryimage","url":"https:\/\/dypall.com\/wp-content\/uploads\/2024\/12\/WhatsApp-Image-2024-12-19-at-16.30.22.jpeg","contentUrl":"https:\/\/dypall.com\/wp-content\/uploads\/2024\/12\/WhatsApp-Image-2024-12-19-at-16.30.22.jpeg","width":2000,"height":1500},{"@type":"BreadcrumbList","@id":"https:\/\/dypall.com\/activity\/climbing-the-ladder-fostering-a-culture-of-youth-engagement-cl-ye-study-visit-to-brussels-belgium\/#breadcrumb","itemListElement":[{"@type":"ListItem","position":1,"name":"Home","item":"https:\/\/dypall.com\/"},{"@type":"ListItem","position":2,"name":"\u201cClimbing the Ladder: fostering a culture of Youth Engagement (CL-YE)\u201d Study visit to Brussels, Belgium"}]},{"@type":"WebSite","@id":"https:\/\/dypall.com\/#website","url":"https:\/\/dypall.com\/","name":"DYPALL Network","description":"We are a European network of civil society organisations, municipalities and research institutions dedicated to improving democracy through youth participation.","potentialAction":[{"@type":"SearchAction","target":{"@type":"EntryPoint","urlTemplate":"https:\/\/dypall.com\/?s={search_term_string}"},"query-input":"required name=search_term_string"}],"inLanguage":"de"},{"@type":"Person","@id":"https:\/\/dypall.com\/#\/schema\/person\/e87206094ce8bcf88449b35f00e40fb1","name":"DYPALL Network","image":{"@type":"ImageObject","inLanguage":"de","@id":"https:\/\/dypall.com\/#\/schema\/person\/image\/","url":"https:\/\/secure.gravatar.com\/avatar\/1061d2d4c9b4f1a9b496774795b5deac1200dfd1d3abecb8f85cf8b580e6963b?s=96&d=mm&r=g","contentUrl":"https:\/\/secure.gravatar.com\/avatar\/1061d2d4c9b4f1a9b496774795b5deac1200dfd1d3abecb8f85cf8b580e6963b?s=96&d=mm&r=g","caption":"DYPALL Network"},"sameAs":["https:\/\/dypall.com\/"],"url":"https:\/\/dypall.com\/de\/author\/dypallonsteroids\/"}]}},"jetpack_featured_media_url":"https:\/\/dypall.com\/wp-content\/uploads\/2024\/12\/WhatsApp-Image-2024-12-19-at-16.30.22.jpeg","jetpack_sharing_enabled":true,"_links":{"self":[{"href":"https:\/\/dypall.com\/de\/wp-json\/wp\/v2\/posts\/8146","targetHints":{"allow":["GET"]}}],"collection":[{"href":"https:\/\/dypall.com\/de\/wp-json\/wp\/v2\/posts"}],"about":[{"href":"https:\/\/dypall.com\/de\/wp-json\/wp\/v2\/types\/post"}],"author":[{"embeddable":true,"href":"https:\/\/dypall.com\/de\/wp-json\/wp\/v2\/users\/5"}],"replies":[{"embeddable":true,"href":"https:\/\/dypall.com\/de\/wp-json\/wp\/v2\/comments?post=8146"}],"version-history":[{"count":1,"href":"https:\/\/dypall.com\/de\/wp-json\/wp\/v2\/posts\/8146\/revisions"}],"predecessor-version":[{"id":8153,"href":"https:\/\/dypall.com\/de\/wp-json\/wp\/v2\/posts\/8146\/revisions\/8153"}],"wp:featuredmedia":[{"embeddable":true,"href":"https:\/\/dypall.com\/de\/wp-json\/wp\/v2\/media\/8149"}],"wp:attachment":[{"href":"https:\/\/dypall.com\/de\/wp-json\/wp\/v2\/media?parent=8146"}],"wp:term":[{"taxonomy":"category","embeddable":true,"href":"https:\/\/dypall.com\/de\/wp-json\/wp\/v2\/categories?post=8146"},{"taxonomy":"post_tag","embeddable":true,"href":"https:\/\/dypall.com\/de\/wp-json\/wp\/v2\/tags?post=8146"}],"curies":[{"name":"wp","href":"https:\/\/api.w.org\/{rel}","templated":true}]}}