{"id":7742,"date":"2024-09-27T15:16:28","date_gmt":"2024-09-27T15:16:28","guid":{"rendered":"https:\/\/dypall.com\/?p=7742"},"modified":"2024-09-27T15:16:28","modified_gmt":"2024-09-27T15:16:28","slug":"empowereu-academy-in-santa-cruz-portugal","status":"publish","type":"post","link":"https:\/\/dypall.com\/de\/activity\/empowereu-academy-in-santa-cruz-portugal\/","title":{"rendered":"EmpowerEU Academy in Santa Cruz, Portugal"},"content":{"rendered":"<p>Das DYPALL-Netzwerk organisierte vom 19. bis 21. September 2024 die EmpowerEU-Akademie in Santa Cruz (Portugal).<\/p>\n\n\n\n<p>Die Akademie brachte mehr als 15 Teilnehmer aus ganz Portugal zusammen, die an aufschlussreichen Sitzungen teilnahmen, in denen die Struktur und die Funktionen der EU-Institutionen, die Bedeutung des Engagements junger Menschen und die Entwicklung kritischer Denkf\u00e4higkeiten untersucht wurden. Das Programm st\u00fctzte sich auf das Instrumentarium \u201eBildung f\u00fcr Demokratie\u201c, das nichtformale Bildungsmethoden einsetzt, um interaktives Lernen und die aktive Beteiligung junger Menschen zu f\u00f6rdern.<\/p>\n\n\n\n<p>Ein wichtiger H\u00f6hepunkt war eine praktische Simulation, bei der die Teilnehmer Minister aus verschiedenen EU-L\u00e4ndern in die Rolle spielten und praktische Kenntnisse \u00fcber die Arbeitsweise des Rates der Europ\u00e4ischen Union erlangten.<\/p>\n\n\n\n<p>Zu uns gesellte sich auch Felso, Vertreter der Europ\u00e4ischen Kommission in Portugal, deren Anwesenheit die Diskussionen und Aktivit\u00e4ten weiter vertiefte.<\/p>\n\n\n\n<p>EmpowerEU: Das Projekt \u201eYoung Multipliers for Democracy\u201c ist Teil der Initiative \u201eCitizens\u2019 Voice: Initiative \u201eHow to Get Engaged on EU Values and Policies\u201c, die von der ALDA verwaltet und von der Europ\u00e4ischen Kommission im Rahmen des CERV-Programms finanziert wird<\/p>\n\n\n\n<p><\/p>\n\n\n\n<figure class=\"wp-block-gallery has-nested-images columns-default is-cropped wp-block-gallery-1 is-layout-flex wp-block-gallery-is-layout-flex\">\n<figure class=\"wp-block-image size-large\"><img loading=\"lazy\" decoding=\"async\" width=\"2560\" height=\"1920\" data-id=\"7743\" src=\"https:\/\/dypall.com\/wp-content\/uploads\/2024\/09\/image00031-scaled.jpeg\" alt=\"\" class=\"wp-image-7743\" srcset=\"https:\/\/dypall.com\/wp-content\/uploads\/2024\/09\/image00031-scaled.jpeg 2560w, https:\/\/dypall.com\/wp-content\/uploads\/2024\/09\/image00031-768x576.jpeg 768w, https:\/\/dypall.com\/wp-content\/uploads\/2024\/09\/image00031-1536x1152.jpeg 1536w, https:\/\/dypall.com\/wp-content\/uploads\/2024\/09\/image00031-2048x1536.jpeg 2048w, https:\/\/dypall.com\/wp-content\/uploads\/2024\/09\/image00031-1568x1176.jpeg 1568w\" sizes=\"auto, (max-width: 2560px) 100vw, 2560px\" \/><\/figure>\n\n\n\n<figure class=\"wp-block-image size-large\"><img loading=\"lazy\" decoding=\"async\" width=\"1200\" height=\"1600\" data-id=\"7744\" src=\"https:\/\/dypall.com\/wp-content\/uploads\/2024\/09\/image00005.jpeg\" alt=\"\" class=\"wp-image-7744\" srcset=\"https:\/\/dypall.com\/wp-content\/uploads\/2024\/09\/image00005.jpeg 1200w, https:\/\/dypall.com\/wp-content\/uploads\/2024\/09\/image00005-768x1024.jpeg 768w, https:\/\/dypall.com\/wp-content\/uploads\/2024\/09\/image00005-1152x1536.jpeg 1152w\" sizes=\"auto, (max-width: 1200px) 100vw, 1200px\" \/><\/figure>\n\n\n\n<figure class=\"wp-block-image size-large\"><img loading=\"lazy\" decoding=\"async\" width=\"2560\" height=\"1440\" data-id=\"7746\" src=\"https:\/\/dypall.com\/wp-content\/uploads\/2024\/09\/image00042-scaled.jpeg\" alt=\"\" class=\"wp-image-7746\" srcset=\"https:\/\/dypall.com\/wp-content\/uploads\/2024\/09\/image00042-scaled.jpeg 2560w, https:\/\/dypall.com\/wp-content\/uploads\/2024\/09\/image00042-768x432.jpeg 768w, https:\/\/dypall.com\/wp-content\/uploads\/2024\/09\/image00042-1536x864.jpeg 1536w, https:\/\/dypall.com\/wp-content\/uploads\/2024\/09\/image00042-2048x1152.jpeg 2048w, https:\/\/dypall.com\/wp-content\/uploads\/2024\/09\/image00042-1568x882.jpeg 1568w\" sizes=\"auto, (max-width: 2560px) 100vw, 2560px\" \/><\/figure>\n\n\n\n<figure class=\"wp-block-image size-large\"><img loading=\"lazy\" decoding=\"async\" width=\"2560\" height=\"1920\" data-id=\"7745\" src=\"https:\/\/dypall.com\/wp-content\/uploads\/2024\/09\/image00023-scaled.jpeg\" alt=\"\" class=\"wp-image-7745\" srcset=\"https:\/\/dypall.com\/wp-content\/uploads\/2024\/09\/image00023-scaled.jpeg 2560w, https:\/\/dypall.com\/wp-content\/uploads\/2024\/09\/image00023-768x576.jpeg 768w, https:\/\/dypall.com\/wp-content\/uploads\/2024\/09\/image00023-1536x1152.jpeg 1536w, https:\/\/dypall.com\/wp-content\/uploads\/2024\/09\/image00023-2048x1536.jpeg 2048w, https:\/\/dypall.com\/wp-content\/uploads\/2024\/09\/image00023-1568x1176.jpeg 1568w\" sizes=\"auto, (max-width: 2560px) 100vw, 2560px\" \/><\/figure>\n<\/figure>","protected":false},"excerpt":{"rendered":"<p>Das DYPALL-Netzwerk organisierte vom 19. bis 21. September 2024 die EmpowerEU-Akademie in Santa Cruz (Portugal). Die Akademie brachte mehr als 15 Teilnehmer aus ganz Portugal zusammen, die an aufschlussreichen Sitzungen teilnahmen, in denen die Struktur und die Funktionen der EU-Institutionen, die Bedeutung des Engagements junger Menschen und die Entwicklung kritischer Denkf\u00e4higkeiten untersucht wurden. Das Programm... <a class=\"more-link\" href=\"https:\/\/dypall.com\/de\/activity\/empowereu-academy-in-santa-cruz-portugal\/\"><span class=\"screen-reader-text\">EmpowerEU Academy in Santa Cruz, Portugal<\/span> weiterlesen<\/a><\/p>","protected":false},"author":5,"featured_media":7743,"comment_status":"open","ping_status":"open","sticky":false,"template":"","format":"standard","meta":{"_acf_changed":false,"_jetpack_memberships_contains_paid_content":false,"footnotes":""},"categories":[111],"tags":[],"class_list":["post-7742","post","type-post","status-publish","format-standard","has-post-thumbnail","hentry","category-activity","entry"],"acf":[],"yoast_head":"<!-- This site is optimized with the Yoast SEO plugin v22.8 - https:\/\/yoast.com\/wordpress\/plugins\/seo\/ -->\n<title>EmpowerEU Academy in Santa Cruz, Portugal - DYPALL Network<\/title>\n<meta name=\"description\" content=\"DYPALL Network organised the EmpowerEU Academy in Santa Cruz, Portugal, from 19th - 21st September 2024.The academy brought together more than 15 participants from across Portugal, who took part in insightful sessions exploring the structure and functions of EU institutions, the significance of youth engagement, and the development of critical thinking skills.\" \/>\n<meta name=\"robots\" content=\"index, follow, max-snippet:-1, max-image-preview:large, max-video-preview:-1\" \/>\n<link rel=\"canonical\" href=\"https:\/\/dypall.com\/de\/activity\/empowereu-academy-in-santa-cruz-portugal\/\" \/>\n<meta property=\"og:locale\" content=\"de_DE\" \/>\n<meta property=\"og:type\" content=\"article\" \/>\n<meta property=\"og:title\" content=\"EmpowerEU Academy in Santa Cruz, Portugal - DYPALL Network\" \/>\n<meta property=\"og:description\" content=\"DYPALL Network organised the EmpowerEU Academy in Santa Cruz, Portugal, from 19th - 21st September 2024.The academy brought together more than 15 participants from across Portugal, who took part in insightful sessions exploring the structure and functions of EU institutions, the significance of youth engagement, and the development of critical thinking skills.\" \/>\n<meta property=\"og:url\" content=\"https:\/\/dypall.com\/de\/activity\/empowereu-academy-in-santa-cruz-portugal\/\" \/>\n<meta property=\"og:site_name\" content=\"DYPALL Network\" \/>\n<meta property=\"article:published_time\" content=\"2024-09-27T15:16:28+00:00\" \/>\n<meta property=\"og:image\" content=\"https:\/\/dypall.com\/wp-content\/uploads\/2024\/09\/image00031-scaled.jpeg\" \/>\n\t<meta property=\"og:image:width\" content=\"2560\" \/>\n\t<meta property=\"og:image:height\" content=\"1920\" \/>\n\t<meta property=\"og:image:type\" content=\"image\/jpeg\" \/>\n<meta name=\"author\" content=\"DYPALL Network\" \/>\n<meta name=\"twitter:card\" content=\"summary_large_image\" \/>\n<meta name=\"twitter:label1\" content=\"Written by\" \/>\n\t<meta name=\"twitter:data1\" content=\"DYPALL Network\" \/>\n\t<meta name=\"twitter:label2\" content=\"Est. reading time\" \/>\n\t<meta name=\"twitter:data2\" content=\"2\u00a0Minuten\" \/>\n<script type=\"application\/ld+json\" class=\"yoast-schema-graph\">{\"@context\":\"https:\/\/schema.org\",\"@graph\":[{\"@type\":\"WebPage\",\"@id\":\"https:\/\/dypall.com\/activity\/empowereu-academy-in-santa-cruz-portugal\/\",\"url\":\"https:\/\/dypall.com\/activity\/empowereu-academy-in-santa-cruz-portugal\/\",\"name\":\"EmpowerEU Academy in Santa Cruz, Portugal - DYPALL Network\",\"isPartOf\":{\"@id\":\"https:\/\/dypall.com\/#website\"},\"primaryImageOfPage\":{\"@id\":\"https:\/\/dypall.com\/activity\/empowereu-academy-in-santa-cruz-portugal\/#primaryimage\"},\"image\":{\"@id\":\"https:\/\/dypall.com\/activity\/empowereu-academy-in-santa-cruz-portugal\/#primaryimage\"},\"thumbnailUrl\":\"https:\/\/dypall.com\/wp-content\/uploads\/2024\/09\/image00031-scaled.jpeg\",\"datePublished\":\"2024-09-27T15:16:28+00:00\",\"dateModified\":\"2024-09-27T15:16:28+00:00\",\"author\":{\"@id\":\"https:\/\/dypall.com\/#\/schema\/person\/e87206094ce8bcf88449b35f00e40fb1\"},\"description\":\"DYPALL Network organised the EmpowerEU Academy in Santa Cruz, Portugal, from 19th - 21st September 2024.The academy brought together more than 15 participants from across Portugal, who took part in insightful sessions exploring the structure and functions of EU institutions, the significance of youth engagement, and the development of critical thinking skills.\",\"breadcrumb\":{\"@id\":\"https:\/\/dypall.com\/activity\/empowereu-academy-in-santa-cruz-portugal\/#breadcrumb\"},\"inLanguage\":\"de\",\"potentialAction\":[{\"@type\":\"ReadAction\",\"target\":[\"https:\/\/dypall.com\/activity\/empowereu-academy-in-santa-cruz-portugal\/\"]}]},{\"@type\":\"ImageObject\",\"inLanguage\":\"de\",\"@id\":\"https:\/\/dypall.com\/activity\/empowereu-academy-in-santa-cruz-portugal\/#primaryimage\",\"url\":\"https:\/\/dypall.com\/wp-content\/uploads\/2024\/09\/image00031-scaled.jpeg\",\"contentUrl\":\"https:\/\/dypall.com\/wp-content\/uploads\/2024\/09\/image00031-scaled.jpeg\",\"width\":2560,\"height\":1920},{\"@type\":\"BreadcrumbList\",\"@id\":\"https:\/\/dypall.com\/activity\/empowereu-academy-in-santa-cruz-portugal\/#breadcrumb\",\"itemListElement\":[{\"@type\":\"ListItem\",\"position\":1,\"name\":\"Home\",\"item\":\"https:\/\/dypall.com\/\"},{\"@type\":\"ListItem\",\"position\":2,\"name\":\"EmpowerEU Academy in Santa Cruz, Portugal\"}]},{\"@type\":\"WebSite\",\"@id\":\"https:\/\/dypall.com\/#website\",\"url\":\"https:\/\/dypall.com\/\",\"name\":\"DYPALL Network\",\"description\":\"We are a European network of civil society organisations, municipalities and research institutions dedicated to improving democracy through youth participation.\",\"potentialAction\":[{\"@type\":\"SearchAction\",\"target\":{\"@type\":\"EntryPoint\",\"urlTemplate\":\"https:\/\/dypall.com\/?s={search_term_string}\"},\"query-input\":\"required name=search_term_string\"}],\"inLanguage\":\"de\"},{\"@type\":\"Person\",\"@id\":\"https:\/\/dypall.com\/#\/schema\/person\/e87206094ce8bcf88449b35f00e40fb1\",\"name\":\"DYPALL Network\",\"image\":{\"@type\":\"ImageObject\",\"inLanguage\":\"de\",\"@id\":\"https:\/\/dypall.com\/#\/schema\/person\/image\/\",\"url\":\"https:\/\/secure.gravatar.com\/avatar\/1061d2d4c9b4f1a9b496774795b5deac1200dfd1d3abecb8f85cf8b580e6963b?s=96&d=mm&r=g\",\"contentUrl\":\"https:\/\/secure.gravatar.com\/avatar\/1061d2d4c9b4f1a9b496774795b5deac1200dfd1d3abecb8f85cf8b580e6963b?s=96&d=mm&r=g\",\"caption\":\"DYPALL Network\"},\"sameAs\":[\"https:\/\/dypall.com\/\"],\"url\":\"https:\/\/dypall.com\/de\/author\/dypallonsteroids\/\"}]}<\/script>\n<!-- \/ Yoast SEO plugin. -->","yoast_head_json":{"title":"EmpowerEU Academy in Santa Cruz, Portugal - DYPALL Network","description":"DYPALL Network organised the EmpowerEU Academy in Santa Cruz, Portugal, from 19th - 21st September 2024.The academy brought together more than 15 participants from across Portugal, who took part in insightful sessions exploring the structure and functions of EU institutions, the significance of youth engagement, and the development of critical thinking skills.","robots":{"index":"index","follow":"follow","max-snippet":"max-snippet:-1","max-image-preview":"max-image-preview:large","max-video-preview":"max-video-preview:-1"},"canonical":"https:\/\/dypall.com\/de\/activity\/empowereu-academy-in-santa-cruz-portugal\/","og_locale":"de_DE","og_type":"article","og_title":"EmpowerEU Academy in Santa Cruz, Portugal - DYPALL Network","og_description":"DYPALL Network organised the EmpowerEU Academy in Santa Cruz, Portugal, from 19th - 21st September 2024.The academy brought together more than 15 participants from across Portugal, who took part in insightful sessions exploring the structure and functions of EU institutions, the significance of youth engagement, and the development of critical thinking skills.","og_url":"https:\/\/dypall.com\/de\/activity\/empowereu-academy-in-santa-cruz-portugal\/","og_site_name":"DYPALL Network","article_published_time":"2024-09-27T15:16:28+00:00","og_image":[{"width":2560,"height":1920,"url":"https:\/\/dypall.com\/wp-content\/uploads\/2024\/09\/image00031-scaled.jpeg","type":"image\/jpeg"}],"author":"DYPALL Network","twitter_card":"summary_large_image","twitter_misc":{"Written by":"DYPALL Network","Est. reading time":"2\u00a0Minuten"},"schema":{"@context":"https:\/\/schema.org","@graph":[{"@type":"WebPage","@id":"https:\/\/dypall.com\/activity\/empowereu-academy-in-santa-cruz-portugal\/","url":"https:\/\/dypall.com\/activity\/empowereu-academy-in-santa-cruz-portugal\/","name":"EmpowerEU Academy in Santa Cruz, Portugal - DYPALL Network","isPartOf":{"@id":"https:\/\/dypall.com\/#website"},"primaryImageOfPage":{"@id":"https:\/\/dypall.com\/activity\/empowereu-academy-in-santa-cruz-portugal\/#primaryimage"},"image":{"@id":"https:\/\/dypall.com\/activity\/empowereu-academy-in-santa-cruz-portugal\/#primaryimage"},"thumbnailUrl":"https:\/\/dypall.com\/wp-content\/uploads\/2024\/09\/image00031-scaled.jpeg","datePublished":"2024-09-27T15:16:28+00:00","dateModified":"2024-09-27T15:16:28+00:00","author":{"@id":"https:\/\/dypall.com\/#\/schema\/person\/e87206094ce8bcf88449b35f00e40fb1"},"description":"DYPALL Network organised the EmpowerEU Academy in Santa Cruz, Portugal, from 19th - 21st September 2024.The academy brought together more than 15 participants from across Portugal, who took part in insightful sessions exploring the structure and functions of EU institutions, the significance of youth engagement, and the development of critical thinking skills.","breadcrumb":{"@id":"https:\/\/dypall.com\/activity\/empowereu-academy-in-santa-cruz-portugal\/#breadcrumb"},"inLanguage":"de","potentialAction":[{"@type":"ReadAction","target":["https:\/\/dypall.com\/activity\/empowereu-academy-in-santa-cruz-portugal\/"]}]},{"@type":"ImageObject","inLanguage":"de","@id":"https:\/\/dypall.com\/activity\/empowereu-academy-in-santa-cruz-portugal\/#primaryimage","url":"https:\/\/dypall.com\/wp-content\/uploads\/2024\/09\/image00031-scaled.jpeg","contentUrl":"https:\/\/dypall.com\/wp-content\/uploads\/2024\/09\/image00031-scaled.jpeg","width":2560,"height":1920},{"@type":"BreadcrumbList","@id":"https:\/\/dypall.com\/activity\/empowereu-academy-in-santa-cruz-portugal\/#breadcrumb","itemListElement":[{"@type":"ListItem","position":1,"name":"Home","item":"https:\/\/dypall.com\/"},{"@type":"ListItem","position":2,"name":"EmpowerEU Academy in Santa Cruz, Portugal"}]},{"@type":"WebSite","@id":"https:\/\/dypall.com\/#website","url":"https:\/\/dypall.com\/","name":"DYPALL Network","description":"We are a European network of civil society organisations, municipalities and research institutions dedicated to improving democracy through youth participation.","potentialAction":[{"@type":"SearchAction","target":{"@type":"EntryPoint","urlTemplate":"https:\/\/dypall.com\/?s={search_term_string}"},"query-input":"required name=search_term_string"}],"inLanguage":"de"},{"@type":"Person","@id":"https:\/\/dypall.com\/#\/schema\/person\/e87206094ce8bcf88449b35f00e40fb1","name":"DYPALL Network","image":{"@type":"ImageObject","inLanguage":"de","@id":"https:\/\/dypall.com\/#\/schema\/person\/image\/","url":"https:\/\/secure.gravatar.com\/avatar\/1061d2d4c9b4f1a9b496774795b5deac1200dfd1d3abecb8f85cf8b580e6963b?s=96&d=mm&r=g","contentUrl":"https:\/\/secure.gravatar.com\/avatar\/1061d2d4c9b4f1a9b496774795b5deac1200dfd1d3abecb8f85cf8b580e6963b?s=96&d=mm&r=g","caption":"DYPALL Network"},"sameAs":["https:\/\/dypall.com\/"],"url":"https:\/\/dypall.com\/de\/author\/dypallonsteroids\/"}]}},"jetpack_featured_media_url":"https:\/\/dypall.com\/wp-content\/uploads\/2024\/09\/image00031-scaled.jpeg","jetpack_sharing_enabled":true,"_links":{"self":[{"href":"https:\/\/dypall.com\/de\/wp-json\/wp\/v2\/posts\/7742","targetHints":{"allow":["GET"]}}],"collection":[{"href":"https:\/\/dypall.com\/de\/wp-json\/wp\/v2\/posts"}],"about":[{"href":"https:\/\/dypall.com\/de\/wp-json\/wp\/v2\/types\/post"}],"author":[{"embeddable":true,"href":"https:\/\/dypall.com\/de\/wp-json\/wp\/v2\/users\/5"}],"replies":[{"embeddable":true,"href":"https:\/\/dypall.com\/de\/wp-json\/wp\/v2\/comments?post=7742"}],"version-history":[{"count":1,"href":"https:\/\/dypall.com\/de\/wp-json\/wp\/v2\/posts\/7742\/revisions"}],"predecessor-version":[{"id":7747,"href":"https:\/\/dypall.com\/de\/wp-json\/wp\/v2\/posts\/7742\/revisions\/7747"}],"wp:featuredmedia":[{"embeddable":true,"href":"https:\/\/dypall.com\/de\/wp-json\/wp\/v2\/media\/7743"}],"wp:attachment":[{"href":"https:\/\/dypall.com\/de\/wp-json\/wp\/v2\/media?parent=7742"}],"wp:term":[{"taxonomy":"category","embeddable":true,"href":"https:\/\/dypall.com\/de\/wp-json\/wp\/v2\/categories?post=7742"},{"taxonomy":"post_tag","embeddable":true,"href":"https:\/\/dypall.com\/de\/wp-json\/wp\/v2\/tags?post=7742"}],"curies":[{"name":"wp","href":"https:\/\/api.w.org\/{rel}","templated":true}]}}