{"id":6998,"date":"2024-03-06T13:06:46","date_gmt":"2024-03-06T13:06:46","guid":{"rendered":"https:\/\/dypall.com\/?p=6998"},"modified":"2024-06-06T11:19:27","modified_gmt":"2024-06-06T11:19:27","slug":"euinfluencers-large-scale-youth-event","status":"publish","type":"post","link":"https:\/\/dypall.com\/de\/activity\/euinfluencers-large-scale-youth-event\/","title":{"rendered":"#EUInfluencers Gro\u00df angelegte Jugendveranstaltung"},"content":{"rendered":"<p><span style=\"font-weight: 400;\">Die letzte Veranstaltung des <strong>#EUInfluencer<\/strong> Projekt <em><strong>\u201eJugend in Aktion\u201c<\/strong><\/em> fand am 15. Februar 2024 um 16:00 Uhr (Ortszeit Br\u00fcssel) online statt und feierte die Macht junger Menschen in der EU.\u00a0<\/span><\/p>\n<p><span style=\"font-weight: 400;\">Die Veranstaltung richtete sich an Vertreter zivilgesellschaftlicher Organisationen, lokaler Beh\u00f6rden und europ\u00e4ischer Institutionen sowie Jugendbetreuer und Jugendleiter, die sich inspirieren lassen und m\u00f6glicherweise die Methodik und die Ressourcen der Organisation nutzen wollten. #EUInfluencers projizieren in ihrer Arbeit. Die Podiumsteilnehmer der Veranstaltung lieferten Einblicke und Perspektiven zur \u00dcberbr\u00fcckung der Kluft zwischen Jugendlichen und Entscheidungstr\u00e4gern sowie Strategien f\u00fcr eine wirksame Einbeziehung junger Menschen in die lokale und europ\u00e4ische Politikgestaltung. Die Podiumsdiskussion endete mit einem lebhaften Austausch von Ideen und Verpflichtungen zur weiteren F\u00f6rderung der Teilhabe und St\u00e4rkung junger Menschen in ganz Europa.<\/span><\/p>\n<p>Die <strong>Panel-Lautsprecher<\/strong> Dabei handelte es sich um Folgendes:<\/p>\n<ul>\n<li style=\"font-weight: 400;\" aria-level=\"1\"><span style=\"font-weight: 400;\">Alithy Djiemo, #EUInfluencer<\/span><\/li>\n<li style=\"font-weight: 400;\" aria-level=\"1\"><span style=\"font-weight: 400;\">Marko Ve\u0161ligaj, B\u00fcrgermeister von Pregrada\u00a0<\/span><\/li>\n<li style=\"font-weight: 400;\" aria-level=\"1\"><span style=\"font-weight: 400;\">Milica Kostin, Jugendaktivistin<\/span><\/li>\n<li style=\"font-weight: 400;\" aria-level=\"1\"><span style=\"font-weight: 400;\">Jorge Orlando, Europ\u00e4ischer Lenkungsausschuss f\u00fcr die Jugend, Vorsitzender\u00a0<\/span><\/li>\n<\/ul>\n<p><span style=\"font-weight: 400;\">W\u00e4hrend der Abschlussveranstaltung \u201eJugend in Aktion\u201c, an der 149 Teilnehmer teilnahmen, stellten junge Influencer die inspirierenden lokalen Schulungen, lokalen Aktionen und Social-Media-Kampagnen vor, die sie im Rahmen des Programms \u201eJugend in Aktion\u201c durchgef\u00fchrt hatten. #EUInfluencers-Projekt auf lokaler Ebene\u00a0<\/span><\/p>\n<p><span style=\"font-weight: 400;\">Die Veranstaltung diente als Plattform f\u00fcr inspirierenden Dialog und Zusammenarbeit und verdeutlichte die entscheidende Rolle junger Menschen bei der Gestaltung der Zukunft Europas. <\/span><\/p>\n<p><span style=\"font-weight: 400;\">Sie k\u00f6nnen die Aufzeichnung der Veranstaltung sehen <a href=\"https:\/\/www.youtube.com\/watch?v=l4D4IN7YAzk&amp;fbclid=IwAR3yIIFgb42mCoVg2q-yKzJl_5R_SuLJjL2V2A9GUgQ6wctz7X0s-wNO1ns\">Hier ist es.<\/a><\/span><\/p>\n<p><span style=\"font-weight: 400;\">Dieses Projekt wird von DYPALL Network in Partnerschaft mit<\/span><a href=\"https:\/\/www.facebook.com\/ass.elios?__cft__%5B0%5D=AZUKL0qdGfowntJpGXsszHny8LgQRayl4sJ0zazyLlrBi6Lon6izIQX9Lj0Ts9GeW028MA8VANdCdErVgQnzD9O2VeBNVptzAYUcxORVqauNNRx9pjprlM6HRt94_fG_SQc2F3z8atItJzUxt5loC9ZaX5PB6UXTZ-ltCCDmFguL-u1EKaVxSsUuSmkQ8CDXZUc&amp;__tn__=-%5DK-R\"> <span style=\"font-weight: 400;\">Associazione Elios<\/span><\/a><span style=\"font-weight: 400;\"> (Italien),<\/span><a href=\"https:\/\/e8.org.rs\/\"> <span style=\"font-weight: 400;\">Centar E8<\/span><\/a><span style=\"font-weight: 400;\"> (Serbien), <\/span><a href=\"https:\/\/zagorje-sutla.eu\/\"><span style=\"font-weight: 400;\">LAG Zagorje \u2013 Sutla<\/span><\/a><span style=\"font-weight: 400;\"> (Kroatien) und<\/span><a href=\"https:\/\/www.facebook.com\/aecsweden?__cft__%5B0%5D=AZUKL0qdGfowntJpGXsszHny8LgQRayl4sJ0zazyLlrBi6Lon6izIQX9Lj0Ts9GeW028MA8VANdCdErVgQnzD9O2VeBNVptzAYUcxORVqauNNRx9pjprlM6HRt94_fG_SQc2F3z8atItJzUxt5loC9ZaX5PB6UXTZ-ltCCDmFguL-u1EKaVxSsUuSmkQ8CDXZUc&amp;__tn__=-%5DK-R\"> <span style=\"font-weight: 400;\">Afrikanisches Empowerment-Zentrum<\/span><\/a><span style=\"font-weight: 400;\"> (Schweden), kofinanziert durch das Programm \u201eEuropean Youth Together\u201c der Europ\u00e4ischen Union.<\/span><\/p>\n<p><a href=\"https:\/\/dypall.com\/de\/2024\/03\/06\/euinfluencers-large-scale-youth-event\/419242340_796486902515668_4019082474831724415_n\/#main\" rel=\"attachment wp-att-6999\"><img loading=\"lazy\" decoding=\"async\" class=\"wp-image-6999 aligncenter\" src=\"https:\/\/dypall.com\/wp-content\/uploads\/2024\/03\/419242340_796486902515668_4019082474831724415_n.jpeg\" alt=\"\" width=\"937\" height=\"528\" \/><\/a><\/p>\n<p><a href=\"https:\/\/dypall.com\/de\/2024\/03\/06\/euinfluencers-large-scale-youth-event\/schermata-2024-02-15-alle-15-14-38\/#main\" rel=\"attachment wp-att-7000\"><img loading=\"lazy\" decoding=\"async\" class=\"wp-image-7000 aligncenter\" src=\"https:\/\/dypall.com\/wp-content\/uploads\/2024\/03\/Schermata-2024-02-15-alle-15.14.38.png\" alt=\"\" width=\"934\" height=\"526\" \/><\/a><\/p>\n<p><img loading=\"lazy\" decoding=\"async\" class=\"wp-image-7001 aligncenter\" src=\"https:\/\/dypall.com\/wp-content\/uploads\/2024\/03\/Schermata-2024-02-15-alle-15.22.52.png\" alt=\"\" width=\"929\" height=\"522\" \/><\/p>\n<p><a href=\"https:\/\/dypall.com\/de\/2024\/03\/06\/euinfluencers-large-scale-youth-event\/schermata-2024-02-15-alle-15-29-37\/#main\" rel=\"attachment wp-att-7002\"><img loading=\"lazy\" decoding=\"async\" class=\"wp-image-7002 aligncenter\" src=\"https:\/\/dypall.com\/wp-content\/uploads\/2024\/03\/Schermata-2024-02-15-alle-15.29.37.png\" alt=\"\" width=\"929\" height=\"523\" \/><\/a><\/p>\n<p><a href=\"https:\/\/dypall.com\/de\/2024\/03\/06\/euinfluencers-large-scale-youth-event\/schermata-2024-02-15-alle-15-39-59\/#main\" rel=\"attachment wp-att-7003\"><img loading=\"lazy\" decoding=\"async\" class=\"wp-image-7003 aligncenter\" src=\"https:\/\/dypall.com\/wp-content\/uploads\/2024\/03\/Schermata-2024-02-15-alle-15.39.59.png\" alt=\"\" width=\"923\" height=\"519\" \/><\/a><\/p>\n<p><a href=\"https:\/\/dypall.com\/de\/2024\/03\/06\/euinfluencers-large-scale-youth-event\/schermata-2024-02-15-alle-16-28-06\/#main\" rel=\"attachment wp-att-7004\"><img loading=\"lazy\" decoding=\"async\" class=\"wp-image-7004 aligncenter\" src=\"https:\/\/dypall.com\/wp-content\/uploads\/2024\/03\/Schermata-2024-02-15-alle-16.28.06.png\" alt=\"\" width=\"921\" height=\"518\" \/><\/a><\/p>","protected":false},"excerpt":{"rendered":"<p>Die letzte Veranstaltung des #Das EUInfluencers-Projekt \u201eJugend in Aktion\u201c fand am 15. Februar 2024 um 16:00 Uhr (Br\u00fcsseler Zeit) online statt und feierte die Macht junger Menschen in der EU.\u00a0 Die Veranstaltung richtete sich an Vertreter zivilgesellschaftlicher Organisationen, lokaler Beh\u00f6rden und europ\u00e4ischer Institutionen sowie an Jugendarbeiter und Jugendleiter, die... <a class=\"more-link\" href=\"https:\/\/dypall.com\/de\/activity\/euinfluencers-large-scale-youth-event\/\"><span class=\"screen-reader-text\">#EUInfluencers Gro\u00df angelegte Jugendveranstaltung<\/span> weiterlesen<\/a><\/p>","protected":false},"author":1,"featured_media":7134,"comment_status":"closed","ping_status":"open","sticky":false,"template":"","format":"standard","meta":{"_acf_changed":false,"_jetpack_memberships_contains_paid_content":false,"footnotes":""},"categories":[111],"tags":[],"class_list":["post-6998","post","type-post","status-publish","format-standard","has-post-thumbnail","hentry","category-activity","entry"],"acf":[],"yoast_head":"<!-- This site is optimized with the Yoast SEO plugin v22.8 - https:\/\/yoast.com\/wordpress\/plugins\/seo\/ -->\n<title>#EUInfluencers Large-scale youth event - DYPALL Network<\/title>\n<meta name=\"robots\" content=\"index, follow, max-snippet:-1, max-image-preview:large, max-video-preview:-1\" \/>\n<link rel=\"canonical\" href=\"https:\/\/dypall.com\/de\/activity\/euinfluencers-large-scale-youth-event\/\" \/>\n<meta property=\"og:locale\" content=\"de_DE\" \/>\n<meta property=\"og:type\" content=\"article\" \/>\n<meta property=\"og:title\" content=\"#EUInfluencers Large-scale youth event - DYPALL Network\" \/>\n<meta property=\"og:description\" content=\"The final event of the #EUInfluencers project &#8220;Youth in Action&#8221; took place online on 15th February 2024 at 16:00 (Brussels time), and it celebrated the power of young people in the EU.\u00a0 The event was designed for representatives of CSOs, local authorities, and European institutions, as well as youth workers and youth leaders who wanted&hellip; #EUInfluencers Large-scale youth event weiterlesen\" \/>\n<meta property=\"og:url\" content=\"https:\/\/dypall.com\/de\/activity\/euinfluencers-large-scale-youth-event\/\" \/>\n<meta property=\"og:site_name\" content=\"DYPALL Network\" \/>\n<meta property=\"article:published_time\" content=\"2024-03-06T13:06:46+00:00\" \/>\n<meta property=\"article:modified_time\" content=\"2024-06-06T11:19:27+00:00\" \/>\n<meta property=\"og:image\" content=\"https:\/\/dypall.com\/wp-content\/uploads\/2024\/03\/419242340_796486902515668_4019082474831724415_n-1.jpeg\" \/>\n\t<meta property=\"og:image:width\" content=\"2048\" \/>\n\t<meta property=\"og:image:height\" content=\"1154\" \/>\n\t<meta property=\"og:image:type\" content=\"image\/jpeg\" \/>\n<meta name=\"author\" content=\"DYPALL Network\" \/>\n<meta name=\"twitter:card\" content=\"summary_large_image\" \/>\n<meta name=\"twitter:label1\" content=\"Written by\" \/>\n\t<meta name=\"twitter:data1\" content=\"DYPALL Network\" \/>\n\t<meta name=\"twitter:label2\" content=\"Est. reading time\" \/>\n\t<meta name=\"twitter:data2\" content=\"1\u00a0Minute\" \/>\n<script type=\"application\/ld+json\" class=\"yoast-schema-graph\">{\"@context\":\"https:\/\/schema.org\",\"@graph\":[{\"@type\":\"WebPage\",\"@id\":\"https:\/\/dypall.com\/activity\/euinfluencers-large-scale-youth-event\/\",\"url\":\"https:\/\/dypall.com\/activity\/euinfluencers-large-scale-youth-event\/\",\"name\":\"#EUInfluencers Large-scale youth event - DYPALL Network\",\"isPartOf\":{\"@id\":\"https:\/\/dypall.com\/#website\"},\"primaryImageOfPage\":{\"@id\":\"https:\/\/dypall.com\/activity\/euinfluencers-large-scale-youth-event\/#primaryimage\"},\"image\":{\"@id\":\"https:\/\/dypall.com\/activity\/euinfluencers-large-scale-youth-event\/#primaryimage\"},\"thumbnailUrl\":\"https:\/\/dypall.com\/wp-content\/uploads\/2024\/03\/419242340_796486902515668_4019082474831724415_n-1.jpeg\",\"datePublished\":\"2024-03-06T13:06:46+00:00\",\"dateModified\":\"2024-06-06T11:19:27+00:00\",\"author\":{\"@id\":\"https:\/\/dypall.com\/#\/schema\/person\/f92e08aa15c8ba711a9d153129f03377\"},\"breadcrumb\":{\"@id\":\"https:\/\/dypall.com\/activity\/euinfluencers-large-scale-youth-event\/#breadcrumb\"},\"inLanguage\":\"de\",\"potentialAction\":[{\"@type\":\"ReadAction\",\"target\":[\"https:\/\/dypall.com\/activity\/euinfluencers-large-scale-youth-event\/\"]}]},{\"@type\":\"ImageObject\",\"inLanguage\":\"de\",\"@id\":\"https:\/\/dypall.com\/activity\/euinfluencers-large-scale-youth-event\/#primaryimage\",\"url\":\"https:\/\/dypall.com\/wp-content\/uploads\/2024\/03\/419242340_796486902515668_4019082474831724415_n-1.jpeg\",\"contentUrl\":\"https:\/\/dypall.com\/wp-content\/uploads\/2024\/03\/419242340_796486902515668_4019082474831724415_n-1.jpeg\",\"width\":2048,\"height\":1154},{\"@type\":\"BreadcrumbList\",\"@id\":\"https:\/\/dypall.com\/activity\/euinfluencers-large-scale-youth-event\/#breadcrumb\",\"itemListElement\":[{\"@type\":\"ListItem\",\"position\":1,\"name\":\"Home\",\"item\":\"https:\/\/dypall.com\/\"},{\"@type\":\"ListItem\",\"position\":2,\"name\":\"#EUInfluencers Large-scale youth event\"}]},{\"@type\":\"WebSite\",\"@id\":\"https:\/\/dypall.com\/#website\",\"url\":\"https:\/\/dypall.com\/\",\"name\":\"DYPALL Network\",\"description\":\"We are a European network of civil society organisations, municipalities and research institutions dedicated to improving democracy through youth participation.\",\"potentialAction\":[{\"@type\":\"SearchAction\",\"target\":{\"@type\":\"EntryPoint\",\"urlTemplate\":\"https:\/\/dypall.com\/?s={search_term_string}\"},\"query-input\":\"required name=search_term_string\"}],\"inLanguage\":\"de\"},{\"@type\":\"Person\",\"@id\":\"https:\/\/dypall.com\/#\/schema\/person\/f92e08aa15c8ba711a9d153129f03377\",\"name\":\"DYPALL Network\",\"image\":{\"@type\":\"ImageObject\",\"inLanguage\":\"de\",\"@id\":\"https:\/\/dypall.com\/#\/schema\/person\/image\/\",\"url\":\"https:\/\/secure.gravatar.com\/avatar\/9c39e299279800c6d69c5e02cf613e7bab060889f373052a03d7ac399e8f0d3c?s=96&d=mm&r=g\",\"contentUrl\":\"https:\/\/secure.gravatar.com\/avatar\/9c39e299279800c6d69c5e02cf613e7bab060889f373052a03d7ac399e8f0d3c?s=96&d=mm&r=g\",\"caption\":\"DYPALL Network\"},\"sameAs\":[\"https:\/\/dypall.com\"],\"url\":\"https:\/\/dypall.com\/de\/author\/dypall\/\"}]}<\/script>\n<!-- \/ Yoast SEO plugin. -->","yoast_head_json":{"title":"#EUInfluencers Large-scale youth event - DYPALL Network","robots":{"index":"index","follow":"follow","max-snippet":"max-snippet:-1","max-image-preview":"max-image-preview:large","max-video-preview":"max-video-preview:-1"},"canonical":"https:\/\/dypall.com\/de\/activity\/euinfluencers-large-scale-youth-event\/","og_locale":"de_DE","og_type":"article","og_title":"#EUInfluencers Large-scale youth event - DYPALL Network","og_description":"The final event of the #EUInfluencers project &#8220;Youth in Action&#8221; took place online on 15th February 2024 at 16:00 (Brussels time), and it celebrated the power of young people in the EU.\u00a0 The event was designed for representatives of CSOs, local authorities, and European institutions, as well as youth workers and youth leaders who wanted&hellip; #EUInfluencers Large-scale youth event weiterlesen","og_url":"https:\/\/dypall.com\/de\/activity\/euinfluencers-large-scale-youth-event\/","og_site_name":"DYPALL Network","article_published_time":"2024-03-06T13:06:46+00:00","article_modified_time":"2024-06-06T11:19:27+00:00","og_image":[{"width":2048,"height":1154,"url":"https:\/\/dypall.com\/wp-content\/uploads\/2024\/03\/419242340_796486902515668_4019082474831724415_n-1.jpeg","type":"image\/jpeg"}],"author":"DYPALL Network","twitter_card":"summary_large_image","twitter_misc":{"Written by":"DYPALL Network","Est. reading time":"1\u00a0Minute"},"schema":{"@context":"https:\/\/schema.org","@graph":[{"@type":"WebPage","@id":"https:\/\/dypall.com\/activity\/euinfluencers-large-scale-youth-event\/","url":"https:\/\/dypall.com\/activity\/euinfluencers-large-scale-youth-event\/","name":"#EUInfluencers Large-scale youth event - DYPALL Network","isPartOf":{"@id":"https:\/\/dypall.com\/#website"},"primaryImageOfPage":{"@id":"https:\/\/dypall.com\/activity\/euinfluencers-large-scale-youth-event\/#primaryimage"},"image":{"@id":"https:\/\/dypall.com\/activity\/euinfluencers-large-scale-youth-event\/#primaryimage"},"thumbnailUrl":"https:\/\/dypall.com\/wp-content\/uploads\/2024\/03\/419242340_796486902515668_4019082474831724415_n-1.jpeg","datePublished":"2024-03-06T13:06:46+00:00","dateModified":"2024-06-06T11:19:27+00:00","author":{"@id":"https:\/\/dypall.com\/#\/schema\/person\/f92e08aa15c8ba711a9d153129f03377"},"breadcrumb":{"@id":"https:\/\/dypall.com\/activity\/euinfluencers-large-scale-youth-event\/#breadcrumb"},"inLanguage":"de","potentialAction":[{"@type":"ReadAction","target":["https:\/\/dypall.com\/activity\/euinfluencers-large-scale-youth-event\/"]}]},{"@type":"ImageObject","inLanguage":"de","@id":"https:\/\/dypall.com\/activity\/euinfluencers-large-scale-youth-event\/#primaryimage","url":"https:\/\/dypall.com\/wp-content\/uploads\/2024\/03\/419242340_796486902515668_4019082474831724415_n-1.jpeg","contentUrl":"https:\/\/dypall.com\/wp-content\/uploads\/2024\/03\/419242340_796486902515668_4019082474831724415_n-1.jpeg","width":2048,"height":1154},{"@type":"BreadcrumbList","@id":"https:\/\/dypall.com\/activity\/euinfluencers-large-scale-youth-event\/#breadcrumb","itemListElement":[{"@type":"ListItem","position":1,"name":"Home","item":"https:\/\/dypall.com\/"},{"@type":"ListItem","position":2,"name":"#EUInfluencers Large-scale youth event"}]},{"@type":"WebSite","@id":"https:\/\/dypall.com\/#website","url":"https:\/\/dypall.com\/","name":"DYPALL Network","description":"We are a European network of civil society organisations, municipalities and research institutions dedicated to improving democracy through youth participation.","potentialAction":[{"@type":"SearchAction","target":{"@type":"EntryPoint","urlTemplate":"https:\/\/dypall.com\/?s={search_term_string}"},"query-input":"required name=search_term_string"}],"inLanguage":"de"},{"@type":"Person","@id":"https:\/\/dypall.com\/#\/schema\/person\/f92e08aa15c8ba711a9d153129f03377","name":"DYPALL Network","image":{"@type":"ImageObject","inLanguage":"de","@id":"https:\/\/dypall.com\/#\/schema\/person\/image\/","url":"https:\/\/secure.gravatar.com\/avatar\/9c39e299279800c6d69c5e02cf613e7bab060889f373052a03d7ac399e8f0d3c?s=96&d=mm&r=g","contentUrl":"https:\/\/secure.gravatar.com\/avatar\/9c39e299279800c6d69c5e02cf613e7bab060889f373052a03d7ac399e8f0d3c?s=96&d=mm&r=g","caption":"DYPALL Network"},"sameAs":["https:\/\/dypall.com"],"url":"https:\/\/dypall.com\/de\/author\/dypall\/"}]}},"jetpack_featured_media_url":"https:\/\/dypall.com\/wp-content\/uploads\/2024\/03\/419242340_796486902515668_4019082474831724415_n-1.jpeg","jetpack_sharing_enabled":true,"_links":{"self":[{"href":"https:\/\/dypall.com\/de\/wp-json\/wp\/v2\/posts\/6998","targetHints":{"allow":["GET"]}}],"collection":[{"href":"https:\/\/dypall.com\/de\/wp-json\/wp\/v2\/posts"}],"about":[{"href":"https:\/\/dypall.com\/de\/wp-json\/wp\/v2\/types\/post"}],"author":[{"embeddable":true,"href":"https:\/\/dypall.com\/de\/wp-json\/wp\/v2\/users\/1"}],"replies":[{"embeddable":true,"href":"https:\/\/dypall.com\/de\/wp-json\/wp\/v2\/comments?post=6998"}],"version-history":[{"count":2,"href":"https:\/\/dypall.com\/de\/wp-json\/wp\/v2\/posts\/6998\/revisions"}],"predecessor-version":[{"id":7229,"href":"https:\/\/dypall.com\/de\/wp-json\/wp\/v2\/posts\/6998\/revisions\/7229"}],"wp:featuredmedia":[{"embeddable":true,"href":"https:\/\/dypall.com\/de\/wp-json\/wp\/v2\/media\/7134"}],"wp:attachment":[{"href":"https:\/\/dypall.com\/de\/wp-json\/wp\/v2\/media?parent=6998"}],"wp:term":[{"taxonomy":"category","embeddable":true,"href":"https:\/\/dypall.com\/de\/wp-json\/wp\/v2\/categories?post=6998"},{"taxonomy":"post_tag","embeddable":true,"href":"https:\/\/dypall.com\/de\/wp-json\/wp\/v2\/tags?post=6998"}],"curies":[{"name":"wp","href":"https:\/\/api.w.org\/{rel}","templated":true}]}}