{"id":6986,"date":"2024-03-06T12:50:26","date_gmt":"2024-03-06T12:50:26","guid":{"rendered":"https:\/\/dypall.com\/?p=6986"},"modified":"2024-06-06T08:57:38","modified_gmt":"2024-06-06T08:57:38","slug":"dypall-network-at-the-european-conference-on-local-youth-work-and-democracy","status":"publish","type":"post","link":"https:\/\/dypall.com\/de\/activity\/dypall-network-at-the-european-conference-on-local-youth-work-and-democracy\/","title":{"rendered":"DYPALL-Netzwerk auf der Europ\u00e4ischen Konferenz f\u00fcr lokale Jugendarbeit und Demokratie"},"content":{"rendered":"<p><span style=\"font-weight: 400;\">Das DYPALL-Netzwerk spielte eine wichtige Rolle in der j\u00fcngsten <strong>Europ\u00e4ische Konferenz \u00fcber lokale Jugendarbeit und Demokratie<\/strong>, organisiert von der<strong> Belgischer EU-Ratsvorsitz<\/strong>\u00a0und findet vom 20. bis 23. Februar in Br\u00fcssel statt. Diese Zusammenkunft, organisiert neben der <strong>Zusammenarbeit strategischer nationaler Agenturen<\/strong> Projekte <a href=\"https:\/\/europegoeslocal.eu\/home\/\"><em><strong>Europa wird lokal<\/strong><\/em><\/a> und <a href=\"https:\/\/democracy-reloading.eu\/\"><em><strong>Demokratie neu laden<\/strong><\/em><\/a>, Ziel war es, die Qualit\u00e4t der Jugendarbeit zu steigern und die Beteiligung junger Menschen auf lokaler Ebene zu erh\u00f6hen. Mit \u00fcber 300 Teilnehmern umfasste die Veranstaltung vier spannende Vortr\u00e4ge, 30 interaktive Workshops und 15 informative Vor-Ort-Besuche.<\/span><\/p>\n<p><span style=\"font-weight: 400;\">Die Konferenz bot ein vielf\u00e4ltiges Programm, einschlie\u00dflich paralleler Sitzungen, die inspirierende Praktiken und gef\u00fchrte Diskussionen hervorhoben. Thematische Arbeitsgruppen, die gleichzeitig organisiert wurden, boten den Teilnehmern eine eingehende Untersuchung der wichtigsten Themen. Dar\u00fcber hinaus erm\u00f6glichten informelle Networking-M\u00f6glichkeiten und Freizeitaktivit\u00e4ten den Teilnehmern, Kontakte zu kn\u00fcpfen und Ideen auszutauschen. <\/span><span style=\"font-weight: 400;\">Einer der H\u00f6hepunkte der Konferenz war die Reihe von Vor-Ort-Besuchen, die von verschiedenen Jugendorganisationen und -projekten in Br\u00fcssel veranstaltet wurden. Diese Besuche boten Einblicke aus erster Hand in lokale Jugendinitiativen und vermittelten den Teilnehmern praktisches Wissen und Inspiration. <\/span><span style=\"font-weight: 400;\">Dar\u00fcber hinaus umfasste die Konferenz einen Marktplatz, auf dem die Teilnehmer die Ergebnisse ihrer Diskussionen und Projekte pr\u00e4sentieren konnten, um die Zusammenarbeit und den Wissensaustausch zu f\u00f6rdern.<\/span><\/p>\n<p><span style=\"font-weight: 400;\">Der Exekutivdirektor und der stellvertretende Direktor des DYPALL-Netzwerks nahmen aktiv an der Konferenz teil, erleichterten die Sitzungen und trugen zu Podiumsdiskussionen bei. Ihr Engagement unterstrich das Engagement des Netzwerks f\u00fcr die F\u00f6rderung der St\u00e4rkung der Rolle junger Menschen und der Demokratie in ganz Europa.<\/span><\/p>\n<p><a href=\"https:\/\/dypall.com\/de\/2024\/03\/06\/dypall-network-at-the-european-conference-on-local-youth-work-and-democracy\/417532917_804798851684473_2540614781800823317_n\/#main\" rel=\"attachment wp-att-6989\"><img loading=\"lazy\" decoding=\"async\" class=\"wp-image-6989 aligncenter\" src=\"https:\/\/dypall.com\/wp-content\/uploads\/2024\/03\/417532917_804798851684473_2540614781800823317_n.jpeg\" alt=\"\" width=\"951\" height=\"633\" \/><\/a><\/p>\n<p><a href=\"https:\/\/dypall.com\/de\/2024\/03\/06\/dypall-network-at-the-european-conference-on-local-youth-work-and-democracy\/417534083_804798481684510_6317943543760295635_n\/#main\" rel=\"attachment wp-att-6990\"><img loading=\"lazy\" decoding=\"async\" class=\"wp-image-6990 aligncenter\" src=\"https:\/\/dypall.com\/wp-content\/uploads\/2024\/03\/417534083_804798481684510_6317943543760295635_n.jpeg\" alt=\"\" width=\"959\" height=\"632\" \/><\/a><\/p>\n<p><a href=\"https:\/\/dypall.com\/de\/2024\/03\/06\/dypall-network-at-the-european-conference-on-local-youth-work-and-democracy\/417457850_804798868351138_112812676494029527_n\/#main\" rel=\"attachment wp-att-6994\"><img loading=\"lazy\" decoding=\"async\" class=\"wp-image-6994 aligncenter\" src=\"https:\/\/dypall.com\/wp-content\/uploads\/2024\/03\/417457850_804798868351138_112812676494029527_n.jpeg\" alt=\"\" width=\"961\" height=\"630\" \/><\/a><\/p>\n<p><a href=\"https:\/\/dypall.com\/de\/2024\/03\/06\/dypall-network-at-the-european-conference-on-local-youth-work-and-democracy\/417487665_804798551684503_4831559460121571976_n\/#main\" rel=\"attachment wp-att-6993\"><img loading=\"lazy\" decoding=\"async\" class=\"wp-image-6993 aligncenter\" src=\"https:\/\/dypall.com\/wp-content\/uploads\/2024\/03\/417487665_804798551684503_4831559460121571976_n.jpeg\" alt=\"\" width=\"959\" height=\"632\" \/><\/a><a href=\"https:\/\/dypall.com\/de\/2024\/03\/06\/dypall-network-at-the-european-conference-on-local-youth-work-and-democracy\/420690777_804798611684497_3478108380284599581_n\/#main\" rel=\"attachment wp-att-6992\"><img loading=\"lazy\" decoding=\"async\" class=\"wp-image-6992 aligncenter\" src=\"https:\/\/dypall.com\/wp-content\/uploads\/2024\/03\/420690777_804798611684497_3478108380284599581_n.jpeg\" alt=\"\" width=\"955\" height=\"712\" \/><\/a><\/p>\n<p><a href=\"https:\/\/dypall.com\/de\/2024\/03\/06\/dypall-network-at-the-european-conference-on-local-youth-work-and-democracy\/417507214_804798661684492_3166452125619035026_n\/#main\" rel=\"attachment wp-att-6988\"><img loading=\"lazy\" decoding=\"async\" class=\"wp-image-6988 aligncenter\" src=\"https:\/\/dypall.com\/wp-content\/uploads\/2024\/03\/417507214_804798661684492_3166452125619035026_n.jpeg\" alt=\"\" width=\"956\" height=\"718\" \/><\/a><\/p>\n<p><a href=\"https:\/\/dypall.com\/de\/2024\/03\/06\/dypall-network-at-the-european-conference-on-local-youth-work-and-democracy\/419303235_804798728351152_1640241227939080436_n\/#main\" rel=\"attachment wp-att-6991\"><img loading=\"lazy\" decoding=\"async\" class=\"wp-image-6991 aligncenter\" src=\"https:\/\/dypall.com\/wp-content\/uploads\/2024\/03\/419303235_804798728351152_1640241227939080436_n.jpeg\" alt=\"\" width=\"956\" height=\"630\" \/><\/a><\/p>","protected":false},"excerpt":{"rendered":"<p>Das DYPALL-Netzwerk spielte eine wichtige Rolle bei der j\u00fcngsten Europ\u00e4ischen Konferenz \u00fcber lokale Jugendarbeit und Demokratie, die vom belgischen EU-Ratsvorsitz organisiert und vom 20. bis 23. Februar in Br\u00fcssel abgehalten wurde. Dieses Treffen, das zusammen mit den strategischen Kooperationsprojekten der nationalen Agenturen Europe Goes Local und Democracy Reloading organisiert wurde, zielte darauf ab, die Qualit\u00e4t der Jugendarbeit zu steigern. <a class=\"more-link\" href=\"https:\/\/dypall.com\/de\/activity\/dypall-network-at-the-european-conference-on-local-youth-work-and-democracy\/\"><span class=\"screen-reader-text\">DYPALL-Netzwerk auf der Europ\u00e4ischen Konferenz f\u00fcr lokale Jugendarbeit und Demokratie<\/span> weiterlesen<\/a><\/p>","protected":false},"author":1,"featured_media":7136,"comment_status":"closed","ping_status":"open","sticky":false,"template":"","format":"standard","meta":{"_acf_changed":false,"_jetpack_memberships_contains_paid_content":false,"footnotes":""},"categories":[111,112],"tags":[],"class_list":["post-6986","post","type-post","status-publish","format-standard","has-post-thumbnail","hentry","category-activity","category-conference","entry"],"acf":[],"yoast_head":"<!-- This site is optimized with the Yoast SEO plugin v22.8 - https:\/\/yoast.com\/wordpress\/plugins\/seo\/ -->\n<title>DYPALL Network at the European Conference on Local Youth Work and Democracy - DYPALL Network<\/title>\n<meta name=\"robots\" content=\"index, follow, max-snippet:-1, max-image-preview:large, max-video-preview:-1\" \/>\n<link rel=\"canonical\" href=\"https:\/\/dypall.com\/de\/activity\/dypall-network-at-the-european-conference-on-local-youth-work-and-democracy\/\" \/>\n<meta property=\"og:locale\" content=\"de_DE\" \/>\n<meta property=\"og:type\" content=\"article\" \/>\n<meta property=\"og:title\" content=\"DYPALL Network at the European Conference on Local Youth Work and Democracy - DYPALL Network\" \/>\n<meta property=\"og:description\" content=\"DYPALL Network played a significant role in the recent European Conference on Local Youth Work and Democracy, organised by the EU Belgium Presidency\u00a0and held in Brussels from 20th to 23rd February. This gathering, organised alongside the Strategic National Agencies Cooperation projects Europe Goes Local and Democracy Reloading, aimed to boost the quality of youth work&hellip; DYPALL Network at the European Conference on Local Youth Work and Democracy weiterlesen\" \/>\n<meta property=\"og:url\" content=\"https:\/\/dypall.com\/de\/activity\/dypall-network-at-the-european-conference-on-local-youth-work-and-democracy\/\" \/>\n<meta property=\"og:site_name\" content=\"DYPALL Network\" \/>\n<meta property=\"article:published_time\" content=\"2024-03-06T12:50:26+00:00\" \/>\n<meta property=\"article:modified_time\" content=\"2024-06-06T08:57:38+00:00\" \/>\n<meta property=\"og:image\" content=\"https:\/\/dypall.com\/wp-content\/uploads\/2024\/03\/417532917_804798851684473_2540614781800823317_n-1.jpeg\" \/>\n\t<meta property=\"og:image:width\" content=\"1080\" \/>\n\t<meta property=\"og:image:height\" content=\"719\" \/>\n\t<meta property=\"og:image:type\" content=\"image\/jpeg\" \/>\n<meta name=\"author\" content=\"DYPALL Network\" \/>\n<meta name=\"twitter:card\" content=\"summary_large_image\" \/>\n<meta name=\"twitter:label1\" content=\"Written by\" \/>\n\t<meta name=\"twitter:data1\" content=\"DYPALL Network\" \/>\n\t<meta name=\"twitter:label2\" content=\"Est. reading time\" \/>\n\t<meta name=\"twitter:data2\" content=\"1\u00a0Minute\" \/>\n<script type=\"application\/ld+json\" class=\"yoast-schema-graph\">{\"@context\":\"https:\/\/schema.org\",\"@graph\":[{\"@type\":\"WebPage\",\"@id\":\"https:\/\/dypall.com\/activity\/dypall-network-at-the-european-conference-on-local-youth-work-and-democracy\/\",\"url\":\"https:\/\/dypall.com\/activity\/dypall-network-at-the-european-conference-on-local-youth-work-and-democracy\/\",\"name\":\"DYPALL Network at the European Conference on Local Youth Work and Democracy - DYPALL Network\",\"isPartOf\":{\"@id\":\"https:\/\/dypall.com\/#website\"},\"primaryImageOfPage\":{\"@id\":\"https:\/\/dypall.com\/activity\/dypall-network-at-the-european-conference-on-local-youth-work-and-democracy\/#primaryimage\"},\"image\":{\"@id\":\"https:\/\/dypall.com\/activity\/dypall-network-at-the-european-conference-on-local-youth-work-and-democracy\/#primaryimage\"},\"thumbnailUrl\":\"https:\/\/dypall.com\/wp-content\/uploads\/2024\/03\/417532917_804798851684473_2540614781800823317_n-1.jpeg\",\"datePublished\":\"2024-03-06T12:50:26+00:00\",\"dateModified\":\"2024-06-06T08:57:38+00:00\",\"author\":{\"@id\":\"https:\/\/dypall.com\/#\/schema\/person\/f92e08aa15c8ba711a9d153129f03377\"},\"breadcrumb\":{\"@id\":\"https:\/\/dypall.com\/activity\/dypall-network-at-the-european-conference-on-local-youth-work-and-democracy\/#breadcrumb\"},\"inLanguage\":\"de\",\"potentialAction\":[{\"@type\":\"ReadAction\",\"target\":[\"https:\/\/dypall.com\/activity\/dypall-network-at-the-european-conference-on-local-youth-work-and-democracy\/\"]}]},{\"@type\":\"ImageObject\",\"inLanguage\":\"de\",\"@id\":\"https:\/\/dypall.com\/activity\/dypall-network-at-the-european-conference-on-local-youth-work-and-democracy\/#primaryimage\",\"url\":\"https:\/\/dypall.com\/wp-content\/uploads\/2024\/03\/417532917_804798851684473_2540614781800823317_n-1.jpeg\",\"contentUrl\":\"https:\/\/dypall.com\/wp-content\/uploads\/2024\/03\/417532917_804798851684473_2540614781800823317_n-1.jpeg\",\"width\":1080,\"height\":719},{\"@type\":\"BreadcrumbList\",\"@id\":\"https:\/\/dypall.com\/activity\/dypall-network-at-the-european-conference-on-local-youth-work-and-democracy\/#breadcrumb\",\"itemListElement\":[{\"@type\":\"ListItem\",\"position\":1,\"name\":\"Home\",\"item\":\"https:\/\/dypall.com\/\"},{\"@type\":\"ListItem\",\"position\":2,\"name\":\"DYPALL Network at the European Conference on Local Youth Work and Democracy\"}]},{\"@type\":\"WebSite\",\"@id\":\"https:\/\/dypall.com\/#website\",\"url\":\"https:\/\/dypall.com\/\",\"name\":\"DYPALL Network\",\"description\":\"We are a European network of civil society organisations, municipalities and research institutions dedicated to improving democracy through youth participation.\",\"potentialAction\":[{\"@type\":\"SearchAction\",\"target\":{\"@type\":\"EntryPoint\",\"urlTemplate\":\"https:\/\/dypall.com\/?s={search_term_string}\"},\"query-input\":\"required name=search_term_string\"}],\"inLanguage\":\"de\"},{\"@type\":\"Person\",\"@id\":\"https:\/\/dypall.com\/#\/schema\/person\/f92e08aa15c8ba711a9d153129f03377\",\"name\":\"DYPALL Network\",\"image\":{\"@type\":\"ImageObject\",\"inLanguage\":\"de\",\"@id\":\"https:\/\/dypall.com\/#\/schema\/person\/image\/\",\"url\":\"https:\/\/secure.gravatar.com\/avatar\/9c39e299279800c6d69c5e02cf613e7bab060889f373052a03d7ac399e8f0d3c?s=96&d=mm&r=g\",\"contentUrl\":\"https:\/\/secure.gravatar.com\/avatar\/9c39e299279800c6d69c5e02cf613e7bab060889f373052a03d7ac399e8f0d3c?s=96&d=mm&r=g\",\"caption\":\"DYPALL Network\"},\"sameAs\":[\"https:\/\/dypall.com\"],\"url\":\"https:\/\/dypall.com\/de\/author\/dypall\/\"}]}<\/script>\n<!-- \/ Yoast SEO plugin. -->","yoast_head_json":{"title":"DYPALL Network at the European Conference on Local Youth Work and Democracy - DYPALL Network","robots":{"index":"index","follow":"follow","max-snippet":"max-snippet:-1","max-image-preview":"max-image-preview:large","max-video-preview":"max-video-preview:-1"},"canonical":"https:\/\/dypall.com\/de\/activity\/dypall-network-at-the-european-conference-on-local-youth-work-and-democracy\/","og_locale":"de_DE","og_type":"article","og_title":"DYPALL Network at the European Conference on Local Youth Work and Democracy - DYPALL Network","og_description":"DYPALL Network played a significant role in the recent European Conference on Local Youth Work and Democracy, organised by the EU Belgium Presidency\u00a0and held in Brussels from 20th to 23rd February. This gathering, organised alongside the Strategic National Agencies Cooperation projects Europe Goes Local and Democracy Reloading, aimed to boost the quality of youth work&hellip; DYPALL Network at the European Conference on Local Youth Work and Democracy weiterlesen","og_url":"https:\/\/dypall.com\/de\/activity\/dypall-network-at-the-european-conference-on-local-youth-work-and-democracy\/","og_site_name":"DYPALL Network","article_published_time":"2024-03-06T12:50:26+00:00","article_modified_time":"2024-06-06T08:57:38+00:00","og_image":[{"width":1080,"height":719,"url":"https:\/\/dypall.com\/wp-content\/uploads\/2024\/03\/417532917_804798851684473_2540614781800823317_n-1.jpeg","type":"image\/jpeg"}],"author":"DYPALL Network","twitter_card":"summary_large_image","twitter_misc":{"Written by":"DYPALL Network","Est. reading time":"1\u00a0Minute"},"schema":{"@context":"https:\/\/schema.org","@graph":[{"@type":"WebPage","@id":"https:\/\/dypall.com\/activity\/dypall-network-at-the-european-conference-on-local-youth-work-and-democracy\/","url":"https:\/\/dypall.com\/activity\/dypall-network-at-the-european-conference-on-local-youth-work-and-democracy\/","name":"DYPALL Network at the European Conference on Local Youth Work and Democracy - DYPALL Network","isPartOf":{"@id":"https:\/\/dypall.com\/#website"},"primaryImageOfPage":{"@id":"https:\/\/dypall.com\/activity\/dypall-network-at-the-european-conference-on-local-youth-work-and-democracy\/#primaryimage"},"image":{"@id":"https:\/\/dypall.com\/activity\/dypall-network-at-the-european-conference-on-local-youth-work-and-democracy\/#primaryimage"},"thumbnailUrl":"https:\/\/dypall.com\/wp-content\/uploads\/2024\/03\/417532917_804798851684473_2540614781800823317_n-1.jpeg","datePublished":"2024-03-06T12:50:26+00:00","dateModified":"2024-06-06T08:57:38+00:00","author":{"@id":"https:\/\/dypall.com\/#\/schema\/person\/f92e08aa15c8ba711a9d153129f03377"},"breadcrumb":{"@id":"https:\/\/dypall.com\/activity\/dypall-network-at-the-european-conference-on-local-youth-work-and-democracy\/#breadcrumb"},"inLanguage":"de","potentialAction":[{"@type":"ReadAction","target":["https:\/\/dypall.com\/activity\/dypall-network-at-the-european-conference-on-local-youth-work-and-democracy\/"]}]},{"@type":"ImageObject","inLanguage":"de","@id":"https:\/\/dypall.com\/activity\/dypall-network-at-the-european-conference-on-local-youth-work-and-democracy\/#primaryimage","url":"https:\/\/dypall.com\/wp-content\/uploads\/2024\/03\/417532917_804798851684473_2540614781800823317_n-1.jpeg","contentUrl":"https:\/\/dypall.com\/wp-content\/uploads\/2024\/03\/417532917_804798851684473_2540614781800823317_n-1.jpeg","width":1080,"height":719},{"@type":"BreadcrumbList","@id":"https:\/\/dypall.com\/activity\/dypall-network-at-the-european-conference-on-local-youth-work-and-democracy\/#breadcrumb","itemListElement":[{"@type":"ListItem","position":1,"name":"Home","item":"https:\/\/dypall.com\/"},{"@type":"ListItem","position":2,"name":"DYPALL Network at the European Conference on Local Youth Work and Democracy"}]},{"@type":"WebSite","@id":"https:\/\/dypall.com\/#website","url":"https:\/\/dypall.com\/","name":"DYPALL Network","description":"We are a European network of civil society organisations, municipalities and research institutions dedicated to improving democracy through youth participation.","potentialAction":[{"@type":"SearchAction","target":{"@type":"EntryPoint","urlTemplate":"https:\/\/dypall.com\/?s={search_term_string}"},"query-input":"required name=search_term_string"}],"inLanguage":"de"},{"@type":"Person","@id":"https:\/\/dypall.com\/#\/schema\/person\/f92e08aa15c8ba711a9d153129f03377","name":"DYPALL Network","image":{"@type":"ImageObject","inLanguage":"de","@id":"https:\/\/dypall.com\/#\/schema\/person\/image\/","url":"https:\/\/secure.gravatar.com\/avatar\/9c39e299279800c6d69c5e02cf613e7bab060889f373052a03d7ac399e8f0d3c?s=96&d=mm&r=g","contentUrl":"https:\/\/secure.gravatar.com\/avatar\/9c39e299279800c6d69c5e02cf613e7bab060889f373052a03d7ac399e8f0d3c?s=96&d=mm&r=g","caption":"DYPALL Network"},"sameAs":["https:\/\/dypall.com"],"url":"https:\/\/dypall.com\/de\/author\/dypall\/"}]}},"jetpack_featured_media_url":"https:\/\/dypall.com\/wp-content\/uploads\/2024\/03\/417532917_804798851684473_2540614781800823317_n-1.jpeg","jetpack_sharing_enabled":true,"_links":{"self":[{"href":"https:\/\/dypall.com\/de\/wp-json\/wp\/v2\/posts\/6986","targetHints":{"allow":["GET"]}}],"collection":[{"href":"https:\/\/dypall.com\/de\/wp-json\/wp\/v2\/posts"}],"about":[{"href":"https:\/\/dypall.com\/de\/wp-json\/wp\/v2\/types\/post"}],"author":[{"embeddable":true,"href":"https:\/\/dypall.com\/de\/wp-json\/wp\/v2\/users\/1"}],"replies":[{"embeddable":true,"href":"https:\/\/dypall.com\/de\/wp-json\/wp\/v2\/comments?post=6986"}],"version-history":[{"count":3,"href":"https:\/\/dypall.com\/de\/wp-json\/wp\/v2\/posts\/6986\/revisions"}],"predecessor-version":[{"id":7137,"href":"https:\/\/dypall.com\/de\/wp-json\/wp\/v2\/posts\/6986\/revisions\/7137"}],"wp:featuredmedia":[{"embeddable":true,"href":"https:\/\/dypall.com\/de\/wp-json\/wp\/v2\/media\/7136"}],"wp:attachment":[{"href":"https:\/\/dypall.com\/de\/wp-json\/wp\/v2\/media?parent=6986"}],"wp:term":[{"taxonomy":"category","embeddable":true,"href":"https:\/\/dypall.com\/de\/wp-json\/wp\/v2\/categories?post=6986"},{"taxonomy":"post_tag","embeddable":true,"href":"https:\/\/dypall.com\/de\/wp-json\/wp\/v2\/tags?post=6986"}],"curies":[{"name":"wp","href":"https:\/\/api.w.org\/{rel}","templated":true}]}}