{"id":6935,"date":"2024-02-23T09:33:17","date_gmt":"2024-02-23T09:33:17","guid":{"rendered":"https:\/\/dypall.com\/?p=6935"},"modified":"2024-06-06T11:20:17","modified_gmt":"2024-06-06T11:20:17","slug":"kick-off-meeting-of-the-climbing-the-ladder-fostering-a-culture-of-youth-engagement-project","status":"publish","type":"post","link":"https:\/\/dypall.com\/de\/activity\/kick-off-meeting-of-the-climbing-the-ladder-fostering-a-culture-of-youth-engagement-project\/","title":{"rendered":"Auftaktsitzung des \u201eClimbing the Ladder: F\u00f6rderung einer Kultur des Engagements junger Menschen\u201c"},"content":{"rendered":"<p>DYPALL Network nahm an der Auftaktsitzung des <strong>\u201eDie Leiter besteigen: F\u00f6rderung einer Kultur des Engagements junger Menschen\u201c<\/strong> Projekt vom 14. bis 17. Februar, veranstaltet in<br \/>\nBerlin, Deutschland, von YEPP Europe.<\/p>\n<p>Dieses Treffen markierte den Beginn der gemeinsamen Bem\u00fchungen des Konsortiums, solide Grundlagen f\u00fcr die Projektdurchf\u00fchrung zu schaffen und wirksame Praktiken f\u00fcr die Einbeziehung junger Menschen im Rahmen des Projekts sicherzustellen.<\/p>\n<p>Das Projekt <strong>Ziele<\/strong> sind zu:<\/p>\n<ul>\n<li>Analyse und Verst\u00e4ndnis der wichtigsten Merkmale der derzeitigen Modelle und Mechanismen f\u00fcr das Engagement junger Menschen in Europa;<\/li>\n<li>erfolgreiche Verfahren zu sammeln, um junge Menschen, politische Entscheidungstr\u00e4ger und Praktiker zu ermutigen, die Jugendperspektive in die Politikgestaltung einzubeziehen;<\/li>\n<li>Schaffung einer zug\u00e4nglichen digitalen Plattform, die Praktiker und politische Entscheidungstr\u00e4ger bei der Einrichtung von Mechanismen f\u00fcr das Engagement junger Menschen anleitet;<\/li>\n<li>Einrichtung von zwei Netzwerken zur F\u00f6rderung der B\u00fcrgerbeteiligung und des demokratischen Engagements auf lokaler und regionaler Ebene in ganz Europa (eines der jungen Vermittler f\u00fcr Demokratie und eines der jungen Stadt- bzw. Regionalr\u00e4te).<\/li>\n<\/ul>\n<p>Das Projekt wird von DYPALL Network in Partnerschaft mit Europiamo (Italien), Nordland fylkeskommune (Norwegen), EDYN (Slowakei), YEPP Europe (Deutschland), Assembl\u00e9e desR\u00e9gions d\u2019Europe \u2013 ARE (Frankreich) und SQ Learn (Griechenland) im Rahmen des Programms Erasmus+ geleitet.<\/p>\n<p><a href=\"https:\/\/dypall.com\/de\/2024\/02\/23\/kick-off-meeting-of-the-climbing-the-ladder-fostering-a-culture-of-youth-engagement-project\/whatsapp-image-2024-02-16-at-16-31-18-1\/#main\" rel=\"attachment wp-att-6944\"><img loading=\"lazy\" decoding=\"async\" class=\"wp-image-6944 aligncenter\" src=\"https:\/\/dypall.com\/wp-content\/uploads\/2024\/02\/WhatsApp-Image-2024-02-16-at-16.31.18-1.jpeg\" alt=\"\" width=\"889\" height=\"667\" \/><\/a><\/p>\n<p><a href=\"https:\/\/dypall.com\/de\/2024\/02\/23\/kick-off-meeting-of-the-climbing-the-ladder-fostering-a-culture-of-youth-engagement-project\/whatsapp-image-2024-02-16-at-16-31-17-1\/#main\" rel=\"attachment wp-att-6943\"><img loading=\"lazy\" decoding=\"async\" class=\"wp-image-6943 aligncenter\" src=\"https:\/\/dypall.com\/wp-content\/uploads\/2024\/02\/WhatsApp-Image-2024-02-16-at-16.31.17-1.jpeg\" alt=\"\" width=\"886\" height=\"664\" \/><\/a><\/p>\n<p><a href=\"https:\/\/dypall.com\/de\/2024\/02\/23\/kick-off-meeting-of-the-climbing-the-ladder-fostering-a-culture-of-youth-engagement-project\/whatsapp-image-2024-02-15-at-13-43-45-1\/#main\" rel=\"attachment wp-att-6942\"><img loading=\"lazy\" decoding=\"async\" class=\"wp-image-6942 aligncenter\" src=\"https:\/\/dypall.com\/wp-content\/uploads\/2024\/02\/WhatsApp-Image-2024-02-15-at-13.43.45-1.jpeg\" alt=\"\" width=\"883\" height=\"663\" \/><\/a> <a href=\"https:\/\/dypall.com\/de\/2024\/02\/23\/kick-off-meeting-of-the-climbing-the-ladder-fostering-a-culture-of-youth-engagement-project\/whatsapp-image-2024-02-15-at-13-43-36-1\/#main\" rel=\"attachment wp-att-6941\"><img loading=\"lazy\" decoding=\"async\" class=\"wp-image-6941 aligncenter\" src=\"https:\/\/dypall.com\/wp-content\/uploads\/2024\/02\/WhatsApp-Image-2024-02-15-at-13.43.36-1.jpeg\" alt=\"\" width=\"885\" height=\"664\" \/><\/a><\/p>\n<p>&nbsp;<\/p>","protected":false},"excerpt":{"rendered":"<p>Das DYPALL-Netzwerk nahm an der Auftaktsitzung des \u201eClimbing the Ladder: F\u00f6rderung einer Kultur des Engagements junger Menschen\u201c vom 14. bis 17. Februar, veranstaltet von YEPP Europe in Berlin, Deutschland. Dieses Treffen markierte den Beginn der gemeinsamen Bem\u00fchungen des Konsortiums, solide Grundlagen f\u00fcr die Projektdurchf\u00fchrung zu schaffen und Praktiken f\u00fcr die Einbeziehung junger Menschen mit hoher Wirkung zu gew\u00e4hrleisten. <a class=\"more-link\" href=\"https:\/\/dypall.com\/de\/activity\/kick-off-meeting-of-the-climbing-the-ladder-fostering-a-culture-of-youth-engagement-project\/\"><span class=\"screen-reader-text\">Auftaktsitzung des \u201eClimbing the Ladder: F\u00f6rderung einer Kultur des Engagements junger Menschen\u201c<\/span> weiterlesen<\/a><\/p>","protected":false},"author":1,"featured_media":7148,"comment_status":"closed","ping_status":"open","sticky":false,"template":"","format":"standard","meta":{"_acf_changed":false,"_jetpack_memberships_contains_paid_content":false,"footnotes":""},"categories":[111],"tags":[],"class_list":["post-6935","post","type-post","status-publish","format-standard","has-post-thumbnail","hentry","category-activity","entry"],"acf":[],"yoast_head":"<!-- This site is optimized with the Yoast SEO plugin v22.8 - https:\/\/yoast.com\/wordpress\/plugins\/seo\/ -->\n<title>Kick-off meeting of the &quot;Climbing the Ladder: fostering a culture of Youth Engagement\u201d project - DYPALL Network<\/title>\n<meta name=\"robots\" content=\"index, follow, max-snippet:-1, max-image-preview:large, max-video-preview:-1\" \/>\n<link rel=\"canonical\" href=\"https:\/\/dypall.com\/de\/activity\/kick-off-meeting-of-the-climbing-the-ladder-fostering-a-culture-of-youth-engagement-project\/\" \/>\n<meta property=\"og:locale\" content=\"de_DE\" \/>\n<meta property=\"og:type\" content=\"article\" \/>\n<meta property=\"og:title\" content=\"Kick-off meeting of the &quot;Climbing the Ladder: fostering a culture of Youth Engagement\u201d project - DYPALL Network\" \/>\n<meta property=\"og:description\" content=\"DYPALL Network participated in the kick-off meeting of the &#8220;Climbing the Ladder: fostering a culture of Youth Engagement\u201d project from 14th &#8211; 17th of February, hosted in Berlin, Germany, by YEPP Europe. This meeting marked the beginning of the consortium\u2019s collaborative efforts to set solid grounds for project implementation and ensure high-impact youth engagement practices&hellip; Kick-off meeting of the &#8220;Climbing the Ladder: fostering a culture of Youth Engagement\u201d project weiterlesen\" \/>\n<meta property=\"og:url\" content=\"https:\/\/dypall.com\/de\/activity\/kick-off-meeting-of-the-climbing-the-ladder-fostering-a-culture-of-youth-engagement-project\/\" \/>\n<meta property=\"og:site_name\" content=\"DYPALL Network\" \/>\n<meta property=\"article:published_time\" content=\"2024-02-23T09:33:17+00:00\" \/>\n<meta property=\"article:modified_time\" content=\"2024-06-06T11:20:17+00:00\" \/>\n<meta property=\"og:image\" content=\"https:\/\/dypall.com\/wp-content\/uploads\/2024\/02\/WhatsApp-Image-2024-02-16-at-16.31.17-1-570x342-1.jpeg\" \/>\n\t<meta property=\"og:image:width\" content=\"570\" \/>\n\t<meta property=\"og:image:height\" content=\"342\" \/>\n\t<meta property=\"og:image:type\" content=\"image\/jpeg\" \/>\n<meta name=\"author\" content=\"DYPALL Network\" \/>\n<meta name=\"twitter:card\" content=\"summary_large_image\" \/>\n<meta name=\"twitter:label1\" content=\"Written by\" \/>\n\t<meta name=\"twitter:data1\" content=\"DYPALL Network\" \/>\n\t<meta name=\"twitter:label2\" content=\"Est. reading time\" \/>\n\t<meta name=\"twitter:data2\" content=\"1\u00a0Minute\" \/>\n<script type=\"application\/ld+json\" class=\"yoast-schema-graph\">{\"@context\":\"https:\/\/schema.org\",\"@graph\":[{\"@type\":\"WebPage\",\"@id\":\"https:\/\/dypall.com\/activity\/kick-off-meeting-of-the-climbing-the-ladder-fostering-a-culture-of-youth-engagement-project\/\",\"url\":\"https:\/\/dypall.com\/activity\/kick-off-meeting-of-the-climbing-the-ladder-fostering-a-culture-of-youth-engagement-project\/\",\"name\":\"Kick-off meeting of the \\\"Climbing the Ladder: fostering a culture of Youth Engagement\u201d project - DYPALL Network\",\"isPartOf\":{\"@id\":\"https:\/\/dypall.com\/#website\"},\"primaryImageOfPage\":{\"@id\":\"https:\/\/dypall.com\/activity\/kick-off-meeting-of-the-climbing-the-ladder-fostering-a-culture-of-youth-engagement-project\/#primaryimage\"},\"image\":{\"@id\":\"https:\/\/dypall.com\/activity\/kick-off-meeting-of-the-climbing-the-ladder-fostering-a-culture-of-youth-engagement-project\/#primaryimage\"},\"thumbnailUrl\":\"https:\/\/dypall.com\/wp-content\/uploads\/2024\/02\/WhatsApp-Image-2024-02-16-at-16.31.17-1-570x342-1.jpeg\",\"datePublished\":\"2024-02-23T09:33:17+00:00\",\"dateModified\":\"2024-06-06T11:20:17+00:00\",\"author\":{\"@id\":\"https:\/\/dypall.com\/#\/schema\/person\/f92e08aa15c8ba711a9d153129f03377\"},\"breadcrumb\":{\"@id\":\"https:\/\/dypall.com\/activity\/kick-off-meeting-of-the-climbing-the-ladder-fostering-a-culture-of-youth-engagement-project\/#breadcrumb\"},\"inLanguage\":\"de\",\"potentialAction\":[{\"@type\":\"ReadAction\",\"target\":[\"https:\/\/dypall.com\/activity\/kick-off-meeting-of-the-climbing-the-ladder-fostering-a-culture-of-youth-engagement-project\/\"]}]},{\"@type\":\"ImageObject\",\"inLanguage\":\"de\",\"@id\":\"https:\/\/dypall.com\/activity\/kick-off-meeting-of-the-climbing-the-ladder-fostering-a-culture-of-youth-engagement-project\/#primaryimage\",\"url\":\"https:\/\/dypall.com\/wp-content\/uploads\/2024\/02\/WhatsApp-Image-2024-02-16-at-16.31.17-1-570x342-1.jpeg\",\"contentUrl\":\"https:\/\/dypall.com\/wp-content\/uploads\/2024\/02\/WhatsApp-Image-2024-02-16-at-16.31.17-1-570x342-1.jpeg\",\"width\":570,\"height\":342},{\"@type\":\"BreadcrumbList\",\"@id\":\"https:\/\/dypall.com\/activity\/kick-off-meeting-of-the-climbing-the-ladder-fostering-a-culture-of-youth-engagement-project\/#breadcrumb\",\"itemListElement\":[{\"@type\":\"ListItem\",\"position\":1,\"name\":\"Home\",\"item\":\"https:\/\/dypall.com\/\"},{\"@type\":\"ListItem\",\"position\":2,\"name\":\"Kick-off meeting of the &#8220;Climbing the Ladder: fostering a culture of Youth Engagement\u201d project\"}]},{\"@type\":\"WebSite\",\"@id\":\"https:\/\/dypall.com\/#website\",\"url\":\"https:\/\/dypall.com\/\",\"name\":\"DYPALL Network\",\"description\":\"We are a European network of civil society organisations, municipalities and research institutions dedicated to improving democracy through youth participation.\",\"potentialAction\":[{\"@type\":\"SearchAction\",\"target\":{\"@type\":\"EntryPoint\",\"urlTemplate\":\"https:\/\/dypall.com\/?s={search_term_string}\"},\"query-input\":\"required name=search_term_string\"}],\"inLanguage\":\"de\"},{\"@type\":\"Person\",\"@id\":\"https:\/\/dypall.com\/#\/schema\/person\/f92e08aa15c8ba711a9d153129f03377\",\"name\":\"DYPALL Network\",\"image\":{\"@type\":\"ImageObject\",\"inLanguage\":\"de\",\"@id\":\"https:\/\/dypall.com\/#\/schema\/person\/image\/\",\"url\":\"https:\/\/secure.gravatar.com\/avatar\/9c39e299279800c6d69c5e02cf613e7bab060889f373052a03d7ac399e8f0d3c?s=96&d=mm&r=g\",\"contentUrl\":\"https:\/\/secure.gravatar.com\/avatar\/9c39e299279800c6d69c5e02cf613e7bab060889f373052a03d7ac399e8f0d3c?s=96&d=mm&r=g\",\"caption\":\"DYPALL Network\"},\"sameAs\":[\"https:\/\/dypall.com\"],\"url\":\"https:\/\/dypall.com\/de\/author\/dypall\/\"}]}<\/script>\n<!-- \/ Yoast SEO plugin. -->","yoast_head_json":{"title":"Kick-off meeting of the \"Climbing the Ladder: fostering a culture of Youth Engagement\u201d project - DYPALL Network","robots":{"index":"index","follow":"follow","max-snippet":"max-snippet:-1","max-image-preview":"max-image-preview:large","max-video-preview":"max-video-preview:-1"},"canonical":"https:\/\/dypall.com\/de\/activity\/kick-off-meeting-of-the-climbing-the-ladder-fostering-a-culture-of-youth-engagement-project\/","og_locale":"de_DE","og_type":"article","og_title":"Kick-off meeting of the \"Climbing the Ladder: fostering a culture of Youth Engagement\u201d project - DYPALL Network","og_description":"DYPALL Network participated in the kick-off meeting of the &#8220;Climbing the Ladder: fostering a culture of Youth Engagement\u201d project from 14th &#8211; 17th of February, hosted in Berlin, Germany, by YEPP Europe. This meeting marked the beginning of the consortium\u2019s collaborative efforts to set solid grounds for project implementation and ensure high-impact youth engagement practices&hellip; Kick-off meeting of the &#8220;Climbing the Ladder: fostering a culture of Youth Engagement\u201d project weiterlesen","og_url":"https:\/\/dypall.com\/de\/activity\/kick-off-meeting-of-the-climbing-the-ladder-fostering-a-culture-of-youth-engagement-project\/","og_site_name":"DYPALL Network","article_published_time":"2024-02-23T09:33:17+00:00","article_modified_time":"2024-06-06T11:20:17+00:00","og_image":[{"width":570,"height":342,"url":"https:\/\/dypall.com\/wp-content\/uploads\/2024\/02\/WhatsApp-Image-2024-02-16-at-16.31.17-1-570x342-1.jpeg","type":"image\/jpeg"}],"author":"DYPALL Network","twitter_card":"summary_large_image","twitter_misc":{"Written by":"DYPALL Network","Est. reading time":"1\u00a0Minute"},"schema":{"@context":"https:\/\/schema.org","@graph":[{"@type":"WebPage","@id":"https:\/\/dypall.com\/activity\/kick-off-meeting-of-the-climbing-the-ladder-fostering-a-culture-of-youth-engagement-project\/","url":"https:\/\/dypall.com\/activity\/kick-off-meeting-of-the-climbing-the-ladder-fostering-a-culture-of-youth-engagement-project\/","name":"Kick-off meeting of the \"Climbing the Ladder: fostering a culture of Youth Engagement\u201d project - DYPALL Network","isPartOf":{"@id":"https:\/\/dypall.com\/#website"},"primaryImageOfPage":{"@id":"https:\/\/dypall.com\/activity\/kick-off-meeting-of-the-climbing-the-ladder-fostering-a-culture-of-youth-engagement-project\/#primaryimage"},"image":{"@id":"https:\/\/dypall.com\/activity\/kick-off-meeting-of-the-climbing-the-ladder-fostering-a-culture-of-youth-engagement-project\/#primaryimage"},"thumbnailUrl":"https:\/\/dypall.com\/wp-content\/uploads\/2024\/02\/WhatsApp-Image-2024-02-16-at-16.31.17-1-570x342-1.jpeg","datePublished":"2024-02-23T09:33:17+00:00","dateModified":"2024-06-06T11:20:17+00:00","author":{"@id":"https:\/\/dypall.com\/#\/schema\/person\/f92e08aa15c8ba711a9d153129f03377"},"breadcrumb":{"@id":"https:\/\/dypall.com\/activity\/kick-off-meeting-of-the-climbing-the-ladder-fostering-a-culture-of-youth-engagement-project\/#breadcrumb"},"inLanguage":"de","potentialAction":[{"@type":"ReadAction","target":["https:\/\/dypall.com\/activity\/kick-off-meeting-of-the-climbing-the-ladder-fostering-a-culture-of-youth-engagement-project\/"]}]},{"@type":"ImageObject","inLanguage":"de","@id":"https:\/\/dypall.com\/activity\/kick-off-meeting-of-the-climbing-the-ladder-fostering-a-culture-of-youth-engagement-project\/#primaryimage","url":"https:\/\/dypall.com\/wp-content\/uploads\/2024\/02\/WhatsApp-Image-2024-02-16-at-16.31.17-1-570x342-1.jpeg","contentUrl":"https:\/\/dypall.com\/wp-content\/uploads\/2024\/02\/WhatsApp-Image-2024-02-16-at-16.31.17-1-570x342-1.jpeg","width":570,"height":342},{"@type":"BreadcrumbList","@id":"https:\/\/dypall.com\/activity\/kick-off-meeting-of-the-climbing-the-ladder-fostering-a-culture-of-youth-engagement-project\/#breadcrumb","itemListElement":[{"@type":"ListItem","position":1,"name":"Home","item":"https:\/\/dypall.com\/"},{"@type":"ListItem","position":2,"name":"Kick-off meeting of the &#8220;Climbing the Ladder: fostering a culture of Youth Engagement\u201d project"}]},{"@type":"WebSite","@id":"https:\/\/dypall.com\/#website","url":"https:\/\/dypall.com\/","name":"DYPALL Network","description":"We are a European network of civil society organisations, municipalities and research institutions dedicated to improving democracy through youth participation.","potentialAction":[{"@type":"SearchAction","target":{"@type":"EntryPoint","urlTemplate":"https:\/\/dypall.com\/?s={search_term_string}"},"query-input":"required name=search_term_string"}],"inLanguage":"de"},{"@type":"Person","@id":"https:\/\/dypall.com\/#\/schema\/person\/f92e08aa15c8ba711a9d153129f03377","name":"DYPALL Network","image":{"@type":"ImageObject","inLanguage":"de","@id":"https:\/\/dypall.com\/#\/schema\/person\/image\/","url":"https:\/\/secure.gravatar.com\/avatar\/9c39e299279800c6d69c5e02cf613e7bab060889f373052a03d7ac399e8f0d3c?s=96&d=mm&r=g","contentUrl":"https:\/\/secure.gravatar.com\/avatar\/9c39e299279800c6d69c5e02cf613e7bab060889f373052a03d7ac399e8f0d3c?s=96&d=mm&r=g","caption":"DYPALL Network"},"sameAs":["https:\/\/dypall.com"],"url":"https:\/\/dypall.com\/de\/author\/dypall\/"}]}},"jetpack_featured_media_url":"https:\/\/dypall.com\/wp-content\/uploads\/2024\/02\/WhatsApp-Image-2024-02-16-at-16.31.17-1-570x342-1.jpeg","jetpack_sharing_enabled":true,"_links":{"self":[{"href":"https:\/\/dypall.com\/de\/wp-json\/wp\/v2\/posts\/6935","targetHints":{"allow":["GET"]}}],"collection":[{"href":"https:\/\/dypall.com\/de\/wp-json\/wp\/v2\/posts"}],"about":[{"href":"https:\/\/dypall.com\/de\/wp-json\/wp\/v2\/types\/post"}],"author":[{"embeddable":true,"href":"https:\/\/dypall.com\/de\/wp-json\/wp\/v2\/users\/1"}],"replies":[{"embeddable":true,"href":"https:\/\/dypall.com\/de\/wp-json\/wp\/v2\/comments?post=6935"}],"version-history":[{"count":2,"href":"https:\/\/dypall.com\/de\/wp-json\/wp\/v2\/posts\/6935\/revisions"}],"predecessor-version":[{"id":7231,"href":"https:\/\/dypall.com\/de\/wp-json\/wp\/v2\/posts\/6935\/revisions\/7231"}],"wp:featuredmedia":[{"embeddable":true,"href":"https:\/\/dypall.com\/de\/wp-json\/wp\/v2\/media\/7148"}],"wp:attachment":[{"href":"https:\/\/dypall.com\/de\/wp-json\/wp\/v2\/media?parent=6935"}],"wp:term":[{"taxonomy":"category","embeddable":true,"href":"https:\/\/dypall.com\/de\/wp-json\/wp\/v2\/categories?post=6935"},{"taxonomy":"post_tag","embeddable":true,"href":"https:\/\/dypall.com\/de\/wp-json\/wp\/v2\/tags?post=6935"}],"curies":[{"name":"wp","href":"https:\/\/api.w.org\/{rel}","templated":true}]}}