{"id":5547,"date":"2016-06-10T12:00:36","date_gmt":"2016-06-10T10:00:36","guid":{"rendered":"http:\/\/dypall.com\/?p=519"},"modified":"2016-06-10T12:00:36","modified_gmt":"2016-06-10T10:00:36","slug":"first-iberian-meeting-of-municipality-youth-departments","status":"publish","type":"post","link":"https:\/\/dypall.com\/de\/calls\/first-iberian-meeting-of-municipality-youth-departments\/","title":{"rendered":"Erstes iberisches Gemeindejugendtreffen"},"content":{"rendered":"<h1>1<sup>st<\/sup> Iberisches Treffen der Gemeindejugenddepartements<\/h1>\n<blockquote class=\"\"><p><strong>\u201eJugendpolitische Ma\u00dfnahmen sind ein integraler und wesentlicher Bestandteil der kommunalen Verwaltung. Wir wollen die institutionelle Komponente st\u00e4rken und Braga zu einem Bezugspunkt daf\u00fcr machen, wie diese Ma\u00dfnahmen in Zukunft aussehen sollten.\u201c<\/strong> Ricardo Rio, B\u00fcrgermeister von Braga<\/p><\/blockquote>\n<p><img loading=\"lazy\" decoding=\"async\" class=\"wp-image-522 alignleft\" src=\"http:\/\/dypall.com\/wp-content\/uploads\/2016\/07\/Encontro_iberico_2.jpg\" alt=\"Encontro_iberico_2\" width=\"485\" height=\"323\" \/>Am 9. Juni hatten ECOS und DYPALL die Gelegenheit, die Erfahrungen mit der Gestaltung und Umsetzung der lokalen und regionalen Jugendpolitik mit Vertretern von mehr als <strong>30 Gemeinden aus Portugal und Spanien,<\/strong> Es war die erste Veranstaltung in diesem Bereich.\u00a0Der B\u00fcrgermeister von Braga betonte, wie wichtig es sei, Erfahrungen auszutauschen und bew\u00e4hrte Verfahren zu ermitteln, um die Anstrengungen der lokalen Beh\u00f6rden gegen\u00fcber jungen Menschen zu verst\u00e4rken, die Gemeinden bei der Entwicklung neuer innovativer Strategien zu unterst\u00fctzen und sicherzustellen, dass dieses Engagement fortgesetzt wird.<\/p>\n<p>Diese Veranstaltung zeigt die Dynamik und Bedeutung, die die lokale Jugendarbeit in den Gemeinden gewinnt, und unterstreicht die Bedeutung des Denkens \u00fcber die Jugend in einer \u201epolitischen Dimension\u201c auch auf lokaler Ebene.<\/p>\n<p>&nbsp;<\/p>\n<p>&nbsp;<\/p>\n<p>&nbsp;<\/p>\n<p>Die Veranstaltung fand im Rahmen von Braga 2016 Ibero-American Youth Capital statt, wir hatten die M\u00f6glichkeit, verschiedene Best Practices auszutauschen und kennenzulernen, aber auch uns mit zuk\u00fcnftigen Partnern zu vernetzen.<\/p>\n<p>Finden Sie das Programm der Veranstaltung <a href=\"http:\/\/bragaciaj.cm-braga.pt\/index.php\/noticias\/238-1-encontro-iberico-de-responsaveis-municipais-de-juventude\">hier &gt;<\/a><a href=\"http:\/\/dypall.com\/de\/2016\/06\/10\/first-iberian-meeting-of-municipality-youth-departments\/braga-16-capital\/\" rel=\"attachment wp-att-520\"><br \/>\n<img loading=\"lazy\" decoding=\"async\" class=\"wp-image-521 alignleft\" src=\"http:\/\/dypall.com\/wp-content\/uploads\/2016\/07\/braga.jpg\" alt=\"Braga\" width=\"141\" height=\"141\" \/><img loading=\"lazy\" decoding=\"async\" class=\"wp-image-520 alignleft\" src=\"http:\/\/dypall.com\/wp-content\/uploads\/2016\/07\/braga-16-capital-1024x352.jpg\" alt=\"Braga (16 Hauptstadt)\" width=\"382\" height=\"96\" \/><\/a><\/p>","protected":false},"excerpt":{"rendered":"<p>1. Iberisches Treffen der kommunalen Jugendabteilungen \u201eJugendpolitik ist ein integraler und entscheidender Bestandteil der kommunalen Verwaltung. Wir wollen die institutionelle Komponente st\u00e4rken und Braga zu einem Bezugspunkt daf\u00fcr machen, wie diese Politik in Zukunft aussehen sollte.\u201c Ricardo Rio, B\u00fcrgermeister von Braga Am 9. Juni hatten ECOS und DYPALL die Gelegenheit,... <a class=\"more-link\" href=\"https:\/\/dypall.com\/de\/calls\/first-iberian-meeting-of-municipality-youth-departments\/\"><span class=\"screen-reader-text\">Erstes iberisches Gemeindejugendtreffen<\/span> weiterlesen<\/a><\/p>","protected":false},"author":2,"featured_media":522,"comment_status":"closed","ping_status":"open","sticky":false,"template":"","format":"standard","meta":{"_acf_changed":false,"_jetpack_memberships_contains_paid_content":false,"footnotes":""},"categories":[1],"tags":[134],"class_list":["post-5547","post","type-post","status-publish","format-standard","has-post-thumbnail","hentry","category-calls","tag-consultancy","entry"],"acf":[],"yoast_head":"<!-- This site is optimized with the Yoast SEO plugin v22.8 - https:\/\/yoast.com\/wordpress\/plugins\/seo\/ -->\n<title>First Iberian Meeting of Municipality Youth Departments - DYPALL Network<\/title>\n<meta name=\"robots\" content=\"index, follow, max-snippet:-1, max-image-preview:large, max-video-preview:-1\" \/>\n<link rel=\"canonical\" href=\"https:\/\/dypall.com\/de\/calls\/first-iberian-meeting-of-municipality-youth-departments\/\" \/>\n<meta property=\"og:locale\" content=\"de_DE\" \/>\n<meta property=\"og:type\" content=\"article\" \/>\n<meta property=\"og:title\" content=\"First Iberian Meeting of Municipality Youth Departments - DYPALL Network\" \/>\n<meta property=\"og:description\" content=\"1st Iberian Meeting of Municipality Youth Departments &#8220;Youth policies are an integral and crucial part of municipality management. We want to reinforce the institutional component, making of Braga a reference point for what these policies should look like in the future&#8221; Ricardo Rio, Mayor of Braga On\u00a0June 9, ECOS and DYPALL had the opportunity to&hellip; First Iberian Meeting of Municipality Youth Departments weiterlesen\" \/>\n<meta property=\"og:url\" content=\"https:\/\/dypall.com\/de\/calls\/first-iberian-meeting-of-municipality-youth-departments\/\" \/>\n<meta property=\"og:site_name\" content=\"DYPALL Network\" \/>\n<meta property=\"article:published_time\" content=\"2016-06-10T10:00:36+00:00\" \/>\n<meta name=\"author\" content=\"dypall\" \/>\n<meta name=\"twitter:card\" content=\"summary_large_image\" \/>\n<meta name=\"twitter:label1\" content=\"Written by\" \/>\n\t<meta name=\"twitter:data1\" content=\"dypall\" \/>\n\t<meta name=\"twitter:label2\" content=\"Est. reading time\" \/>\n\t<meta name=\"twitter:data2\" content=\"1\u00a0Minute\" \/>\n<script type=\"application\/ld+json\" class=\"yoast-schema-graph\">{\"@context\":\"https:\/\/schema.org\",\"@graph\":[{\"@type\":\"WebPage\",\"@id\":\"https:\/\/dypall.com\/calls\/first-iberian-meeting-of-municipality-youth-departments\/\",\"url\":\"https:\/\/dypall.com\/calls\/first-iberian-meeting-of-municipality-youth-departments\/\",\"name\":\"First Iberian Meeting of Municipality Youth Departments - DYPALL Network\",\"isPartOf\":{\"@id\":\"https:\/\/dypall.com\/#website\"},\"primaryImageOfPage\":{\"@id\":\"https:\/\/dypall.com\/calls\/first-iberian-meeting-of-municipality-youth-departments\/#primaryimage\"},\"image\":{\"@id\":\"https:\/\/dypall.com\/calls\/first-iberian-meeting-of-municipality-youth-departments\/#primaryimage\"},\"thumbnailUrl\":\"\",\"datePublished\":\"2016-06-10T10:00:36+00:00\",\"dateModified\":\"2016-06-10T10:00:36+00:00\",\"author\":{\"@id\":\"https:\/\/dypall.com\/#\/schema\/person\/206350efe851997fcdedef75d118766b\"},\"breadcrumb\":{\"@id\":\"https:\/\/dypall.com\/calls\/first-iberian-meeting-of-municipality-youth-departments\/#breadcrumb\"},\"inLanguage\":\"de\",\"potentialAction\":[{\"@type\":\"ReadAction\",\"target\":[\"https:\/\/dypall.com\/calls\/first-iberian-meeting-of-municipality-youth-departments\/\"]}]},{\"@type\":\"ImageObject\",\"inLanguage\":\"de\",\"@id\":\"https:\/\/dypall.com\/calls\/first-iberian-meeting-of-municipality-youth-departments\/#primaryimage\",\"url\":\"\",\"contentUrl\":\"\"},{\"@type\":\"BreadcrumbList\",\"@id\":\"https:\/\/dypall.com\/calls\/first-iberian-meeting-of-municipality-youth-departments\/#breadcrumb\",\"itemListElement\":[{\"@type\":\"ListItem\",\"position\":1,\"name\":\"Home\",\"item\":\"https:\/\/dypall.com\/\"},{\"@type\":\"ListItem\",\"position\":2,\"name\":\"First Iberian Meeting of Municipality Youth Departments\"}]},{\"@type\":\"WebSite\",\"@id\":\"https:\/\/dypall.com\/#website\",\"url\":\"https:\/\/dypall.com\/\",\"name\":\"DYPALL Network\",\"description\":\"We are a European network of civil society organisations, municipalities and research institutions dedicated to improving democracy through youth participation.\",\"potentialAction\":[{\"@type\":\"SearchAction\",\"target\":{\"@type\":\"EntryPoint\",\"urlTemplate\":\"https:\/\/dypall.com\/?s={search_term_string}\"},\"query-input\":\"required name=search_term_string\"}],\"inLanguage\":\"de\"},{\"@type\":\"Person\",\"@id\":\"https:\/\/dypall.com\/#\/schema\/person\/206350efe851997fcdedef75d118766b\",\"name\":\"dypall\",\"image\":{\"@type\":\"ImageObject\",\"inLanguage\":\"de\",\"@id\":\"https:\/\/dypall.com\/#\/schema\/person\/image\/\",\"url\":\"https:\/\/secure.gravatar.com\/avatar\/14e8d3d8841cd0bdf69915120bcf9fcfac1567f1dc7035664907322ac47efe29?s=96&d=mm&r=g\",\"contentUrl\":\"https:\/\/secure.gravatar.com\/avatar\/14e8d3d8841cd0bdf69915120bcf9fcfac1567f1dc7035664907322ac47efe29?s=96&d=mm&r=g\",\"caption\":\"dypall\"},\"url\":\"https:\/\/dypall.com\/de\/author\/dypall_info\/\"}]}<\/script>\n<!-- \/ Yoast SEO plugin. -->","yoast_head_json":{"title":"First Iberian Meeting of Municipality Youth Departments - DYPALL Network","robots":{"index":"index","follow":"follow","max-snippet":"max-snippet:-1","max-image-preview":"max-image-preview:large","max-video-preview":"max-video-preview:-1"},"canonical":"https:\/\/dypall.com\/de\/calls\/first-iberian-meeting-of-municipality-youth-departments\/","og_locale":"de_DE","og_type":"article","og_title":"First Iberian Meeting of Municipality Youth Departments - DYPALL Network","og_description":"1st Iberian Meeting of Municipality Youth Departments &#8220;Youth policies are an integral and crucial part of municipality management. We want to reinforce the institutional component, making of Braga a reference point for what these policies should look like in the future&#8221; Ricardo Rio, Mayor of Braga On\u00a0June 9, ECOS and DYPALL had the opportunity to&hellip; First Iberian Meeting of Municipality Youth Departments weiterlesen","og_url":"https:\/\/dypall.com\/de\/calls\/first-iberian-meeting-of-municipality-youth-departments\/","og_site_name":"DYPALL Network","article_published_time":"2016-06-10T10:00:36+00:00","author":"dypall","twitter_card":"summary_large_image","twitter_misc":{"Written by":"dypall","Est. reading time":"1\u00a0Minute"},"schema":{"@context":"https:\/\/schema.org","@graph":[{"@type":"WebPage","@id":"https:\/\/dypall.com\/calls\/first-iberian-meeting-of-municipality-youth-departments\/","url":"https:\/\/dypall.com\/calls\/first-iberian-meeting-of-municipality-youth-departments\/","name":"First Iberian Meeting of Municipality Youth Departments - DYPALL Network","isPartOf":{"@id":"https:\/\/dypall.com\/#website"},"primaryImageOfPage":{"@id":"https:\/\/dypall.com\/calls\/first-iberian-meeting-of-municipality-youth-departments\/#primaryimage"},"image":{"@id":"https:\/\/dypall.com\/calls\/first-iberian-meeting-of-municipality-youth-departments\/#primaryimage"},"thumbnailUrl":"","datePublished":"2016-06-10T10:00:36+00:00","dateModified":"2016-06-10T10:00:36+00:00","author":{"@id":"https:\/\/dypall.com\/#\/schema\/person\/206350efe851997fcdedef75d118766b"},"breadcrumb":{"@id":"https:\/\/dypall.com\/calls\/first-iberian-meeting-of-municipality-youth-departments\/#breadcrumb"},"inLanguage":"de","potentialAction":[{"@type":"ReadAction","target":["https:\/\/dypall.com\/calls\/first-iberian-meeting-of-municipality-youth-departments\/"]}]},{"@type":"ImageObject","inLanguage":"de","@id":"https:\/\/dypall.com\/calls\/first-iberian-meeting-of-municipality-youth-departments\/#primaryimage","url":"","contentUrl":""},{"@type":"BreadcrumbList","@id":"https:\/\/dypall.com\/calls\/first-iberian-meeting-of-municipality-youth-departments\/#breadcrumb","itemListElement":[{"@type":"ListItem","position":1,"name":"Home","item":"https:\/\/dypall.com\/"},{"@type":"ListItem","position":2,"name":"First Iberian Meeting of Municipality Youth Departments"}]},{"@type":"WebSite","@id":"https:\/\/dypall.com\/#website","url":"https:\/\/dypall.com\/","name":"DYPALL Network","description":"We are a European network of civil society organisations, municipalities and research institutions dedicated to improving democracy through youth participation.","potentialAction":[{"@type":"SearchAction","target":{"@type":"EntryPoint","urlTemplate":"https:\/\/dypall.com\/?s={search_term_string}"},"query-input":"required name=search_term_string"}],"inLanguage":"de"},{"@type":"Person","@id":"https:\/\/dypall.com\/#\/schema\/person\/206350efe851997fcdedef75d118766b","name":"dypall","image":{"@type":"ImageObject","inLanguage":"de","@id":"https:\/\/dypall.com\/#\/schema\/person\/image\/","url":"https:\/\/secure.gravatar.com\/avatar\/14e8d3d8841cd0bdf69915120bcf9fcfac1567f1dc7035664907322ac47efe29?s=96&d=mm&r=g","contentUrl":"https:\/\/secure.gravatar.com\/avatar\/14e8d3d8841cd0bdf69915120bcf9fcfac1567f1dc7035664907322ac47efe29?s=96&d=mm&r=g","caption":"dypall"},"url":"https:\/\/dypall.com\/de\/author\/dypall_info\/"}]}},"jetpack_featured_media_url":"","jetpack_sharing_enabled":true,"_links":{"self":[{"href":"https:\/\/dypall.com\/de\/wp-json\/wp\/v2\/posts\/5547","targetHints":{"allow":["GET"]}}],"collection":[{"href":"https:\/\/dypall.com\/de\/wp-json\/wp\/v2\/posts"}],"about":[{"href":"https:\/\/dypall.com\/de\/wp-json\/wp\/v2\/types\/post"}],"author":[{"embeddable":true,"href":"https:\/\/dypall.com\/de\/wp-json\/wp\/v2\/users\/2"}],"replies":[{"embeddable":true,"href":"https:\/\/dypall.com\/de\/wp-json\/wp\/v2\/comments?post=5547"}],"version-history":[{"count":0,"href":"https:\/\/dypall.com\/de\/wp-json\/wp\/v2\/posts\/5547\/revisions"}],"wp:featuredmedia":[{"embeddable":true,"href":"https:\/\/dypall.com\/de\/wp-json\/wp\/v2\/youth_empowerment\/522"}],"wp:attachment":[{"href":"https:\/\/dypall.com\/de\/wp-json\/wp\/v2\/media?parent=5547"}],"wp:term":[{"taxonomy":"category","embeddable":true,"href":"https:\/\/dypall.com\/de\/wp-json\/wp\/v2\/categories?post=5547"},{"taxonomy":"post_tag","embeddable":true,"href":"https:\/\/dypall.com\/de\/wp-json\/wp\/v2\/tags?post=5547"}],"curies":[{"name":"wp","href":"https:\/\/api.w.org\/{rel}","templated":true}]}}