{"id":4753,"date":"2021-02-12T14:09:10","date_gmt":"2021-02-12T14:09:10","guid":{"rendered":"https:\/\/dypall.com\/?p=4753"},"modified":"2021-02-12T14:09:10","modified_gmt":"2021-02-12T14:09:10","slug":"kick-off-coworking-for-social-innovation","status":"publish","type":"post","link":"https:\/\/dypall.com\/de\/activity\/kick-off-coworking-for-social-innovation\/","title":{"rendered":"Coworking f\u00fcr soziale Innovation \u2013 Auftaktsitzung"},"content":{"rendered":"<p>Heute haben wir unser Projekt offiziell gestartet.<strong>Managementsysteme von Coworking Spaces f\u00fcr soziale Innovation\u201c<\/strong>. In den n\u00e4chsten 16 Monaten werden wir bew\u00e4hrte Verfahren unter den bestehenden Coworking Spaces f\u00fcr soziale Innovation ermitteln, die:<\/p>\n<ul>\n<li>ihr Lernpotenzial zu steigern;<\/li>\n<li>sie integrativer zu gestalten und an die Bed\u00fcrfnisse junger Menschen anzupassen;<\/li>\n<li>F\u00f6rderung der Entwicklung sozialer Innovationen und Steigerung ihrer Wirkung auf lokaler Ebene;<\/li>\n<li>Aufbau der Zusammenarbeit zwischen einem privaten, \u00f6ffentlichen und nichtstaatlichen Sektor;<\/li>\n<li>ihre Nachhaltigkeit zu st\u00e4rken<\/li>\n<\/ul>\n<p>Das Projekt umfasst drei transnationale Aktivit\u00e4ten: ein Seminar in Wien, eine Schulung zum Kapazit\u00e4tsaufbau in Lissabon und eine Abschlusskonferenz in Athen. Die im Rahmen des Projekts erfassten bew\u00e4hrten Verfahren werden auf nationaler und europ\u00e4ischer Ebene weit verbreitet. <strong>Unterst\u00fctzung der Schaffung jugendfreundlicherer und wirkungsvollerer Coworking-Spaces, die soziale Innovation f\u00f6rdern.<\/strong><\/p>\n<p>Das Projekt wird vom Konsortium aus 6 Partnern durchgef\u00fchrt: DYPALL Network (Portugal), Centrum Rozwoju Inicjatyw Spo\u0142ecznych (Polen), Sende (Spanien), Social City Vienna (\u00d6sterreich), HIGGS (Griechenland) und ein internationales Netzwerk von Coworking Spaces Impact Hub. Es wird im Rahmen des Programms Erasmus+ f\u00fcr den Austausch bew\u00e4hrter Verfahren finanziert.<\/p>\n<p><a href=\"https:\/\/dypall.com\/de\/2021\/02\/12\/kick-off-coworking-for-social-innovation\/screenshot_20210212_125218\/#main\" rel=\"attachment wp-att-4754\"><img loading=\"lazy\" decoding=\"async\" class=\"aligncenter wp-image-4754 size-large\" src=\"https:\/\/dypall.com\/wp-content\/uploads\/2021\/02\/screenshot_20210212_125218-e1613138896300-1024x574.png\" alt=\"\" width=\"1024\" height=\"574\" \/><\/a><\/p>\n<p>&nbsp;<\/p>\n<p><a href=\"https:\/\/dypall.com\/de\/2021\/02\/12\/kick-off-coworking-for-social-innovation\/3-8\/#main\" rel=\"attachment wp-att-4755\"><img loading=\"lazy\" decoding=\"async\" class=\"aligncenter size-large wp-image-4755\" src=\"https:\/\/dypall.com\/wp-content\/uploads\/2021\/02\/3-1024x703.png\" alt=\"\" width=\"1024\" height=\"703\" \/><\/a><\/p>","protected":false},"excerpt":{"rendered":"<p>Heute haben wir unser Projekt \u201eManagementsysteme von Coworking Spaces f\u00fcr soziale Innovation\u201c offiziell gestartet. In den n\u00e4chsten 16 Monaten werden wir bew\u00e4hrte Verfahren unter den bestehenden Coworking Spaces f\u00fcr soziale Innovation ermitteln, die: ihr Lernpotenzial zu steigern; sie integrativer zu gestalten und an die Bed\u00fcrfnisse junger Menschen anzupassen; F\u00f6rderung der Entwicklung sozialer Innovationen... <a class=\"more-link\" href=\"https:\/\/dypall.com\/de\/activity\/kick-off-coworking-for-social-innovation\/\"><span class=\"screen-reader-text\">Coworking f\u00fcr soziale Innovation \u2013 Auftaktsitzung<\/span> weiterlesen<\/a><\/p>","protected":false},"author":2,"featured_media":4756,"comment_status":"closed","ping_status":"open","sticky":false,"template":"","format":"standard","meta":{"_acf_changed":false,"_jetpack_memberships_contains_paid_content":false,"footnotes":""},"categories":[111],"tags":[],"class_list":["post-4753","post","type-post","status-publish","format-standard","has-post-thumbnail","hentry","category-activity","entry"],"acf":[],"yoast_head":"<!-- This site is optimized with the Yoast SEO plugin v22.8 - https:\/\/yoast.com\/wordpress\/plugins\/seo\/ -->\n<title>Coworking for social innovation - kick-off meeting - DYPALL Network<\/title>\n<meta name=\"robots\" content=\"index, follow, max-snippet:-1, max-image-preview:large, max-video-preview:-1\" \/>\n<link rel=\"canonical\" href=\"https:\/\/dypall.com\/de\/activity\/kick-off-coworking-for-social-innovation\/\" \/>\n<meta property=\"og:locale\" content=\"de_DE\" \/>\n<meta property=\"og:type\" content=\"article\" \/>\n<meta property=\"og:title\" content=\"Coworking for social innovation - kick-off meeting - DYPALL Network\" \/>\n<meta property=\"og:description\" content=\"Today we officially launched our project \u201eManagement systems of coworking spaces for social innovation\u201d. For the next 16 months, we will be identifying good practices among the existing coworking spaces for social innovation that: boost their learning potential; make them more inclusive and adjusted to the needs of youth; foster the development of social innovation&hellip; Coworking for social innovation &#8211; kick-off meeting weiterlesen\" \/>\n<meta property=\"og:url\" content=\"https:\/\/dypall.com\/de\/activity\/kick-off-coworking-for-social-innovation\/\" \/>\n<meta property=\"og:site_name\" content=\"DYPALL Network\" \/>\n<meta property=\"article:published_time\" content=\"2021-02-12T14:09:10+00:00\" \/>\n<meta name=\"author\" content=\"dypall\" \/>\n<meta name=\"twitter:card\" content=\"summary_large_image\" \/>\n<meta name=\"twitter:label1\" content=\"Written by\" \/>\n\t<meta name=\"twitter:data1\" content=\"dypall\" \/>\n\t<meta name=\"twitter:label2\" content=\"Est. reading time\" \/>\n\t<meta name=\"twitter:data2\" content=\"1\u00a0Minute\" \/>\n<script type=\"application\/ld+json\" class=\"yoast-schema-graph\">{\"@context\":\"https:\/\/schema.org\",\"@graph\":[{\"@type\":\"WebPage\",\"@id\":\"https:\/\/dypall.com\/activity\/kick-off-coworking-for-social-innovation\/\",\"url\":\"https:\/\/dypall.com\/activity\/kick-off-coworking-for-social-innovation\/\",\"name\":\"Coworking for social innovation - kick-off meeting - DYPALL Network\",\"isPartOf\":{\"@id\":\"https:\/\/dypall.com\/#website\"},\"primaryImageOfPage\":{\"@id\":\"https:\/\/dypall.com\/activity\/kick-off-coworking-for-social-innovation\/#primaryimage\"},\"image\":{\"@id\":\"https:\/\/dypall.com\/activity\/kick-off-coworking-for-social-innovation\/#primaryimage\"},\"thumbnailUrl\":\"\",\"datePublished\":\"2021-02-12T14:09:10+00:00\",\"dateModified\":\"2021-02-12T14:09:10+00:00\",\"author\":{\"@id\":\"https:\/\/dypall.com\/#\/schema\/person\/206350efe851997fcdedef75d118766b\"},\"breadcrumb\":{\"@id\":\"https:\/\/dypall.com\/activity\/kick-off-coworking-for-social-innovation\/#breadcrumb\"},\"inLanguage\":\"de\",\"potentialAction\":[{\"@type\":\"ReadAction\",\"target\":[\"https:\/\/dypall.com\/activity\/kick-off-coworking-for-social-innovation\/\"]}]},{\"@type\":\"ImageObject\",\"inLanguage\":\"de\",\"@id\":\"https:\/\/dypall.com\/activity\/kick-off-coworking-for-social-innovation\/#primaryimage\",\"url\":\"\",\"contentUrl\":\"\"},{\"@type\":\"BreadcrumbList\",\"@id\":\"https:\/\/dypall.com\/activity\/kick-off-coworking-for-social-innovation\/#breadcrumb\",\"itemListElement\":[{\"@type\":\"ListItem\",\"position\":1,\"name\":\"Home\",\"item\":\"https:\/\/dypall.com\/\"},{\"@type\":\"ListItem\",\"position\":2,\"name\":\"Coworking for social innovation &#8211; kick-off meeting\"}]},{\"@type\":\"WebSite\",\"@id\":\"https:\/\/dypall.com\/#website\",\"url\":\"https:\/\/dypall.com\/\",\"name\":\"DYPALL Network\",\"description\":\"We are a European network of civil society organisations, municipalities and research institutions dedicated to improving democracy through youth participation.\",\"potentialAction\":[{\"@type\":\"SearchAction\",\"target\":{\"@type\":\"EntryPoint\",\"urlTemplate\":\"https:\/\/dypall.com\/?s={search_term_string}\"},\"query-input\":\"required name=search_term_string\"}],\"inLanguage\":\"de\"},{\"@type\":\"Person\",\"@id\":\"https:\/\/dypall.com\/#\/schema\/person\/206350efe851997fcdedef75d118766b\",\"name\":\"dypall\",\"image\":{\"@type\":\"ImageObject\",\"inLanguage\":\"de\",\"@id\":\"https:\/\/dypall.com\/#\/schema\/person\/image\/\",\"url\":\"https:\/\/secure.gravatar.com\/avatar\/14e8d3d8841cd0bdf69915120bcf9fcfac1567f1dc7035664907322ac47efe29?s=96&d=mm&r=g\",\"contentUrl\":\"https:\/\/secure.gravatar.com\/avatar\/14e8d3d8841cd0bdf69915120bcf9fcfac1567f1dc7035664907322ac47efe29?s=96&d=mm&r=g\",\"caption\":\"dypall\"},\"url\":\"https:\/\/dypall.com\/de\/author\/dypall_info\/\"}]}<\/script>\n<!-- \/ Yoast SEO plugin. -->","yoast_head_json":{"title":"Coworking for social innovation - kick-off meeting - DYPALL Network","robots":{"index":"index","follow":"follow","max-snippet":"max-snippet:-1","max-image-preview":"max-image-preview:large","max-video-preview":"max-video-preview:-1"},"canonical":"https:\/\/dypall.com\/de\/activity\/kick-off-coworking-for-social-innovation\/","og_locale":"de_DE","og_type":"article","og_title":"Coworking for social innovation - kick-off meeting - DYPALL Network","og_description":"Today we officially launched our project \u201eManagement systems of coworking spaces for social innovation\u201d. For the next 16 months, we will be identifying good practices among the existing coworking spaces for social innovation that: boost their learning potential; make them more inclusive and adjusted to the needs of youth; foster the development of social innovation&hellip; Coworking for social innovation &#8211; kick-off meeting weiterlesen","og_url":"https:\/\/dypall.com\/de\/activity\/kick-off-coworking-for-social-innovation\/","og_site_name":"DYPALL Network","article_published_time":"2021-02-12T14:09:10+00:00","author":"dypall","twitter_card":"summary_large_image","twitter_misc":{"Written by":"dypall","Est. reading time":"1\u00a0Minute"},"schema":{"@context":"https:\/\/schema.org","@graph":[{"@type":"WebPage","@id":"https:\/\/dypall.com\/activity\/kick-off-coworking-for-social-innovation\/","url":"https:\/\/dypall.com\/activity\/kick-off-coworking-for-social-innovation\/","name":"Coworking for social innovation - kick-off meeting - DYPALL Network","isPartOf":{"@id":"https:\/\/dypall.com\/#website"},"primaryImageOfPage":{"@id":"https:\/\/dypall.com\/activity\/kick-off-coworking-for-social-innovation\/#primaryimage"},"image":{"@id":"https:\/\/dypall.com\/activity\/kick-off-coworking-for-social-innovation\/#primaryimage"},"thumbnailUrl":"","datePublished":"2021-02-12T14:09:10+00:00","dateModified":"2021-02-12T14:09:10+00:00","author":{"@id":"https:\/\/dypall.com\/#\/schema\/person\/206350efe851997fcdedef75d118766b"},"breadcrumb":{"@id":"https:\/\/dypall.com\/activity\/kick-off-coworking-for-social-innovation\/#breadcrumb"},"inLanguage":"de","potentialAction":[{"@type":"ReadAction","target":["https:\/\/dypall.com\/activity\/kick-off-coworking-for-social-innovation\/"]}]},{"@type":"ImageObject","inLanguage":"de","@id":"https:\/\/dypall.com\/activity\/kick-off-coworking-for-social-innovation\/#primaryimage","url":"","contentUrl":""},{"@type":"BreadcrumbList","@id":"https:\/\/dypall.com\/activity\/kick-off-coworking-for-social-innovation\/#breadcrumb","itemListElement":[{"@type":"ListItem","position":1,"name":"Home","item":"https:\/\/dypall.com\/"},{"@type":"ListItem","position":2,"name":"Coworking for social innovation &#8211; kick-off meeting"}]},{"@type":"WebSite","@id":"https:\/\/dypall.com\/#website","url":"https:\/\/dypall.com\/","name":"DYPALL Network","description":"We are a European network of civil society organisations, municipalities and research institutions dedicated to improving democracy through youth participation.","potentialAction":[{"@type":"SearchAction","target":{"@type":"EntryPoint","urlTemplate":"https:\/\/dypall.com\/?s={search_term_string}"},"query-input":"required name=search_term_string"}],"inLanguage":"de"},{"@type":"Person","@id":"https:\/\/dypall.com\/#\/schema\/person\/206350efe851997fcdedef75d118766b","name":"dypall","image":{"@type":"ImageObject","inLanguage":"de","@id":"https:\/\/dypall.com\/#\/schema\/person\/image\/","url":"https:\/\/secure.gravatar.com\/avatar\/14e8d3d8841cd0bdf69915120bcf9fcfac1567f1dc7035664907322ac47efe29?s=96&d=mm&r=g","contentUrl":"https:\/\/secure.gravatar.com\/avatar\/14e8d3d8841cd0bdf69915120bcf9fcfac1567f1dc7035664907322ac47efe29?s=96&d=mm&r=g","caption":"dypall"},"url":"https:\/\/dypall.com\/de\/author\/dypall_info\/"}]}},"jetpack_featured_media_url":"","jetpack_sharing_enabled":true,"_links":{"self":[{"href":"https:\/\/dypall.com\/de\/wp-json\/wp\/v2\/posts\/4753","targetHints":{"allow":["GET"]}}],"collection":[{"href":"https:\/\/dypall.com\/de\/wp-json\/wp\/v2\/posts"}],"about":[{"href":"https:\/\/dypall.com\/de\/wp-json\/wp\/v2\/types\/post"}],"author":[{"embeddable":true,"href":"https:\/\/dypall.com\/de\/wp-json\/wp\/v2\/users\/2"}],"replies":[{"embeddable":true,"href":"https:\/\/dypall.com\/de\/wp-json\/wp\/v2\/comments?post=4753"}],"version-history":[{"count":0,"href":"https:\/\/dypall.com\/de\/wp-json\/wp\/v2\/posts\/4753\/revisions"}],"wp:featuredmedia":[{"embeddable":true,"href":"https:\/\/dypall.com\/de\/wp-json\/"}],"wp:attachment":[{"href":"https:\/\/dypall.com\/de\/wp-json\/wp\/v2\/media?parent=4753"}],"wp:term":[{"taxonomy":"category","embeddable":true,"href":"https:\/\/dypall.com\/de\/wp-json\/wp\/v2\/categories?post=4753"},{"taxonomy":"post_tag","embeddable":true,"href":"https:\/\/dypall.com\/de\/wp-json\/wp\/v2\/tags?post=4753"}],"curies":[{"name":"wp","href":"https:\/\/api.w.org\/{rel}","templated":true}]}}