{"id":3375,"date":"2019-02-20T17:47:10","date_gmt":"2019-02-20T16:47:10","guid":{"rendered":"http:\/\/dypall.com\/?p=3375"},"modified":"2019-02-20T17:47:10","modified_gmt":"2019-02-20T16:47:10","slug":"youth-democracy-academy-training-for-multipliers","status":"publish","type":"post","link":"https:\/\/dypall.com\/de\/activity\/youth-democracy-academy-training-for-multipliers\/","title":{"rendered":"Jugenddemokratie-Akademie - Internationales Training f\u00fcr Multiplikatoren"},"content":{"rendered":"<p>Die Ausbildung f\u00fcr Multiplikatoren im Rahmen des Projekts Youth Democracy Academy (YDA) fand in Portim\u00e3o (Portugal) statt.<sup>th<\/sup>-14<sup>th<\/sup> Im Februar 2019 waren junge Menschen aus 12 EU-L\u00e4ndern beteiligt, die bei den bevorstehenden Europawahlen im Mai 2019 erstmals w\u00e4hlen gehen werden.<\/p>\n<p>Die Teilnehmer erhielten Raum f\u00fcr Diskussionen \u00fcber Themen wie partizipative Demokratie und EU-Institutionen sowie Tipps und Strategien, wie das Verst\u00e4ndnis junger W\u00e4hler f\u00fcr den demokratischen Prozess und seine Auswirkungen auf ihr t\u00e4gliches Leben gef\u00f6rdert und entwickelt werden kann. Das Training vermittelte ihnen F\u00e4higkeiten, wie sie als Peer-Peer-P\u00e4dagogen agieren und Wissen an ihre Peers weitergeben k\u00f6nnen, da sie nach dem Training lokale Teams leiten werden, die eine GOTV-Kampagne f\u00fcr Erstw\u00e4hler durchf\u00fchren.<\/p>\n<p>In diesem Zusammenhang bestand das Ziel dieses Teils des Projekts der Akademie f\u00fcr Jugenddemokratie darin, das Bewusstsein zu sch\u00e4rfen und die Beteiligung der Erstw\u00e4hler am europ\u00e4ischen demokratischen Prozess, insbesondere an den bevorstehenden Europawahlen, zu f\u00f6rdern.<\/p>\n<p>Mit dem Ziel, junge Menschen in die Lage zu versetzen und ihnen die Instrumente an die Hand zu geben, um eine von ihnen geleitete Kampagne f\u00fcr ihre Altersgenossen durchzuf\u00fchren, hat dieses Projekt das Ziel, die Debatte innerhalb der jungen B\u00fcrger und die k\u00fcnftigen Entscheidungstr\u00e4ger auf europ\u00e4ischer Ebene anzuregen.<\/p>\n<p>Die Teilnehmer hatten auch die M\u00f6glichkeit, verschiedene kulturelle Hintergr\u00fcnde und politische \u00dcberzeugungen zu verstehen, indem sie ihre Mitteilnehmer kennenlernten, die Eindr\u00fccke und Werte tauschten, und gemeinsame Gr\u00fcnde f\u00fcr ihr Gef\u00fchl der Unionsb\u00fcrgerschaft fanden.<\/p>\n<p>Die Jugenddemokratieakademie wird vom DYPALL-Netzwerk in Zusammenarbeit mit dem Nationalen Jugendausweisverband (Bulgarien), der Gemeinde Karditsa (Griechenland), dem Verband der Kinder- und Jugendgemeinder\u00e4te (Ungarn), Eurodemos (Italien), der Gemeinde Rezekne (Lettland), Social Doers (Rum\u00e4nien), der Asociaci\u00f3n Las Ni\u00f1as del Tul (Spanien), Politicus (Frankreich), Detsk\u00e1 organiz\u00e1cia F\u00c9NIX, o.z (Slowakei), African Empowerment Center (Schweden) und Migrafrica (Deutschland) durchgef\u00fchrt.<\/p>\n<p>Dieses Projekt wird vom Erasmus+-Programm der Europ\u00e4ischen Union kofinanziert und wurde von der Gemeinde Portim\u00e3o vor Ort unterst\u00fctzt.<\/p>\n<p>&nbsp;<\/p>\n<p><img loading=\"lazy\" decoding=\"async\" class=\"aligncenter size-full wp-image-3381\" src=\"http:\/\/dypall.com\/wp-content\/uploads\/2019\/02\/IMG_1894.jpg\" alt=\"\" width=\"992\" height=\"661\" \/><\/p>\n<p><img loading=\"lazy\" decoding=\"async\" class=\"aligncenter size-full wp-image-3379\" src=\"http:\/\/dypall.com\/wp-content\/uploads\/2019\/02\/DSC_2611.jpg\" alt=\"\" width=\"900\" height=\"600\" \/><\/p>\n<p><img loading=\"lazy\" decoding=\"async\" class=\"aligncenter size-full wp-image-3382\" src=\"http:\/\/dypall.com\/wp-content\/uploads\/2019\/02\/IMG_8446.jpg\" alt=\"\" width=\"800\" height=\"533\" \/><\/p>\n<p><img loading=\"lazy\" decoding=\"async\" class=\"aligncenter size-full wp-image-3383\" src=\"http:\/\/dypall.com\/wp-content\/uploads\/2019\/02\/IMG_8468.jpg\" alt=\"\" width=\"843\" height=\"562\" \/><\/p>\n<p><img loading=\"lazy\" decoding=\"async\" class=\"aligncenter size-large wp-image-3384\" src=\"http:\/\/dypall.com\/wp-content\/uploads\/2019\/02\/IMG_8539-1024x683.jpg\" alt=\"\" width=\"960\" height=\"640\" \/><\/p>\n<p><img loading=\"lazy\" decoding=\"async\" class=\"aligncenter size-full wp-image-3385\" src=\"http:\/\/dypall.com\/wp-content\/uploads\/2019\/02\/IMG_8558.jpg\" alt=\"\" width=\"843\" height=\"562\" \/><\/p>\n<p><img loading=\"lazy\" decoding=\"async\" class=\"aligncenter size-full wp-image-3386\" src=\"http:\/\/dypall.com\/wp-content\/uploads\/2019\/02\/IMG_8600.jpg\" alt=\"\" width=\"843\" height=\"562\" \/><\/p>\n<p><img loading=\"lazy\" decoding=\"async\" class=\"aligncenter size-full wp-image-3387\" src=\"http:\/\/dypall.com\/wp-content\/uploads\/2019\/02\/IMG_8626.jpg\" alt=\"\" width=\"843\" height=\"562\" \/><\/p>\n<p><img loading=\"lazy\" decoding=\"async\" class=\"aligncenter size-full wp-image-3388\" src=\"http:\/\/dypall.com\/wp-content\/uploads\/2019\/02\/IMG_9973.jpg\" alt=\"\" width=\"778\" height=\"519\" \/><\/p>\n<p><img loading=\"lazy\" decoding=\"async\" class=\"aligncenter size-full wp-image-3389\" src=\"http:\/\/dypall.com\/wp-content\/uploads\/2019\/02\/DSC_2644-1.jpg\" alt=\"\" width=\"900\" height=\"600\" \/><\/p>\n<p><img loading=\"lazy\" decoding=\"async\" class=\"aligncenter size-full wp-image-3390\" src=\"http:\/\/dypall.com\/wp-content\/uploads\/2019\/02\/DSC_2577-1.jpg\" alt=\"\" width=\"900\" height=\"600\" \/><\/p>\n<p>&nbsp;<\/p>\n<p>&nbsp;<\/p>","protected":false},"excerpt":{"rendered":"<p>Die Schulung f\u00fcr Multiplikatoren im Rahmen des Projekts Youth Democracy Academy (YDA) fand vom 8. bis 14. Februar 2019 in Portim\u00e3o (Portugal) statt und umfasste junge Menschen aus 12 EU-L\u00e4ndern, die bei der bevorstehenden Europawahl im Mai 2019 erstmals w\u00e4hlen gehen werden. Den Teilnehmern wurde Raum gegeben, um Themen wie... <a class=\"more-link\" href=\"https:\/\/dypall.com\/de\/activity\/youth-democracy-academy-training-for-multipliers\/\"><span class=\"screen-reader-text\">Jugenddemokratie-Akademie - Internationales Training f\u00fcr Multiplikatoren<\/span> weiterlesen<\/a><\/p>","protected":false},"author":1,"featured_media":3417,"comment_status":"closed","ping_status":"open","sticky":false,"template":"","format":"standard","meta":{"_acf_changed":false,"_jetpack_memberships_contains_paid_content":false,"footnotes":""},"categories":[111],"tags":[136],"class_list":["post-3375","post","type-post","status-publish","format-standard","has-post-thumbnail","hentry","category-activity","tag-training-course","entry"],"acf":[],"yoast_head":"<!-- This site is optimized with the Yoast SEO plugin v22.8 - https:\/\/yoast.com\/wordpress\/plugins\/seo\/ -->\n<title>Youth Democracy Academy- International Training for Multipliers - DYPALL Network<\/title>\n<meta name=\"robots\" content=\"index, follow, max-snippet:-1, max-image-preview:large, max-video-preview:-1\" \/>\n<link rel=\"canonical\" href=\"https:\/\/dypall.com\/de\/activity\/youth-democracy-academy-training-for-multipliers\/\" \/>\n<meta property=\"og:locale\" content=\"de_DE\" \/>\n<meta property=\"og:type\" content=\"article\" \/>\n<meta property=\"og:title\" content=\"Youth Democracy Academy- International Training for Multipliers - DYPALL Network\" \/>\n<meta property=\"og:description\" content=\"The training for multipliers within the Youth Democracy Academy (YDA) project, took place in Portim\u00e3o (Portugal), from 8th-14th of February 2019, and it involved young people from 12 EU countries that will vote for the first time in the upcoming European elections in May 2019. The participants were given the space to debate topics such&hellip; Youth Democracy Academy- International Training for Multipliers weiterlesen\" \/>\n<meta property=\"og:url\" content=\"https:\/\/dypall.com\/de\/activity\/youth-democracy-academy-training-for-multipliers\/\" \/>\n<meta property=\"og:site_name\" content=\"DYPALL Network\" \/>\n<meta property=\"article:published_time\" content=\"2019-02-20T16:47:10+00:00\" \/>\n<meta name=\"author\" content=\"DYPALL Network\" \/>\n<meta name=\"twitter:card\" content=\"summary_large_image\" \/>\n<meta name=\"twitter:label1\" content=\"Written by\" \/>\n\t<meta name=\"twitter:data1\" content=\"DYPALL Network\" \/>\n\t<meta name=\"twitter:label2\" content=\"Est. reading time\" \/>\n\t<meta name=\"twitter:data2\" content=\"2\u00a0Minuten\" \/>\n<script type=\"application\/ld+json\" class=\"yoast-schema-graph\">{\"@context\":\"https:\/\/schema.org\",\"@graph\":[{\"@type\":\"WebPage\",\"@id\":\"https:\/\/dypall.com\/activity\/youth-democracy-academy-training-for-multipliers\/\",\"url\":\"https:\/\/dypall.com\/activity\/youth-democracy-academy-training-for-multipliers\/\",\"name\":\"Youth Democracy Academy- International Training for Multipliers - DYPALL Network\",\"isPartOf\":{\"@id\":\"https:\/\/dypall.com\/#website\"},\"primaryImageOfPage\":{\"@id\":\"https:\/\/dypall.com\/activity\/youth-democracy-academy-training-for-multipliers\/#primaryimage\"},\"image\":{\"@id\":\"https:\/\/dypall.com\/activity\/youth-democracy-academy-training-for-multipliers\/#primaryimage\"},\"thumbnailUrl\":\"\",\"datePublished\":\"2019-02-20T16:47:10+00:00\",\"dateModified\":\"2019-02-20T16:47:10+00:00\",\"author\":{\"@id\":\"https:\/\/dypall.com\/#\/schema\/person\/f92e08aa15c8ba711a9d153129f03377\"},\"breadcrumb\":{\"@id\":\"https:\/\/dypall.com\/activity\/youth-democracy-academy-training-for-multipliers\/#breadcrumb\"},\"inLanguage\":\"de\",\"potentialAction\":[{\"@type\":\"ReadAction\",\"target\":[\"https:\/\/dypall.com\/activity\/youth-democracy-academy-training-for-multipliers\/\"]}]},{\"@type\":\"ImageObject\",\"inLanguage\":\"de\",\"@id\":\"https:\/\/dypall.com\/activity\/youth-democracy-academy-training-for-multipliers\/#primaryimage\",\"url\":\"\",\"contentUrl\":\"\"},{\"@type\":\"BreadcrumbList\",\"@id\":\"https:\/\/dypall.com\/activity\/youth-democracy-academy-training-for-multipliers\/#breadcrumb\",\"itemListElement\":[{\"@type\":\"ListItem\",\"position\":1,\"name\":\"Home\",\"item\":\"https:\/\/dypall.com\/\"},{\"@type\":\"ListItem\",\"position\":2,\"name\":\"Youth Democracy Academy- International Training for Multipliers\"}]},{\"@type\":\"WebSite\",\"@id\":\"https:\/\/dypall.com\/#website\",\"url\":\"https:\/\/dypall.com\/\",\"name\":\"DYPALL Network\",\"description\":\"We are a European network of civil society organisations, municipalities and research institutions dedicated to improving democracy through youth participation.\",\"potentialAction\":[{\"@type\":\"SearchAction\",\"target\":{\"@type\":\"EntryPoint\",\"urlTemplate\":\"https:\/\/dypall.com\/?s={search_term_string}\"},\"query-input\":\"required name=search_term_string\"}],\"inLanguage\":\"de\"},{\"@type\":\"Person\",\"@id\":\"https:\/\/dypall.com\/#\/schema\/person\/f92e08aa15c8ba711a9d153129f03377\",\"name\":\"DYPALL Network\",\"image\":{\"@type\":\"ImageObject\",\"inLanguage\":\"de\",\"@id\":\"https:\/\/dypall.com\/#\/schema\/person\/image\/\",\"url\":\"https:\/\/secure.gravatar.com\/avatar\/9c39e299279800c6d69c5e02cf613e7bab060889f373052a03d7ac399e8f0d3c?s=96&d=mm&r=g\",\"contentUrl\":\"https:\/\/secure.gravatar.com\/avatar\/9c39e299279800c6d69c5e02cf613e7bab060889f373052a03d7ac399e8f0d3c?s=96&d=mm&r=g\",\"caption\":\"DYPALL Network\"},\"sameAs\":[\"https:\/\/dypall.com\"],\"url\":\"https:\/\/dypall.com\/de\/author\/dypall\/\"}]}<\/script>\n<!-- \/ Yoast SEO plugin. -->","yoast_head_json":{"title":"Youth Democracy Academy- International Training for Multipliers - DYPALL Network","robots":{"index":"index","follow":"follow","max-snippet":"max-snippet:-1","max-image-preview":"max-image-preview:large","max-video-preview":"max-video-preview:-1"},"canonical":"https:\/\/dypall.com\/de\/activity\/youth-democracy-academy-training-for-multipliers\/","og_locale":"de_DE","og_type":"article","og_title":"Youth Democracy Academy- International Training for Multipliers - DYPALL Network","og_description":"The training for multipliers within the Youth Democracy Academy (YDA) project, took place in Portim\u00e3o (Portugal), from 8th-14th of February 2019, and it involved young people from 12 EU countries that will vote for the first time in the upcoming European elections in May 2019. The participants were given the space to debate topics such&hellip; Youth Democracy Academy- International Training for Multipliers weiterlesen","og_url":"https:\/\/dypall.com\/de\/activity\/youth-democracy-academy-training-for-multipliers\/","og_site_name":"DYPALL Network","article_published_time":"2019-02-20T16:47:10+00:00","author":"DYPALL Network","twitter_card":"summary_large_image","twitter_misc":{"Written by":"DYPALL Network","Est. reading time":"2\u00a0Minuten"},"schema":{"@context":"https:\/\/schema.org","@graph":[{"@type":"WebPage","@id":"https:\/\/dypall.com\/activity\/youth-democracy-academy-training-for-multipliers\/","url":"https:\/\/dypall.com\/activity\/youth-democracy-academy-training-for-multipliers\/","name":"Youth Democracy Academy- International Training for Multipliers - DYPALL Network","isPartOf":{"@id":"https:\/\/dypall.com\/#website"},"primaryImageOfPage":{"@id":"https:\/\/dypall.com\/activity\/youth-democracy-academy-training-for-multipliers\/#primaryimage"},"image":{"@id":"https:\/\/dypall.com\/activity\/youth-democracy-academy-training-for-multipliers\/#primaryimage"},"thumbnailUrl":"","datePublished":"2019-02-20T16:47:10+00:00","dateModified":"2019-02-20T16:47:10+00:00","author":{"@id":"https:\/\/dypall.com\/#\/schema\/person\/f92e08aa15c8ba711a9d153129f03377"},"breadcrumb":{"@id":"https:\/\/dypall.com\/activity\/youth-democracy-academy-training-for-multipliers\/#breadcrumb"},"inLanguage":"de","potentialAction":[{"@type":"ReadAction","target":["https:\/\/dypall.com\/activity\/youth-democracy-academy-training-for-multipliers\/"]}]},{"@type":"ImageObject","inLanguage":"de","@id":"https:\/\/dypall.com\/activity\/youth-democracy-academy-training-for-multipliers\/#primaryimage","url":"","contentUrl":""},{"@type":"BreadcrumbList","@id":"https:\/\/dypall.com\/activity\/youth-democracy-academy-training-for-multipliers\/#breadcrumb","itemListElement":[{"@type":"ListItem","position":1,"name":"Home","item":"https:\/\/dypall.com\/"},{"@type":"ListItem","position":2,"name":"Youth Democracy Academy- International Training for Multipliers"}]},{"@type":"WebSite","@id":"https:\/\/dypall.com\/#website","url":"https:\/\/dypall.com\/","name":"DYPALL Network","description":"We are a European network of civil society organisations, municipalities and research institutions dedicated to improving democracy through youth participation.","potentialAction":[{"@type":"SearchAction","target":{"@type":"EntryPoint","urlTemplate":"https:\/\/dypall.com\/?s={search_term_string}"},"query-input":"required name=search_term_string"}],"inLanguage":"de"},{"@type":"Person","@id":"https:\/\/dypall.com\/#\/schema\/person\/f92e08aa15c8ba711a9d153129f03377","name":"DYPALL Network","image":{"@type":"ImageObject","inLanguage":"de","@id":"https:\/\/dypall.com\/#\/schema\/person\/image\/","url":"https:\/\/secure.gravatar.com\/avatar\/9c39e299279800c6d69c5e02cf613e7bab060889f373052a03d7ac399e8f0d3c?s=96&d=mm&r=g","contentUrl":"https:\/\/secure.gravatar.com\/avatar\/9c39e299279800c6d69c5e02cf613e7bab060889f373052a03d7ac399e8f0d3c?s=96&d=mm&r=g","caption":"DYPALL Network"},"sameAs":["https:\/\/dypall.com"],"url":"https:\/\/dypall.com\/de\/author\/dypall\/"}]}},"jetpack_featured_media_url":"","jetpack_sharing_enabled":true,"_links":{"self":[{"href":"https:\/\/dypall.com\/de\/wp-json\/wp\/v2\/posts\/3375","targetHints":{"allow":["GET"]}}],"collection":[{"href":"https:\/\/dypall.com\/de\/wp-json\/wp\/v2\/posts"}],"about":[{"href":"https:\/\/dypall.com\/de\/wp-json\/wp\/v2\/types\/post"}],"author":[{"embeddable":true,"href":"https:\/\/dypall.com\/de\/wp-json\/wp\/v2\/users\/1"}],"replies":[{"embeddable":true,"href":"https:\/\/dypall.com\/de\/wp-json\/wp\/v2\/comments?post=3375"}],"version-history":[{"count":0,"href":"https:\/\/dypall.com\/de\/wp-json\/wp\/v2\/posts\/3375\/revisions"}],"wp:featuredmedia":[{"embeddable":true,"href":"https:\/\/dypall.com\/de\/wp-json\/"}],"wp:attachment":[{"href":"https:\/\/dypall.com\/de\/wp-json\/wp\/v2\/media?parent=3375"}],"wp:term":[{"taxonomy":"category","embeddable":true,"href":"https:\/\/dypall.com\/de\/wp-json\/wp\/v2\/categories?post=3375"},{"taxonomy":"post_tag","embeddable":true,"href":"https:\/\/dypall.com\/de\/wp-json\/wp\/v2\/tags?post=3375"}],"curies":[{"name":"wp","href":"https:\/\/api.w.org\/{rel}","templated":true}]}}