{"id":2086,"date":"2017-05-30T12:51:42","date_gmt":"2017-05-30T10:51:42","guid":{"rendered":"http:\/\/dypall.com\/?p=2086"},"modified":"2017-05-30T12:51:42","modified_gmt":"2017-05-30T10:51:42","slug":"europe-goes-local-academia-de-desenvolvimento-juvenil-youth-development-academy","status":"publish","type":"post","link":"https:\/\/dypall.com\/de\/activity\/europe-goes-local-academia-de-desenvolvimento-juvenil-youth-development-academy\/","title":{"rendered":"Europe Goes Local  \u2047  Academia de Desenvolvimento Juvenil (Akademie f\u00fcr Jugendentwicklung)"},"content":{"rendered":"<p>Europe Goes Local ist eine langfristige Zusammenarbeit im Rahmen des Erasmus+-Jugendprogramms zur Unterst\u00fctzung der Jugendarbeit auf kommunaler Ebene. So zielen 21 nationale Agenturen des Programms Erasmus+ im Jugendbereich mit dieser Initiative darauf ab, die Arbeitsqualit\u00e4t mit Jugendlichen durch eine verst\u00e4rkte Zusammenarbeit zwischen mehreren interessierten Parteien und Interessentr\u00e4gern zu verbessern.<\/p>\n<p>Auch im Einklang mit diesen Zielen, vom 20. bis 22. Mai 2017 im Faro Youth Centre (IPDJ) in der portugiesischen Region Algarve, die zweite Ausgabe von <strong>Academia de Desenvolvimento Juvenil<\/strong> Die \"Jugendentwicklungsakademie\" wurde ins Leben gerufen. Ziel dieser Veranstaltung ist es, einen Raum f\u00fcr den Austausch bew\u00e4hrter Verfahren sowie f\u00fcr den Aufbau von Kapazit\u00e4ten und die Ausbildung von Jugendarbeitern, F\u00fchrungskr\u00e4ften und Jugendorganisationen zu schaffen.<\/p>\n<p><img loading=\"lazy\" decoding=\"async\" class=\"wp-image-2088 aligncenter\" src=\"http:\/\/dypall.com\/wp-content\/uploads\/2017\/05\/IMG_20170522_141310-300x169.jpg\" alt=\"\" width=\"327\" height=\"184\" \/><\/p>\n<p>Bruno Ant\u00f3nio, Teil des Teams des DYPALL-Netzwerks und Vertreter, war bei dieser Veranstaltung als Trainer anwesend, der die portugiesische Agentur Erasmus+ bei dieser Veranstaltung vertrat. Im Rahmen der durchgef\u00fchrten \u201eAusbildung von Ausbildern\u201c hatten Jugendbetreuer, Gemeindebeamte und Jugendvertreter die M\u00f6glichkeit, die Themen des Lernens im Rahmen der nichtformalen Bildung, des Aufbaus eines Jugendausbildungsprogramms und der Gruppendynamik eingehend zu untersuchen. Dies war auch eine Gelegenheit, Jugendarbeiter in Kommunen und Organisationen DYPALL Network als m\u00f6glichen Partner und Unterst\u00fctzer bei Projekten und dem Aufbau von Synergien kennen zu lernen.<img loading=\"lazy\" decoding=\"async\" class=\"size-medium wp-image-2089 alignright\" src=\"http:\/\/dypall.com\/wp-content\/uploads\/2017\/05\/IMG_20170521_122253-300x169.jpg\" alt=\"\" width=\"300\" height=\"169\" \/><\/p>\n<p>Auf diese Weise wurde allgemein angenommen, dass nach dieser Initiative die folgenden Ziele von Europe Goes Local auf nationaler Ebene erreicht wurden:<\/p>\n<ul>\n<li>die Nationale Agentur der Jugendarbeit auf lokaler Ebene einen Schritt n\u00e4her bringen;<\/li>\n<li>Einf\u00fchrung des internationalen\/europ\u00e4ischen Elements (internationale Jugendarbeit) in die Gemeinden;<\/li>\n<li>Erfassung der Bed\u00fcrfnisse der Jugendarbeit und der Jugendarbeit auf Gemeindeebene;<\/li>\n<li>Aufbau von Netzwerken mit Interessentr\u00e4gern (Jugendbesch\u00e4ftigte, Gemeindebeamte und Politiker) auf lokaler Ebene;<\/li>\n<li>Austausch von Warenpraktiken und Austausch von Beispielen f\u00fcr gute Projekte, die vor Ort gebaut und umgesetzt wurden;<\/li>\n<li>Sensibilisierung der Jugendbetreuer f\u00fcr die Europ\u00e4ische Agenda.<\/li>\n<\/ul>\n<p><img loading=\"lazy\" decoding=\"async\" class=\"wp-image-2090 aligncenter\" src=\"http:\/\/dypall.com\/wp-content\/uploads\/2017\/05\/IMG_20170522_101150-300x169.jpg\" alt=\"\" width=\"311\" height=\"175\" \/><\/p>","protected":false},"excerpt":{"rendered":"<p>Europe Goes Local ist eine langfristige Zusammenarbeit im Rahmen des Erasmus+-Jugendprogramms zur Unterst\u00fctzung der Jugendarbeit auf kommunaler Ebene. So zielen 21 nationale Agenturen des Programms Erasmus+ im Jugendbereich mit dieser Initiative darauf ab, die Arbeitsqualit\u00e4t mit Jugendlichen durch eine verst\u00e4rkte Zusammenarbeit zwischen mehreren interessierten Parteien und Interessentr\u00e4gern zu verbessern. Auch im Einklang mit... <a class=\"more-link\" href=\"https:\/\/dypall.com\/de\/activity\/europe-goes-local-academia-de-desenvolvimento-juvenil-youth-development-academy\/\"><span class=\"screen-reader-text\">Europe Goes Local  \u2047  Academia de Desenvolvimento Juvenil (Akademie f\u00fcr Jugendentwicklung)<\/span> weiterlesen<\/a><\/p>","protected":false},"author":1,"featured_media":2087,"comment_status":"closed","ping_status":"open","sticky":false,"template":"","format":"standard","meta":{"_acf_changed":false,"_jetpack_memberships_contains_paid_content":false,"footnotes":""},"categories":[111,141],"tags":[136],"class_list":["post-2086","post","type-post","status-publish","format-standard","has-post-thumbnail","hentry","category-activity","category-training-course","tag-training-course","entry"],"acf":[],"yoast_head":"<!-- This site is optimized with the Yoast SEO plugin v22.8 - https:\/\/yoast.com\/wordpress\/plugins\/seo\/ -->\n<title>Europe Goes Local | Academia de Desenvolvimento Juvenil (Youth Development Academy) - DYPALL Network<\/title>\n<meta name=\"robots\" content=\"index, follow, max-snippet:-1, max-image-preview:large, max-video-preview:-1\" \/>\n<link rel=\"canonical\" href=\"https:\/\/dypall.com\/de\/activity\/europe-goes-local-academia-de-desenvolvimento-juvenil-youth-development-academy\/\" \/>\n<meta property=\"og:locale\" content=\"de_DE\" \/>\n<meta property=\"og:type\" content=\"article\" \/>\n<meta property=\"og:title\" content=\"Europe Goes Local | Academia de Desenvolvimento Juvenil (Youth Development Academy) - DYPALL Network\" \/>\n<meta property=\"og:description\" content=\"Europe Goes Local is a long-term cooperation within the Erasmus+ youth programme to support youth work at the municipal level. Thus, 21 National Agencies of the Erasmus+ programme in the youth sector aim with this initiative, to improve work quality with youth, through strengthened cooperation between several interested parties and stakeholders. Also in line with&hellip; Europe Goes Local | Academia de Desenvolvimento Juvenil (Youth Development Academy) weiterlesen\" \/>\n<meta property=\"og:url\" content=\"https:\/\/dypall.com\/de\/activity\/europe-goes-local-academia-de-desenvolvimento-juvenil-youth-development-academy\/\" \/>\n<meta property=\"og:site_name\" content=\"DYPALL Network\" \/>\n<meta property=\"article:published_time\" content=\"2017-05-30T10:51:42+00:00\" \/>\n<meta name=\"author\" content=\"DYPALL Network\" \/>\n<meta name=\"twitter:card\" content=\"summary_large_image\" \/>\n<meta name=\"twitter:label1\" content=\"Written by\" \/>\n\t<meta name=\"twitter:data1\" content=\"DYPALL Network\" \/>\n\t<meta name=\"twitter:label2\" content=\"Est. reading time\" \/>\n\t<meta name=\"twitter:data2\" content=\"1\u00a0Minute\" \/>\n<script type=\"application\/ld+json\" class=\"yoast-schema-graph\">{\"@context\":\"https:\/\/schema.org\",\"@graph\":[{\"@type\":\"WebPage\",\"@id\":\"https:\/\/dypall.com\/activity\/europe-goes-local-academia-de-desenvolvimento-juvenil-youth-development-academy\/\",\"url\":\"https:\/\/dypall.com\/activity\/europe-goes-local-academia-de-desenvolvimento-juvenil-youth-development-academy\/\",\"name\":\"Europe Goes Local | Academia de Desenvolvimento Juvenil (Youth Development Academy) - DYPALL Network\",\"isPartOf\":{\"@id\":\"https:\/\/dypall.com\/#website\"},\"primaryImageOfPage\":{\"@id\":\"https:\/\/dypall.com\/activity\/europe-goes-local-academia-de-desenvolvimento-juvenil-youth-development-academy\/#primaryimage\"},\"image\":{\"@id\":\"https:\/\/dypall.com\/activity\/europe-goes-local-academia-de-desenvolvimento-juvenil-youth-development-academy\/#primaryimage\"},\"thumbnailUrl\":\"\",\"datePublished\":\"2017-05-30T10:51:42+00:00\",\"dateModified\":\"2017-05-30T10:51:42+00:00\",\"author\":{\"@id\":\"https:\/\/dypall.com\/#\/schema\/person\/f92e08aa15c8ba711a9d153129f03377\"},\"breadcrumb\":{\"@id\":\"https:\/\/dypall.com\/activity\/europe-goes-local-academia-de-desenvolvimento-juvenil-youth-development-academy\/#breadcrumb\"},\"inLanguage\":\"de\",\"potentialAction\":[{\"@type\":\"ReadAction\",\"target\":[\"https:\/\/dypall.com\/activity\/europe-goes-local-academia-de-desenvolvimento-juvenil-youth-development-academy\/\"]}]},{\"@type\":\"ImageObject\",\"inLanguage\":\"de\",\"@id\":\"https:\/\/dypall.com\/activity\/europe-goes-local-academia-de-desenvolvimento-juvenil-youth-development-academy\/#primaryimage\",\"url\":\"\",\"contentUrl\":\"\"},{\"@type\":\"BreadcrumbList\",\"@id\":\"https:\/\/dypall.com\/activity\/europe-goes-local-academia-de-desenvolvimento-juvenil-youth-development-academy\/#breadcrumb\",\"itemListElement\":[{\"@type\":\"ListItem\",\"position\":1,\"name\":\"Home\",\"item\":\"https:\/\/dypall.com\/\"},{\"@type\":\"ListItem\",\"position\":2,\"name\":\"Europe Goes Local | Academia de Desenvolvimento Juvenil (Youth Development Academy)\"}]},{\"@type\":\"WebSite\",\"@id\":\"https:\/\/dypall.com\/#website\",\"url\":\"https:\/\/dypall.com\/\",\"name\":\"DYPALL Network\",\"description\":\"We are a European network of civil society organisations, municipalities and research institutions dedicated to improving democracy through youth participation.\",\"potentialAction\":[{\"@type\":\"SearchAction\",\"target\":{\"@type\":\"EntryPoint\",\"urlTemplate\":\"https:\/\/dypall.com\/?s={search_term_string}\"},\"query-input\":\"required name=search_term_string\"}],\"inLanguage\":\"de\"},{\"@type\":\"Person\",\"@id\":\"https:\/\/dypall.com\/#\/schema\/person\/f92e08aa15c8ba711a9d153129f03377\",\"name\":\"DYPALL Network\",\"image\":{\"@type\":\"ImageObject\",\"inLanguage\":\"de\",\"@id\":\"https:\/\/dypall.com\/#\/schema\/person\/image\/\",\"url\":\"https:\/\/secure.gravatar.com\/avatar\/9c39e299279800c6d69c5e02cf613e7bab060889f373052a03d7ac399e8f0d3c?s=96&d=mm&r=g\",\"contentUrl\":\"https:\/\/secure.gravatar.com\/avatar\/9c39e299279800c6d69c5e02cf613e7bab060889f373052a03d7ac399e8f0d3c?s=96&d=mm&r=g\",\"caption\":\"DYPALL Network\"},\"sameAs\":[\"https:\/\/dypall.com\"],\"url\":\"https:\/\/dypall.com\/de\/author\/dypall\/\"}]}<\/script>\n<!-- \/ Yoast SEO plugin. -->","yoast_head_json":{"title":"Europe Goes Local | Academia de Desenvolvimento Juvenil (Youth Development Academy) - DYPALL Network","robots":{"index":"index","follow":"follow","max-snippet":"max-snippet:-1","max-image-preview":"max-image-preview:large","max-video-preview":"max-video-preview:-1"},"canonical":"https:\/\/dypall.com\/de\/activity\/europe-goes-local-academia-de-desenvolvimento-juvenil-youth-development-academy\/","og_locale":"de_DE","og_type":"article","og_title":"Europe Goes Local | Academia de Desenvolvimento Juvenil (Youth Development Academy) - DYPALL Network","og_description":"Europe Goes Local is a long-term cooperation within the Erasmus+ youth programme to support youth work at the municipal level. Thus, 21 National Agencies of the Erasmus+ programme in the youth sector aim with this initiative, to improve work quality with youth, through strengthened cooperation between several interested parties and stakeholders. Also in line with&hellip; Europe Goes Local | Academia de Desenvolvimento Juvenil (Youth Development Academy) weiterlesen","og_url":"https:\/\/dypall.com\/de\/activity\/europe-goes-local-academia-de-desenvolvimento-juvenil-youth-development-academy\/","og_site_name":"DYPALL Network","article_published_time":"2017-05-30T10:51:42+00:00","author":"DYPALL Network","twitter_card":"summary_large_image","twitter_misc":{"Written by":"DYPALL Network","Est. reading time":"1\u00a0Minute"},"schema":{"@context":"https:\/\/schema.org","@graph":[{"@type":"WebPage","@id":"https:\/\/dypall.com\/activity\/europe-goes-local-academia-de-desenvolvimento-juvenil-youth-development-academy\/","url":"https:\/\/dypall.com\/activity\/europe-goes-local-academia-de-desenvolvimento-juvenil-youth-development-academy\/","name":"Europe Goes Local | Academia de Desenvolvimento Juvenil (Youth Development Academy) - DYPALL Network","isPartOf":{"@id":"https:\/\/dypall.com\/#website"},"primaryImageOfPage":{"@id":"https:\/\/dypall.com\/activity\/europe-goes-local-academia-de-desenvolvimento-juvenil-youth-development-academy\/#primaryimage"},"image":{"@id":"https:\/\/dypall.com\/activity\/europe-goes-local-academia-de-desenvolvimento-juvenil-youth-development-academy\/#primaryimage"},"thumbnailUrl":"","datePublished":"2017-05-30T10:51:42+00:00","dateModified":"2017-05-30T10:51:42+00:00","author":{"@id":"https:\/\/dypall.com\/#\/schema\/person\/f92e08aa15c8ba711a9d153129f03377"},"breadcrumb":{"@id":"https:\/\/dypall.com\/activity\/europe-goes-local-academia-de-desenvolvimento-juvenil-youth-development-academy\/#breadcrumb"},"inLanguage":"de","potentialAction":[{"@type":"ReadAction","target":["https:\/\/dypall.com\/activity\/europe-goes-local-academia-de-desenvolvimento-juvenil-youth-development-academy\/"]}]},{"@type":"ImageObject","inLanguage":"de","@id":"https:\/\/dypall.com\/activity\/europe-goes-local-academia-de-desenvolvimento-juvenil-youth-development-academy\/#primaryimage","url":"","contentUrl":""},{"@type":"BreadcrumbList","@id":"https:\/\/dypall.com\/activity\/europe-goes-local-academia-de-desenvolvimento-juvenil-youth-development-academy\/#breadcrumb","itemListElement":[{"@type":"ListItem","position":1,"name":"Home","item":"https:\/\/dypall.com\/"},{"@type":"ListItem","position":2,"name":"Europe Goes Local | Academia de Desenvolvimento Juvenil (Youth Development Academy)"}]},{"@type":"WebSite","@id":"https:\/\/dypall.com\/#website","url":"https:\/\/dypall.com\/","name":"DYPALL Network","description":"We are a European network of civil society organisations, municipalities and research institutions dedicated to improving democracy through youth participation.","potentialAction":[{"@type":"SearchAction","target":{"@type":"EntryPoint","urlTemplate":"https:\/\/dypall.com\/?s={search_term_string}"},"query-input":"required name=search_term_string"}],"inLanguage":"de"},{"@type":"Person","@id":"https:\/\/dypall.com\/#\/schema\/person\/f92e08aa15c8ba711a9d153129f03377","name":"DYPALL Network","image":{"@type":"ImageObject","inLanguage":"de","@id":"https:\/\/dypall.com\/#\/schema\/person\/image\/","url":"https:\/\/secure.gravatar.com\/avatar\/9c39e299279800c6d69c5e02cf613e7bab060889f373052a03d7ac399e8f0d3c?s=96&d=mm&r=g","contentUrl":"https:\/\/secure.gravatar.com\/avatar\/9c39e299279800c6d69c5e02cf613e7bab060889f373052a03d7ac399e8f0d3c?s=96&d=mm&r=g","caption":"DYPALL Network"},"sameAs":["https:\/\/dypall.com"],"url":"https:\/\/dypall.com\/de\/author\/dypall\/"}]}},"jetpack_featured_media_url":"","jetpack_sharing_enabled":true,"_links":{"self":[{"href":"https:\/\/dypall.com\/de\/wp-json\/wp\/v2\/posts\/2086","targetHints":{"allow":["GET"]}}],"collection":[{"href":"https:\/\/dypall.com\/de\/wp-json\/wp\/v2\/posts"}],"about":[{"href":"https:\/\/dypall.com\/de\/wp-json\/wp\/v2\/types\/post"}],"author":[{"embeddable":true,"href":"https:\/\/dypall.com\/de\/wp-json\/wp\/v2\/users\/1"}],"replies":[{"embeddable":true,"href":"https:\/\/dypall.com\/de\/wp-json\/wp\/v2\/comments?post=2086"}],"version-history":[{"count":0,"href":"https:\/\/dypall.com\/de\/wp-json\/wp\/v2\/posts\/2086\/revisions"}],"wp:featuredmedia":[{"embeddable":true,"href":"https:\/\/dypall.com\/de\/wp-json\/"}],"wp:attachment":[{"href":"https:\/\/dypall.com\/de\/wp-json\/wp\/v2\/media?parent=2086"}],"wp:term":[{"taxonomy":"category","embeddable":true,"href":"https:\/\/dypall.com\/de\/wp-json\/wp\/v2\/categories?post=2086"},{"taxonomy":"post_tag","embeddable":true,"href":"https:\/\/dypall.com\/de\/wp-json\/wp\/v2\/tags?post=2086"}],"curies":[{"name":"wp","href":"https:\/\/api.w.org\/{rel}","templated":true}]}}