{"id":1486,"date":"2016-04-13T09:20:07","date_gmt":"2016-04-13T07:20:07","guid":{"rendered":"http:\/\/dypall.com\/?p=1486"},"modified":"2016-04-13T09:20:07","modified_gmt":"2016-04-13T07:20:07","slug":"hearyourvoices-2","status":"publish","type":"post","link":"https:\/\/dypall.com\/de\/activity\/hearyourvoices-2\/","title":{"rendered":"#Hearyourvoices: Einblicke in die Konferenz"},"content":{"rendered":"<p><em><a href=\"http:\/\/dypall.com\/de\/2016\/04\/13\/hearyourvoices-2\/armend\/#main\" rel=\"attachment wp-att-1490\"><img loading=\"lazy\" decoding=\"async\" class=\"size-medium wp-image-1490 alignleft\" src=\"http:\/\/dypall.com\/wp-content\/uploads\/2016\/11\/Armend-300x213.png\" alt=\"Armend\" width=\"300\" height=\"213\" \/><\/a>\u201eIch komme aus der Gemeinde Kumanovo (Mazedonien), Abteilung f\u00fcr Eurointegration und internationale Zusammenarbeit. Ich bin zur Konferenz gekommen <\/em><em>\u201eJugendpolitik auf lokaler und regionaler Ebene\u201c, um Erfahrungen zwischen meiner Gemeinde, der Gemeinde Portim\u00e3o und den anderen hier vertretenen lokalen Beh\u00f6rden auszutauschen, Wissen auszutauschen, Kontakte zu kn\u00fcpfen und ein Netzwerk aufzubauen.<br \/>\nMeine Erwartung ist es, unser Wissen \u00fcber verschiedene Mechanismen der Jugendbeteiligung zu erweitern.<\/em><\/p>\n<p>Jugendbeteiligung bedeutet mir sehr viel, da ich Beamter in der Gemeinde bin und an verschiedenen Projekten mit lokalen Jugendbewegungen arbeite, daher ist es gut, \u00e4hnliche Erfahrungen zu sehen und sie mit der Art und Weise zu vergleichen, wie wir sie in unserem Land umsetzen. Die vom DYPALL-Netzwerk und von dieser Konferenz gebotene Gelegenheit, die Zivilgesellschaft und Jugendorganisationen mit den Gemeinden zusammenzubringen, ist sehr wichtig, da alle Projekte dieser NRO das Programm der lokalen und regionalen Gebietsk\u00f6rperschaften integrieren und n\u00e4hren.<\/p>\n<p>Die Jugend ist die Gegenwart und die Zukunft, daher sind die Bed\u00fcrfnisse junger Menschen wirklich wichtig, und jedes Land, jede Region sollte einen strategischen Plan zur Entwicklung der Jugend und ihres Wohlergehens haben, da sie die Generation sind, die die Zukunft f\u00fchren wird.\u201c<\/p>\n<p><strong>Armend Mehmeti, Gemeinde Kumanovo, (Mazedonien)<\/strong><\/p>\n<p>&nbsp;<\/p>\n<p>Lesen Sie mehr \u00fcber die internationale Konferenz zum Thema <a href=\"https:\/\/dypall.com\/de\/activity\/international-conference-developing-our-territories-through-youth-participation-in-decision-making\/\">\u201eJugendpolitik auf lokaler und regionaler Ebene \u2013 Entwicklung unserer Gebiete durch die Beteiligung junger Menschen an Entscheidungsprozessen\u201c<\/a> Portim\u00e3o (Portugal) 12.-15. April 2016<\/p>","protected":false},"excerpt":{"rendered":"<p>\u201eIch komme aus der Gemeinde Kumanovo (Mazedonien), Abteilung f\u00fcr Eurointegration und internationale Zusammenarbeit. Ich bin hierher zur Konferenz \u201eJugendpolitik auf lokaler und regionaler Ebene\u201c gekommen, um Erfahrungen zwischen meiner Gemeinde, der Gemeinde Portim\u00e3o und den anderen hier anwesenden lokalen Beh\u00f6rden auszutauschen, Wissen auszutauschen, Kontakte zu kn\u00fcpfen und ein Netzwerk aufzubauen. Meine Erwartung ist... <a class=\"more-link\" href=\"https:\/\/dypall.com\/de\/activity\/hearyourvoices-2\/\"><span class=\"screen-reader-text\">#Hearyourvoices: Einblicke in die Konferenz<\/span> weiterlesen<\/a><\/p>","protected":false},"author":2,"featured_media":1490,"comment_status":"closed","ping_status":"open","sticky":false,"template":"","format":"standard","meta":{"_acf_changed":false,"_jetpack_memberships_contains_paid_content":false,"footnotes":""},"categories":[111,112],"tags":[113,115,121],"class_list":["post-1486","post","type-post","status-publish","format-standard","has-post-thumbnail","hentry","category-activity","category-conference","tag-conference","tag-seminar","tag-testimony","entry"],"acf":[],"yoast_head":"<!-- This site is optimized with the Yoast SEO plugin v22.8 - https:\/\/yoast.com\/wordpress\/plugins\/seo\/ -->\n<title>#hearyourvoices : glimpses of the Conference - DYPALL Network<\/title>\n<meta name=\"robots\" content=\"index, follow, max-snippet:-1, max-image-preview:large, max-video-preview:-1\" \/>\n<link rel=\"canonical\" href=\"https:\/\/dypall.com\/de\/activity\/hearyourvoices-2\/\" \/>\n<meta property=\"og:locale\" content=\"de_DE\" \/>\n<meta property=\"og:type\" content=\"article\" \/>\n<meta property=\"og:title\" content=\"#hearyourvoices : glimpses of the Conference - DYPALL Network\" \/>\n<meta property=\"og:description\" content=\"&#8220;I am from the Municipality of Kumanovo (Macedonia), Department for Euro-integration and international cooperation. I came here to the Conference \u201cYouth Policy at Local and Regional level\u201d to share experiences among my municipality, the municipality of Portim\u00e3o and the other local authorities here present, to exchange knowledge, contacts and create a network. My expectation is&hellip; #hearyourvoices : glimpses of the Conference weiterlesen\" \/>\n<meta property=\"og:url\" content=\"https:\/\/dypall.com\/de\/activity\/hearyourvoices-2\/\" \/>\n<meta property=\"og:site_name\" content=\"DYPALL Network\" \/>\n<meta property=\"article:published_time\" content=\"2016-04-13T07:20:07+00:00\" \/>\n<meta name=\"author\" content=\"dypall\" \/>\n<meta name=\"twitter:card\" content=\"summary_large_image\" \/>\n<meta name=\"twitter:label1\" content=\"Written by\" \/>\n\t<meta name=\"twitter:data1\" content=\"dypall\" \/>\n\t<meta name=\"twitter:label2\" content=\"Est. reading time\" \/>\n\t<meta name=\"twitter:data2\" content=\"1\u00a0Minute\" \/>\n<script type=\"application\/ld+json\" class=\"yoast-schema-graph\">{\"@context\":\"https:\/\/schema.org\",\"@graph\":[{\"@type\":\"WebPage\",\"@id\":\"https:\/\/dypall.com\/activity\/hearyourvoices-2\/\",\"url\":\"https:\/\/dypall.com\/activity\/hearyourvoices-2\/\",\"name\":\"#hearyourvoices : glimpses of the Conference - DYPALL Network\",\"isPartOf\":{\"@id\":\"https:\/\/dypall.com\/#website\"},\"primaryImageOfPage\":{\"@id\":\"https:\/\/dypall.com\/activity\/hearyourvoices-2\/#primaryimage\"},\"image\":{\"@id\":\"https:\/\/dypall.com\/activity\/hearyourvoices-2\/#primaryimage\"},\"thumbnailUrl\":\"\",\"datePublished\":\"2016-04-13T07:20:07+00:00\",\"dateModified\":\"2016-04-13T07:20:07+00:00\",\"author\":{\"@id\":\"https:\/\/dypall.com\/#\/schema\/person\/206350efe851997fcdedef75d118766b\"},\"breadcrumb\":{\"@id\":\"https:\/\/dypall.com\/activity\/hearyourvoices-2\/#breadcrumb\"},\"inLanguage\":\"de\",\"potentialAction\":[{\"@type\":\"ReadAction\",\"target\":[\"https:\/\/dypall.com\/activity\/hearyourvoices-2\/\"]}]},{\"@type\":\"ImageObject\",\"inLanguage\":\"de\",\"@id\":\"https:\/\/dypall.com\/activity\/hearyourvoices-2\/#primaryimage\",\"url\":\"\",\"contentUrl\":\"\"},{\"@type\":\"BreadcrumbList\",\"@id\":\"https:\/\/dypall.com\/activity\/hearyourvoices-2\/#breadcrumb\",\"itemListElement\":[{\"@type\":\"ListItem\",\"position\":1,\"name\":\"Home\",\"item\":\"https:\/\/dypall.com\/\"},{\"@type\":\"ListItem\",\"position\":2,\"name\":\"#hearyourvoices : glimpses of the Conference\"}]},{\"@type\":\"WebSite\",\"@id\":\"https:\/\/dypall.com\/#website\",\"url\":\"https:\/\/dypall.com\/\",\"name\":\"DYPALL Network\",\"description\":\"We are a European network of civil society organisations, municipalities and research institutions dedicated to improving democracy through youth participation.\",\"potentialAction\":[{\"@type\":\"SearchAction\",\"target\":{\"@type\":\"EntryPoint\",\"urlTemplate\":\"https:\/\/dypall.com\/?s={search_term_string}\"},\"query-input\":\"required name=search_term_string\"}],\"inLanguage\":\"de\"},{\"@type\":\"Person\",\"@id\":\"https:\/\/dypall.com\/#\/schema\/person\/206350efe851997fcdedef75d118766b\",\"name\":\"dypall\",\"image\":{\"@type\":\"ImageObject\",\"inLanguage\":\"de\",\"@id\":\"https:\/\/dypall.com\/#\/schema\/person\/image\/\",\"url\":\"https:\/\/secure.gravatar.com\/avatar\/14e8d3d8841cd0bdf69915120bcf9fcfac1567f1dc7035664907322ac47efe29?s=96&d=mm&r=g\",\"contentUrl\":\"https:\/\/secure.gravatar.com\/avatar\/14e8d3d8841cd0bdf69915120bcf9fcfac1567f1dc7035664907322ac47efe29?s=96&d=mm&r=g\",\"caption\":\"dypall\"},\"url\":\"https:\/\/dypall.com\/de\/author\/dypall_info\/\"}]}<\/script>\n<!-- \/ Yoast SEO plugin. -->","yoast_head_json":{"title":"#hearyourvoices : glimpses of the Conference - DYPALL Network","robots":{"index":"index","follow":"follow","max-snippet":"max-snippet:-1","max-image-preview":"max-image-preview:large","max-video-preview":"max-video-preview:-1"},"canonical":"https:\/\/dypall.com\/de\/activity\/hearyourvoices-2\/","og_locale":"de_DE","og_type":"article","og_title":"#hearyourvoices : glimpses of the Conference - DYPALL Network","og_description":"&#8220;I am from the Municipality of Kumanovo (Macedonia), Department for Euro-integration and international cooperation. I came here to the Conference \u201cYouth Policy at Local and Regional level\u201d to share experiences among my municipality, the municipality of Portim\u00e3o and the other local authorities here present, to exchange knowledge, contacts and create a network. My expectation is&hellip; #hearyourvoices : glimpses of the Conference weiterlesen","og_url":"https:\/\/dypall.com\/de\/activity\/hearyourvoices-2\/","og_site_name":"DYPALL Network","article_published_time":"2016-04-13T07:20:07+00:00","author":"dypall","twitter_card":"summary_large_image","twitter_misc":{"Written by":"dypall","Est. reading time":"1\u00a0Minute"},"schema":{"@context":"https:\/\/schema.org","@graph":[{"@type":"WebPage","@id":"https:\/\/dypall.com\/activity\/hearyourvoices-2\/","url":"https:\/\/dypall.com\/activity\/hearyourvoices-2\/","name":"#hearyourvoices : glimpses of the Conference - DYPALL Network","isPartOf":{"@id":"https:\/\/dypall.com\/#website"},"primaryImageOfPage":{"@id":"https:\/\/dypall.com\/activity\/hearyourvoices-2\/#primaryimage"},"image":{"@id":"https:\/\/dypall.com\/activity\/hearyourvoices-2\/#primaryimage"},"thumbnailUrl":"","datePublished":"2016-04-13T07:20:07+00:00","dateModified":"2016-04-13T07:20:07+00:00","author":{"@id":"https:\/\/dypall.com\/#\/schema\/person\/206350efe851997fcdedef75d118766b"},"breadcrumb":{"@id":"https:\/\/dypall.com\/activity\/hearyourvoices-2\/#breadcrumb"},"inLanguage":"de","potentialAction":[{"@type":"ReadAction","target":["https:\/\/dypall.com\/activity\/hearyourvoices-2\/"]}]},{"@type":"ImageObject","inLanguage":"de","@id":"https:\/\/dypall.com\/activity\/hearyourvoices-2\/#primaryimage","url":"","contentUrl":""},{"@type":"BreadcrumbList","@id":"https:\/\/dypall.com\/activity\/hearyourvoices-2\/#breadcrumb","itemListElement":[{"@type":"ListItem","position":1,"name":"Home","item":"https:\/\/dypall.com\/"},{"@type":"ListItem","position":2,"name":"#hearyourvoices : glimpses of the Conference"}]},{"@type":"WebSite","@id":"https:\/\/dypall.com\/#website","url":"https:\/\/dypall.com\/","name":"DYPALL Network","description":"We are a European network of civil society organisations, municipalities and research institutions dedicated to improving democracy through youth participation.","potentialAction":[{"@type":"SearchAction","target":{"@type":"EntryPoint","urlTemplate":"https:\/\/dypall.com\/?s={search_term_string}"},"query-input":"required name=search_term_string"}],"inLanguage":"de"},{"@type":"Person","@id":"https:\/\/dypall.com\/#\/schema\/person\/206350efe851997fcdedef75d118766b","name":"dypall","image":{"@type":"ImageObject","inLanguage":"de","@id":"https:\/\/dypall.com\/#\/schema\/person\/image\/","url":"https:\/\/secure.gravatar.com\/avatar\/14e8d3d8841cd0bdf69915120bcf9fcfac1567f1dc7035664907322ac47efe29?s=96&d=mm&r=g","contentUrl":"https:\/\/secure.gravatar.com\/avatar\/14e8d3d8841cd0bdf69915120bcf9fcfac1567f1dc7035664907322ac47efe29?s=96&d=mm&r=g","caption":"dypall"},"url":"https:\/\/dypall.com\/de\/author\/dypall_info\/"}]}},"jetpack_featured_media_url":"","jetpack_sharing_enabled":true,"_links":{"self":[{"href":"https:\/\/dypall.com\/de\/wp-json\/wp\/v2\/posts\/1486","targetHints":{"allow":["GET"]}}],"collection":[{"href":"https:\/\/dypall.com\/de\/wp-json\/wp\/v2\/posts"}],"about":[{"href":"https:\/\/dypall.com\/de\/wp-json\/wp\/v2\/types\/post"}],"author":[{"embeddable":true,"href":"https:\/\/dypall.com\/de\/wp-json\/wp\/v2\/users\/2"}],"replies":[{"embeddable":true,"href":"https:\/\/dypall.com\/de\/wp-json\/wp\/v2\/comments?post=1486"}],"version-history":[{"count":0,"href":"https:\/\/dypall.com\/de\/wp-json\/wp\/v2\/posts\/1486\/revisions"}],"wp:featuredmedia":[{"embeddable":true,"href":"https:\/\/dypall.com\/de\/wp-json\/"}],"wp:attachment":[{"href":"https:\/\/dypall.com\/de\/wp-json\/wp\/v2\/media?parent=1486"}],"wp:term":[{"taxonomy":"category","embeddable":true,"href":"https:\/\/dypall.com\/de\/wp-json\/wp\/v2\/categories?post=1486"},{"taxonomy":"post_tag","embeddable":true,"href":"https:\/\/dypall.com\/de\/wp-json\/wp\/v2\/tags?post=1486"}],"curies":[{"name":"wp","href":"https:\/\/api.w.org\/{rel}","templated":true}]}}